{"id":15569,"date":"2024-08-02T21:12:40","date_gmt":"2024-08-02T21:12:40","guid":{"rendered":"https:\/\/tvbrazilusa.com\/2024\/08\/02\/ultimo-minuto-ministro-afirma-que-brasil-ja-tem-aviao-pronto-para-levar-militares-a-venezuela-2\/"},"modified":"2024-08-02T21:13:53","modified_gmt":"2024-08-02T21:13:53","slug":"ultimo-minuto-ministro-afirma-que-brasil-ja-tem-aviao-pronto-para-levar-militares-a-venezuela-2","status":"publish","type":"post","link":"https:\/\/tvbrazilusa.com\/pt\/2024\/08\/02\/ultimo-minuto-ministro-afirma-que-brasil-ja-tem-aviao-pronto-para-levar-militares-a-venezuela-2\/","title":{"rendered":"\u00daLTIMO MINUTO: ministro afirma que Brasil j\u00e1 tem avi\u00e3o pronto para levar militares \u00e0 Venezuela"},"content":{"rendered":"<p> <script async src=\"https:\/\/pagead2.googlesyndication.com\/pagead\/js\/adsbygoogle.js?client=ca-pub-8864793242727901\"\r\n     crossorigin=\"anonymous\"><\/script><br \/>\n<\/p>\n<div>\n<p>Em uma entrevista ao programa <strong>Os Tr\u00eas Poderes<\/strong>, da revista Veja, o ministro da Defesa, <strong>Jos\u00e9 M\u00facio<\/strong>, declarou nesta sexta-feira (02) que as For\u00e7as Armadas do Brasil est\u00e3o preparadas para enviar um avi\u00e3o para Caracas, capital da Venezuela. A iniciativa visa proteger a embaixada brasileira diante do aumento da viol\u00eancia no pa\u00eds vizinho, especialmente ap\u00f3s a controversa vit\u00f3ria do ditador socialista <strong>Nicol\u00e1s Maduro<\/strong> nas elei\u00e7\u00f5es.<\/p>\n<p>O <strong>chanceler brasileiro Mauro Vieira<\/strong> e o ministro da Defesa discutiram ontem (1\u00ba) o cen\u00e1rio de crise na Venezuela sob a ditadura de Maduro. Esta situa\u00e7\u00e3o tem gerado uma s\u00e9rie de preocupa\u00e7\u00f5es devido \u00e0 seguran\u00e7a dos cidad\u00e3os brasileiros e diplomatas na regi\u00e3o.<\/p>\n<figure class=\"wp-block-image size-full\"><picture decoding=\"async\" class=\"wp-image-166584\"><source type=\"image\/webp\" srcset=\"https:\/\/terrabrasilnoticias.com\/wp-content\/uploads\/2024\/08\/image-40.png.webp 900w, https:\/\/terrabrasilnoticias.com\/wp-content\/uploads\/2024\/08\/image-40-300x200.png.webp 300w, https:\/\/terrabrasilnoticias.com\/wp-content\/uploads\/2024\/08\/image-40-768x512.png.webp 768w, https:\/\/terrabrasilnoticias.com\/wp-content\/uploads\/2024\/08\/image-40-750x500.png.webp 750w\" sizes=\"(max-width: 900px) 100vw, 900px\"\/><\/picture><figcaption class=\"wp-element-caption\">O chanceler Mauro Vieira e o ministro da Defesa, Jos\u00e9 M\u00facio, em foto de outubro do ano passado\u00a0(Gustavo Magalh\u00e3es\/MRE\/Divulga\u00e7\u00e3o)<\/figcaption><\/figure>\n<h2 class=\"wp-block-heading\">For\u00e7as Armadas do Brasil est\u00e3o Preparadas para Agir<\/h2>\n<p>Segundo Jos\u00e9 M\u00facio, o Brasil j\u00e1 est\u00e1 com pessoal e avi\u00f5es prontos para proteger a embaixada brasileira em Caracas. Ele destacou que est\u00e1 tudo preparado para garantir a seguran\u00e7a dos diplomatas e da pr\u00f3pria embaixada diante da viol\u00eancia exacerbada na Venezuela.<\/p>\n<h2 class=\"wp-block-heading\">Quais Medidas Est\u00e3o Sendo Tomadas?<\/h2>\n<p>Durante a entrevista, M\u00facio explicou que a prepara\u00e7\u00e3o das For\u00e7as Armadas abrange:<\/p>\n<ul class=\"wp-block-list\">\n<li>Disponibiliza\u00e7\u00e3o de pessoal capacitado para a miss\u00e3o.<\/li>\n<li>Prontid\u00e3o de avi\u00f5es militares para o deslocamento imediato.<\/li>\n<li>Estrat\u00e9gias para proteger a chancelaria e a seguran\u00e7a pessoal da embaixadora brasileira.<\/li>\n<li>Possibilidade de estender a prote\u00e7\u00e3o \u00e0s embaixadas da Argentina e do Peru.<\/li>\n<\/ul>\n<p>O ministro tamb\u00e9m mencionou que, apesar de todos os preparativos, ainda n\u00e3o houve uma sinaliza\u00e7\u00e3o definitiva para a partida da miss\u00e3o. Isso implica em uma espera pela autoriza\u00e7\u00e3o final para embarcar o pessoal necess\u00e1rio.<\/p>\n<h2 class=\"wp-block-heading\">A Crise na Venezuela Afeta a Diplomacia Brasileira?<\/h2>\n<p>Sim, a crise na Venezuela tem impacto significativo na diplomacia brasileira. Com a vit\u00f3ria de Nicol\u00e1s Maduro nas elei\u00e7\u00f5es, a situa\u00e7\u00e3o pol\u00edtica e social no pa\u00eds vizinho se tornou ainda mais inst\u00e1vel, elevando os riscos de viol\u00eancia e inseguran\u00e7a para representantes internacionais.<\/p>\n<p>Para entender melhor a complexidade da crise venezuelana, \u00e9 essencial observar os seguintes pontos:<\/p>\n<ol class=\"wp-block-list\">\n<li>A situa\u00e7\u00e3o pol\u00edtica conturbada e a falta de reconhecimento internacional da vit\u00f3ria de Maduro.<\/li>\n<li>O aumento da viol\u00eancia e das manifesta\u00e7\u00f5es populares contr\u00e1rias ao governo vigente.<\/li>\n<li>A necessidade de prote\u00e7\u00e3o \u00e0s embaixadas estrangeiras, incluindo a brasileira.<\/li>\n<\/ol><\/div>\n<p><br \/>\n<br \/><a href=\"https:\/\/terrabrasilnoticias.com\/2024\/08\/ultimo-minuto-ministro-afirma-que-brasil-ja-tem-aviao-pronto-para-levar-militares-a-venezuela\/\">Source link <\/a><\/p>","protected":false},"excerpt":{"rendered":"<p>Em uma entrevista ao programa Os Tr\u00eas Poderes, da revista Veja, o ministro da Defesa, Jos\u00e9 M\u00facio, declarou nesta sexta-feira (02) que as For\u00e7as Armadas do Brasil est\u00e3o preparadas para&hellip;<\/p>","protected":false},"author":1,"featured_media":15570,"comment_status":"closed","ping_status":"open","sticky":false,"template":"","format":"standard","meta":{"content-type":"","footnotes":""},"categories":[16],"tags":[],"class_list":["post-15569","post","type-post","status-publish","format-standard","has-post-thumbnail","hentry","category-noticias"],"_links":{"self":[{"href":"https:\/\/tvbrazilusa.com\/pt\/wp-json\/wp\/v2\/posts\/15569","targetHints":{"allow":["GET"]}}],"collection":[{"href":"https:\/\/tvbrazilusa.com\/pt\/wp-json\/wp\/v2\/posts"}],"about":[{"href":"https:\/\/tvbrazilusa.com\/pt\/wp-json\/wp\/v2\/types\/post"}],"author":[{"embeddable":true,"href":"https:\/\/tvbrazilusa.com\/pt\/wp-json\/wp\/v2\/users\/1"}],"replies":[{"embeddable":true,"href":"https:\/\/tvbrazilusa.com\/pt\/wp-json\/wp\/v2\/comments?post=15569"}],"version-history":[{"count":1,"href":"https:\/\/tvbrazilusa.com\/pt\/wp-json\/wp\/v2\/posts\/15569\/revisions"}],"predecessor-version":[{"id":15572,"href":"https:\/\/tvbrazilusa.com\/pt\/wp-json\/wp\/v2\/posts\/15569\/revisions\/15572"}],"wp:featuredmedia":[{"embeddable":true,"href":"https:\/\/tvbrazilusa.com\/pt\/wp-json\/wp\/v2\/media\/15570"}],"wp:attachment":[{"href":"https:\/\/tvbrazilusa.com\/pt\/wp-json\/wp\/v2\/media?parent=15569"}],"wp:term":[{"taxonomy":"category","embeddable":true,"href":"https:\/\/tvbrazilusa.com\/pt\/wp-json\/wp\/v2\/categories?post=15569"},{"taxonomy":"post_tag","embeddable":true,"href":"https:\/\/tvbrazilusa.com\/pt\/wp-json\/wp\/v2\/tags?post=15569"}],"curies":[{"name":"wp","href":"https:\/\/api.w.org\/{rel}","templated":true}]}}