{"id":15579,"date":"2024-08-02T21:19:52","date_gmt":"2024-08-02T21:19:52","guid":{"rendered":"https:\/\/tvbrazilusa.com\/2024\/08\/02\/demario-douglas-retorna-aos-treinos-da-equipe-patriots-com-um-floreio-tirando-pedacos-da-defesa\/"},"modified":"2024-08-02T21:21:35","modified_gmt":"2024-08-02T21:21:35","slug":"demario-douglas-retorna-aos-treinos-da-equipe-patriots-com-um-floreio-tirando-pedacos-da-defesa","status":"publish","type":"post","link":"https:\/\/tvbrazilusa.com\/pt\/2024\/08\/02\/demario-douglas-retorna-aos-treinos-da-equipe-patriots-com-um-floreio-tirando-pedacos-da-defesa\/","title":{"rendered":"Demario Douglas retorna aos treinos da equipe Patriots com um floreio, tirando &#39;peda\u00e7os&#39; da defesa"},"content":{"rendered":"<p> <script async src=\"https:\/\/pagead2.googlesyndication.com\/pagead\/js\/adsbygoogle.js?client=ca-pub-8864793242727901\"\r\n     crossorigin=\"anonymous\"><\/script><br \/>\n<\/p>\n<div id=\"\">\n<header class=\"m-article-header m-article-header--standard\">\n\t\t\t\t\t\t\t\t\t\t\t\t<span id=\"article-header-primary-term\"><br \/>\n\t\t\t\t\t\t\t\t<a class=\"a-term a-term--primary\" href=\"https:\/\/www.boston.com\/tag\/new-england-patriots\/\"><\/p>\n<p>\t\t\t\t\t\t\t\tPatriotas\t\t\t\t\t\t\t\t<\/a><br \/>\n\t\t\t\t\t\t\t<\/span><\/p>\n<h2 class=\"m-article-header__sub-headline\">O veloz recebedor do segundo ano ainda usa uma camisa vermelha sem contato, mas sua presen\u00e7a mudou o jogo.<\/h2>\n<figure class=\"a-photo m-article-header__photo\"><figcaption class=\"a-photo__caption\">\n<p>\tDemario Douglas<em> Foto AP\/Steven Senne<\/em>\t<\/figcaption><\/figure>\n<\/header>\n<div class=\"m-block t-amp__list-container m-article-list-container  m-article-list-container--frame-border a-border-frame  a-list-header__headline--red m-article-list--alternative--default  m-article-list--floated\">\n<ul class=\"t-amp__list a-list--no-style m-article-list m-article-list--recirculation m-article-list--has-images\">\n<li class=\"m-article-list__item m-article-list__item--featured\">\n\t\t\t\t<a class=\"m-article-list__link-wrapper\" href=\"https:\/\/www.boston.com\/sports\/boston-globe-today\/2024\/08\/02\/watch-matthew-judons-future-as-a-patriot\/\" data-p1=\"article_recirc_inline_feature\"><br \/>\n\t\t\t\t<img fetchpriority=\"high\" decoding=\"async\" width=\"768\" height=\"432\" src=\"https:\/\/bdc2020.o0bc.com\/wp-content\/uploads\/2024\/08\/t_876c02e69deb447e87436f524fff7dc5_name_file_1920x1080_5400_v4_-66ad4350745ac-768x432.jpg\" class=\"t-amp__list-image m-article-list__image m-article-list__image--full\" alt=\"\" aria-hidden=\"true\" srcset=\"https:\/\/bdc2020.o0bc.com\/wp-content\/uploads\/2024\/08\/t_876c02e69deb447e87436f524fff7dc5_name_file_1920x1080_5400_v4_-66ad4350745ac-768x432.jpg?width=200 200w, https:\/\/bdc2020.o0bc.com\/wp-content\/uploads\/2024\/08\/t_876c02e69deb447e87436f524fff7dc5_name_file_1920x1080_5400_v4_-66ad4350745ac-768x432.jpg?width=300 300w, https:\/\/bdc2020.o0bc.com\/wp-content\/uploads\/2024\/08\/t_876c02e69deb447e87436f524fff7dc5_name_file_1920x1080_5400_v4_-66ad4350745ac-768x432.jpg?width=400 400w, https:\/\/bdc2020.o0bc.com\/wp-content\/uploads\/2024\/08\/t_876c02e69deb447e87436f524fff7dc5_name_file_1920x1080_5400_v4_-66ad4350745ac-768x432.jpg?width=500 500w, https:\/\/bdc2020.o0bc.com\/wp-content\/uploads\/2024\/08\/t_876c02e69deb447e87436f524fff7dc5_name_file_1920x1080_5400_v4_-66ad4350745ac-768x432.jpg?width=600 600w, https:\/\/bdc2020.o0bc.com\/wp-content\/uploads\/2024\/08\/t_876c02e69deb447e87436f524fff7dc5_name_file_1920x1080_5400_v4_-66ad4350745ac-768x432.jpg?width=700 700w, https:\/\/bdc2020.o0bc.com\/wp-content\/uploads\/2024\/08\/t_876c02e69deb447e87436f524fff7dc5_name_file_1920x1080_5400_v4_-66ad4350745ac-768x432.jpg?width=800 800w, https:\/\/bdc2020.o0bc.com\/wp-content\/uploads\/2024\/08\/t_876c02e69deb447e87436f524fff7dc5_name_file_1920x1080_5400_v4_-66ad4350745ac-768x432.jpg?width=900 900w\" sizes=\"(max-width: 768px) 100vw, 768px\"\/>\t\t\t\t\t<\/p>\n<p><h4 class=\"m-article-list__headline t-amp__list-headline\">\n\t\t\t\t\t\t\t<span class=\"m-article-list__link a-link a-link--inline a-link--text-link a-link--text-link-dark\"><\/p>\n<p>\t\t\t\t\t\t\tAssista: O futuro de Matthew Judon como Patriota\t\t\t\t\t\t\t<\/span><br \/>\n\t\t\t\t\t\t<\/h4>\n<\/p>\n<p>\t\t\t\t<\/a>\n\t\t\t<\/li>\n<li class=\"m-article-list__item\">\n\t\t\t\t\t\t<a class=\"m-article-list__link-wrapper\" href=\"https:\/\/www.boston.com\/sports\/new-england-patriots\/2024\/08\/02\/jacoby-brissett-patriots-offense-training-camp-comments\/\" data-p1=\"article_recirc_inline_feed\"><\/p>\n<p><h4 class=\"m-article-list__headline\">\n\t\t\t\t\t\t\t\t\t<span class=\"m-article-list__link a-link a-link--inline a-link--text-link a-link--text-link-dark\"><\/p>\n<p>\t\t\t\t\t\t\t\t\tJacoby Brissett lidera um dia promissor para o ataque dos Patriots e outras li\u00e7\u00f5es do acampamento dos Patriots do Dia 8\t\t\t\t\t\t\t\t\t<\/span><br \/>\n\t\t\t\t\t\t\t\t<\/h4>\n<\/p>\n<p>\t\t\t\t\t\t<\/a>\n\t\t\t\t\t<\/li>\n<\/ul>\n<\/div>\n<p>A camisa vermelha sem contato de Demario Douglas n\u00e3o foi a \u00fanica raz\u00e3o pela qual ele se destacou na sexta-feira. <\/p>\n<p><a href=\"https:\/\/www.pro-football-reference.com\/players\/D\/DougDe00.htm\">O receptor do segundo ano <\/a>mostrou sua velocidade, fazendo uma variedade de recep\u00e7\u00f5es que impulsionaram o ataque dos Patriots. <\/p>\n<p>De sa\u00eddas curtas a rotas de costura, Douglas estava fazendo jogadas na sexta-feira. Ele encerrou o treino com um touchdown para coroar um drive de 11 jogadas em um exerc\u00edcio de dois minutos liderado por<a href=\"https:\/\/www.boston.com\/sports\/new-england-patriots\/2024\/08\/02\/jacoby-brissett-patriots-offense-training-camp-comments\/?p1=hp_featurestack\"> Jacoby Brissett \u00e9 um escritor e escritor. <\/a><\/p>\n<p>Brissett disse que est\u00e1 gostando de ter Douglas de volta depois que uma les\u00e3o na m\u00e3o limitou sua participa\u00e7\u00e3o no in\u00edcio do acampamento. <\/p>\n<p>\u201cTem sido \u00f3timo. Honestamente, tenho que aprender a lan\u00e7ar para um cara mais baixo um pouco mais, mas sua explos\u00e3o, o que ele pode fazer para esticar o campo \u00e9 uma arma para n\u00f3s e estamos construindo essa qu\u00edmica.\u201d <\/p>\n<p>\u201cEle \u00e9 um cara que ama futebol. D\u00e1 para perceber. Ele salta da fita, sem trocadilhos. \u00c9 muito divertido t\u00ea-lo no grupo. A energia dele \u00e9 contagiante.\u201d<\/p>\n<p>Douglas disse no in\u00edcio da semana que o problema da m\u00e3o n\u00e3o \u00e9 nada particularmente s\u00e9rio. <a href=\"https:\/\/www.bostonglobe.com\/sports\/football\/patriots\/?p1=SectionFront_Subhead\">Patriotas <\/a>permitiu que ele participasse de treinos na sexta-feira com a condi\u00e7\u00e3o de que ele n\u00e3o poderia ser atingido ainda. <\/p>\n<p>Mas sua presen\u00e7a por si s\u00f3 foi decisiva para o ataque, que o utilizou em movimento e se beneficiou de sua rapidez. <\/p>\n<p>\u201cEsse \u00e9 apenas um cara que voc\u00ea tem que saber onde ele est\u00e1 no campo\u201d, disse o safety Jabrill Peppers. \u201cExcelente velocidade, excelente mudan\u00e7a de dire\u00e7\u00e3o. Eles podem fazer muito mais quando ele est\u00e1 no campo. Esse \u00e9 apenas outro cara com quem voc\u00ea tem que se preocupar.\u201d<\/p>\n<p>\u201c\u00c9 dif\u00edcil cobri-lo 1 contra 1\u201d, Peppers acrescentou. \u201cGrande consci\u00eancia espacial, \u00f3tima consci\u00eancia de zona. Ele faz um \u00f3timo trabalho atacando a alavancagem, se afastando da alavancagem. Ent\u00e3o, ele nos torna melhores e torna o ataque melhor, com certeza.\u201d<\/p>\n<p>No total, Douglas conseguiu cinco recep\u00e7\u00f5es, incluindo algumas que podem ser consideradas jogadas decisivas. <\/p>\n<p>\u201cEle definitivamente tirou alguns peda\u00e7os da defesa hoje\u201d, disse Brissett. \u201cTudo vai depender de como os jogos v\u00e3o e da defesa e coisas assim. Ele tem essa habilidade de esticar o campo e estamos tentando tirar tudo o que podemos de cada jogador.\u201d <\/p>\n<div class=\"m-block m-generic-cta\t m-generic-cta--post-content\t m-generic-cta--dark\t m-generic-cta--homepage\t m-generic-cta--email-signup\t\t m-generic-cta-block-style--default \tt-amp__generic-cta\"><\/p>\n<div class=\"m-generic-cta__wrap\">\n<div class=\"m-generic-cta__content\">\n<h3 class=\"m-generic-cta__title\">Inscreva-se para receber atualiza\u00e7\u00f5es dos Patriots\ud83c\udfc8<\/h3>\n<p class=\"m-generic-cta__subtitle\">Receba not\u00edcias de \u00faltima hora e an\u00e1lises na sua caixa de entrada durante a temporada de futebol.<\/p>\n<\/p><\/div>\n<\/p><\/div>\n<\/div><\/div>\n<p><script>\n\t\tvar consent=\"grant\";\n\t\t\/* The above code is parsing the JSON data from the local storage and storing it in a variable. *\/\n\t\t\t\t\tconst onetrustStorageConsent = JSON.parse(localStorage.getItem( 'consent_one_trust_bdc' ) );\n\t\t\tif ( ( onetrustStorageConsent !== null ) ) {\n\t\t\t\t\/* Checking to see if the user has consented to the use of cookies.\n\t\t\t\t* If they have not, it is deleting the cookie.\n\t\t\t\t* This will comment for now, until further notice.\n\t\t\t\t*\/\n\t\t\t\t\/\/if ( onetrustStorageConsent.C0002 === false ) {\n\t\t\t\t\/\/\tdocument.cookie=\"_fbp=;expires=Thu, 01 Jan 2010 00:00:00 UTC; path=\/; domain=.boston.com\";\n\t\t\t\t\/\/}\n\t\t\t\t\/* Checking if the user has given consent for the cookie C0002.\n\t\t\t\t* If the user has given consent, the variable consent will be set to 'grant'.\n\t\t\t\t* If the user has not given consent,the variable consent will be set to 'revoke'.\n\t\t\t\t* Documentation https:\/\/developers.facebook.com\/docs\/meta-pixel\/implementation\/gdpr\n\t\t\t\t*\/\n\t\t\t\tif ( onetrustStorageConsent.C0002 !== true ) {\n\t\t\t\t\tconsent=\"revoke\";\n\t\t\t\t}\n\t\t\t}\n\t\t\t\t!function(f,b,e,v,n,t,s)\n\t\t{if(f.fbq)return;n=f.fbq=function(){n.callMethod?\n\t\tn.callMethod.apply(n,arguments):n.queue.push(arguments)};\n\t\tif(!f._fbq)f._fbq=n;n.push=n;n.loaded=!0;n.version='2.0';\n\t\tn.queue=[];t=b.createElement(e);t.async=!0;\n\t\tt.src=v;s=b.getElementsByTagName(e)[0];\n\t\ts.parentNode.insertBefore(t,s)}(window, document,'script',\n\t\t'https:\/\/connect.facebook.net\/en_US\/fbevents.js');\n\t\tfbq('consent', consent);\n\t\tfbq('init', '989222871864976');\n\t\tfbq('track', 'PageView');\n\t<\/script><script type=\"module\">\n\t\tvar consent=\"grant\";\n\t\t\/* The above code is parsing the JSON data from the local storage and storing it in a variable. *\/\n\t\t\tconst onetrustStorageConsent = JSON.parse(localStorage.getItem( 'consent_one_trust_bdc' ) );\n\t\t\t\/* Checking to see if the user has consented to the use of cookies.\n\t\t\t* If they have not, it is deleting the cookie.\n\t\t\t* This will comment for now, until further notice.\n\t\t\t*\/\n\t\t\t\/\/if ( onetrustStorageConsent.C0002 === false ) {\n\t\t\t\/\/\tdocument.cookie=\"_fbp=;expires=Thu, 01 Jan 2010 00:00:00 UTC; path=\/; domain=.boston.com\";\n\t\t\t\/\/}\n\t\t\t\/* Checking if the user has given consent for the cookie C0002.\n\t\t\t* If the user has given consent, the variable consent will be set to 'grant'.\n\t\t\t* If the user has not given consent,the variable consent will be set to 'revoke'.\n\t\t\t* Documentation https:\/\/developers.facebook.com\/docs\/meta-pixel\/implementation\/gdpr\n\t\t\t*\/\n\t\t\tif ( ( onetrustStorageConsent !== null ) && (onetrustStorageConsent.C0002 !== true ) ) {\n\t\t\t\tconsent=\"revoke\";\n\t\t\t}\n\t\t\t\t!function(f,b,e,v,n,t,s){if(f.fbq)return;n=f.fbq=function()\n\t\t{n.callMethod? n.callMethod.apply(n,arguments):n.queue.push(arguments)}\n\t\t;if(!f._fbq)f._fbq=n;\n\t\tn.push=n;n.loaded=!0;n.version='2.0';n.queue=[];t=b.createElement(e);t.async=!0;\n\t\tt.src=v;s=b.getElementsByTagName(e)[0];s.parentNode.insertBefore(t,s)}(window,\n\t\tdocument,'script','https:\/\/connect.facebook.net\/en_US\/fbevents.js');\n\t\tfbq('consent', consent);\n\t\tfbq('init', '813236348753005');\n\t\tfbq('track', \"PageView\");\n\t<\/script><br \/>\n<br \/><br \/>\n<br \/><a href=\"https:\/\/www.boston.com\/sports\/new-england-patriots\/2024\/08\/02\/demario-douglas-patriots-training-camp\/\">Source link <\/a><\/p>","protected":false},"excerpt":{"rendered":"<p>Patriotas O veloz recebedor do segundo ano ainda usa uma camisa vermelha sem contato, mas sua presen\u00e7a mudou o jogo. Demario Douglas Foto AP\/Steven Senne Assista: O futuro de Matthew&hellip;<\/p>","protected":false},"author":1,"featured_media":15580,"comment_status":"closed","ping_status":"open","sticky":false,"template":"","format":"standard","meta":{"content-type":"","footnotes":""},"categories":[1],"tags":[],"class_list":["post-15579","post","type-post","status-publish","format-standard","has-post-thumbnail","hentry","category-uncategorized"],"_links":{"self":[{"href":"https:\/\/tvbrazilusa.com\/pt\/wp-json\/wp\/v2\/posts\/15579","targetHints":{"allow":["GET"]}}],"collection":[{"href":"https:\/\/tvbrazilusa.com\/pt\/wp-json\/wp\/v2\/posts"}],"about":[{"href":"https:\/\/tvbrazilusa.com\/pt\/wp-json\/wp\/v2\/types\/post"}],"author":[{"embeddable":true,"href":"https:\/\/tvbrazilusa.com\/pt\/wp-json\/wp\/v2\/users\/1"}],"replies":[{"embeddable":true,"href":"https:\/\/tvbrazilusa.com\/pt\/wp-json\/wp\/v2\/comments?post=15579"}],"version-history":[{"count":1,"href":"https:\/\/tvbrazilusa.com\/pt\/wp-json\/wp\/v2\/posts\/15579\/revisions"}],"predecessor-version":[{"id":15581,"href":"https:\/\/tvbrazilusa.com\/pt\/wp-json\/wp\/v2\/posts\/15579\/revisions\/15581"}],"wp:featuredmedia":[{"embeddable":true,"href":"https:\/\/tvbrazilusa.com\/pt\/wp-json\/wp\/v2\/media\/15580"}],"wp:attachment":[{"href":"https:\/\/tvbrazilusa.com\/pt\/wp-json\/wp\/v2\/media?parent=15579"}],"wp:term":[{"taxonomy":"category","embeddable":true,"href":"https:\/\/tvbrazilusa.com\/pt\/wp-json\/wp\/v2\/categories?post=15579"},{"taxonomy":"post_tag","embeddable":true,"href":"https:\/\/tvbrazilusa.com\/pt\/wp-json\/wp\/v2\/tags?post=15579"}],"curies":[{"name":"wp","href":"https:\/\/api.w.org\/{rel}","templated":true}]}}