{"id":15612,"date":"2024-08-02T21:57:43","date_gmt":"2024-08-02T21:57:43","guid":{"rendered":"https:\/\/tvbrazilusa.com\/2024\/08\/02\/davi-brito-se-pronuncia-apos-acusacao-de-ameaca-a-tamires-com-arma-de-fogo\/"},"modified":"2024-08-02T21:58:14","modified_gmt":"2024-08-02T21:58:14","slug":"davi-brito-se-pronuncia-apos-acusacao-de-ameaca-a-tamires-com-arma-de-fogo","status":"publish","type":"post","link":"https:\/\/tvbrazilusa.com\/pt\/2024\/08\/02\/davi-brito-se-pronuncia-apos-acusacao-de-ameaca-a-tamires-com-arma-de-fogo\/","title":{"rendered":"Davi Brito se pronuncia ap\u00f3s acusa\u00e7\u00e3o de amea\u00e7a a Tamires com arma de fogo"},"content":{"rendered":"<p> <script async src=\"https:\/\/pagead2.googlesyndication.com\/pagead\/js\/adsbygoogle.js?client=ca-pub-8864793242727901\"\r\n     crossorigin=\"anonymous\"><\/script><br \/>\n<\/p>\n<div>\n<p>Davi Brito, campe\u00e3o do BBB 24, utilizou seu perfil no Instagram para desabafar sobre as acusa\u00e7\u00f5es de que teria amea\u00e7ado Tamires Brito, sua recente affair, com uma arma de fogo. A equipe jur\u00eddica do ex-BBB publicou uma nota negando a situa\u00e7\u00e3o, e Davi tamb\u00e9m comentou o caso em seus Stories.<\/p>\n<p>\u201cOnde isso vai parar. Fico observando as acusa\u00e7\u00f5es, as cr\u00edticas, tudo que ficam falando sobre minha pessoa. Eu fui fazer um curso de tiro e j\u00e1 est\u00e3o dizendo que eu amea\u00e7ei pessoas com uma arma de fogo. Levantar uma acusa\u00e7\u00e3o dessas contra minha pessoa n\u00e3o existe\u201d, escreveu Davi.<\/p>\n<figure class=\"wp-block-image size-full\"><picture decoding=\"async\" class=\"wp-image-166606\"><source type=\"image\/webp\" srcset=\"https:\/\/terrabrasilnoticias.com\/wp-content\/uploads\/2024\/08\/image-43.png.webp 482w, https:\/\/terrabrasilnoticias.com\/wp-content\/uploads\/2024\/08\/image-43-175x300.png.webp 175w\" sizes=\"(max-width: 482px) 100vw, 482px\"\/><\/picture><figcaption class=\"wp-element-caption\">Reprodu\u00e7\u00e3o\/Instagram<\/figcaption><\/figure>\n<h2 class=\"wp-block-heading\">Desabafo de Davi Brito nas Redes Sociais<\/h2>\n<p>Davi Brito destacou que mant\u00e9m respeito e amizade com Tamires Brito e se queixou de persegui\u00e7\u00e3o online. Segundo ele, a internet est\u00e1 se tornando um ambiente cada vez mais hostil. \u201cA internet est\u00e1 ficando cada vez pior. Que persegui\u00e7\u00e3o contra minha pessoa. N\u00e3o posso fazer nada, isso est\u00e1 ultrapassando os limites. S\u00f3 pe\u00e7o que voc\u00eas entendam que eu sou um ser humano\u201d, desabafou.<\/p>\n<p>Por fim, Davi afirmou que vai tomar medidas legais diante das acusa\u00e7\u00f5es e completou: \u201cAgora fica muito n\u00edtido que isso \u00e9 para me derrubar, mas n\u00e3o vai n\u00e3o. Deus est\u00e1 comigo.\u201d<\/p>\n<h2 class=\"wp-block-heading\">Influenciador nega medida protetiva de Tamires Assis?<\/h2>\n<p>Outra quest\u00e3o levantada recentemente foi a not\u00edcia de que Tamires Brito teria solicitado uma medida protetiva contra Davi. Esta informa\u00e7\u00e3o foi desmentida pela equipe jur\u00eddica do ex-BBB, que classificou as reportagens como falsas.<\/p>\n<p>\u201cEm nome de Davi Brito, atrav\u00e9s de sua assessoria jur\u00eddica, gostar\u00edamos de esclarecer a todos sobre a recente not\u00edcia falsa que tem circulado envolvendo o seu nome. Esta informa\u00e7\u00e3o \u00e9 totalmente infundada e carece de qualquer base factual\u201d, afirmava a nota oficial.<\/p>\n<h2 class=\"wp-block-heading\">Impacto das Acusa\u00e7\u00f5es na Vida de Davi Brito<\/h2>\n<p>Davi Brito relatou que as acusa\u00e7\u00f5es est\u00e3o afetando sua imagem e causando perturba\u00e7\u00f5es em sua vida pessoal. Segundo ele, qualquer nova informa\u00e7\u00e3o a respeito ser\u00e1 comunicada por meio dos seus canais oficiais. A equipe jur\u00eddica do ex-BBB tamb\u00e9m destacou que est\u00e3o tomando medidas legais para responsabilizar os autores das difama\u00e7\u00f5es.<\/p>\n<p>\u201cEstamos tomando todas as medidas legais cab\u00edveis para identificar e responsabilizar os respons\u00e1veis por esta difama\u00e7\u00e3o. Davi Brito reafirma seu compromisso com a verdade e a transpar\u00eancia, e lamenta profundamente que informa\u00e7\u00f5es equivocadas estejam sendo divulgadas, causando confus\u00e3o e poss\u00edveis danos \u00e0 sua reputa\u00e7\u00e3o\u201d, concluiu o comunicado.<\/p>\n<\/p><\/div>\n<p><br \/>\n<br \/><a href=\"https:\/\/terrabrasilnoticias.com\/2024\/08\/davi-brito-se-pronuncia-apos-acusacao-de-ameaca-a-tamires-com-arma-de-fogo\/\">Source link <\/a><\/p>","protected":false},"excerpt":{"rendered":"<p>Davi Brito, campe\u00e3o do BBB 24, utilizou seu perfil no Instagram para desabafar sobre as acusa\u00e7\u00f5es de que teria amea\u00e7ado Tamires Brito, sua recente affair, com uma arma de fogo.&hellip;<\/p>","protected":false},"author":1,"featured_media":15613,"comment_status":"closed","ping_status":"open","sticky":false,"template":"","format":"standard","meta":{"content-type":"","footnotes":""},"categories":[16],"tags":[],"class_list":["post-15612","post","type-post","status-publish","format-standard","has-post-thumbnail","hentry","category-noticias"],"_links":{"self":[{"href":"https:\/\/tvbrazilusa.com\/pt\/wp-json\/wp\/v2\/posts\/15612","targetHints":{"allow":["GET"]}}],"collection":[{"href":"https:\/\/tvbrazilusa.com\/pt\/wp-json\/wp\/v2\/posts"}],"about":[{"href":"https:\/\/tvbrazilusa.com\/pt\/wp-json\/wp\/v2\/types\/post"}],"author":[{"embeddable":true,"href":"https:\/\/tvbrazilusa.com\/pt\/wp-json\/wp\/v2\/users\/1"}],"replies":[{"embeddable":true,"href":"https:\/\/tvbrazilusa.com\/pt\/wp-json\/wp\/v2\/comments?post=15612"}],"version-history":[{"count":1,"href":"https:\/\/tvbrazilusa.com\/pt\/wp-json\/wp\/v2\/posts\/15612\/revisions"}],"predecessor-version":[{"id":15614,"href":"https:\/\/tvbrazilusa.com\/pt\/wp-json\/wp\/v2\/posts\/15612\/revisions\/15614"}],"wp:featuredmedia":[{"embeddable":true,"href":"https:\/\/tvbrazilusa.com\/pt\/wp-json\/wp\/v2\/media\/15613"}],"wp:attachment":[{"href":"https:\/\/tvbrazilusa.com\/pt\/wp-json\/wp\/v2\/media?parent=15612"}],"wp:term":[{"taxonomy":"category","embeddable":true,"href":"https:\/\/tvbrazilusa.com\/pt\/wp-json\/wp\/v2\/categories?post=15612"},{"taxonomy":"post_tag","embeddable":true,"href":"https:\/\/tvbrazilusa.com\/pt\/wp-json\/wp\/v2\/tags?post=15612"}],"curies":[{"name":"wp","href":"https:\/\/api.w.org\/{rel}","templated":true}]}}