{"id":15701,"date":"2024-08-02T23:49:33","date_gmt":"2024-08-02T23:49:33","guid":{"rendered":"https:\/\/tvbrazilusa.com\/2024\/08\/02\/uso-de-vestiario-de-academia-por-mulher-transgenero-gera-protestos-e-investigacoes-no-missouri\/"},"modified":"2024-08-03T00:02:31","modified_gmt":"2024-08-03T00:02:31","slug":"uso-de-vestiario-de-academia-por-mulher-transgenero-gera-protestos-e-investigacoes-no-missouri","status":"publish","type":"post","link":"https:\/\/tvbrazilusa.com\/pt\/2024\/08\/02\/uso-de-vestiario-de-academia-por-mulher-transgenero-gera-protestos-e-investigacoes-no-missouri\/","title":{"rendered":"Uso de vesti\u00e1rio de academia por mulher transg\u00eanero gera protestos e investiga\u00e7\u00f5es no Missouri"},"content":{"rendered":"<script async src=\"https:\/\/pagead2.googlesyndication.com\/pagead\/js\/adsbygoogle.js?client=ca-pub-8864793242727901\"\r\n     crossorigin=\"anonymous\"><\/script>\n<div id=\"\">\n<p class=\"dist__Box-sc-1fnzlkn-0 dist__TextBase-sc-1fnzlkn-3 CGHCP htMUPQ article-text\"><strong>COL\u00d4MBIA, Missouri.<\/strong> \u2013 O uso do vesti\u00e1rio feminino de uma academia no sub\u00farbio de St. Louis por uma mulher transg\u00eanero desencadeou um protesto, um plano de boicote e pedidos de investiga\u00e7\u00e3o pelo estado. <a href=\"https:\/\/apnews.com\/article\/bailey-scharf-missouri-attorney-general-donors-raga-3d37564d77ded4169c9c523119bde97c\">politicamente vulner\u00e1vel<\/a> Procurador-geral republicano, que rapidamente atendeu.<\/p>\n<p class=\"dist__Box-sc-1fnzlkn-0 dist__TextBase-sc-1fnzlkn-3 CGHCP htMUPQ article-text\">A mulher entrou na academia no domingo, informou o St. Louis Post-Dispatch. <\/p>\n<p class=\"dist__Box-sc-1fnzlkn-0 dist__TextBase-sc-1fnzlkn-3 CGHCP htMUPQ article-text\">Na manh\u00e3 de sexta-feira, um legislador estadual republicano deu uma entrevista coletiva do lado de fora do gin\u00e1sio, e manifestantes se reuniram para criticar a academia, de acordo com o jornal. <\/p>\n<p class=\"dist__Box-sc-1fnzlkn-0 dist__TextBase-sc-1fnzlkn-3 CGHCP htMUPQ article-text\">\u201cFui contatado por muitas pessoas\u201d, disse o deputado Justin Sparks \u00e0 The Associated Press na sexta-feira. Ele deu a entrevista coletiva, mas disse que n\u00e3o organizou os manifestantes. Sparks representa um distrito da C\u00e2mara vizinho ao gin\u00e1sio. <\/p>\n<p class=\"dist__Box-sc-1fnzlkn-0 dist__TextBase-sc-1fnzlkn-3 CGHCP htMUPQ article-text\">A porta-voz da Life Time, Natalie Bushaw, disse que a mulher mostrou \u00e0 equipe uma c\u00f3pia de sua carteira de motorista, que a identificava como mulher. <\/p>\n<p class=\"dist__Box-sc-1fnzlkn-0 dist__TextBase-sc-1fnzlkn-3 CGHCP htMUPQ article-text\">Os pedidos de coment\u00e1rios da AP via Facebook para a membro da academia n\u00e3o foram imediatamente retornados na sexta-feira. Ela disse ao St. Louis Post-Dispatch que uma mulher a abordou na sauna na segunda-feira e disse que ela era um homem e que n\u00e3o pertencia \u00e0quele lugar. <\/p>\n<p class=\"dist__Box-sc-1fnzlkn-0 dist__TextBase-sc-1fnzlkn-3 CGHCP htMUPQ article-text\">\u201cO Missouri Human Rights Act pro\u00edbe a discrimina\u00e7\u00e3o com base no sexo\u201d, disse Bushaw em uma declara\u00e7\u00e3o. \u201cPortanto, o membro deve usar o vesti\u00e1rio feminino da Life Time.\u201d<\/p>\n<p class=\"dist__Box-sc-1fnzlkn-0 dist__TextBase-sc-1fnzlkn-3 CGHCP htMUPQ article-text\">O capit\u00e3o da pol\u00edcia de Ellisville, Andy Vaughn, disse que a ag\u00eancia recebeu na sexta-feira um relat\u00f3rio de suposta exposi\u00e7\u00e3o indecente na academia que est\u00e1 sendo investigada. Nenhuma acusa\u00e7\u00e3o foi registrada. <\/p>\n<p class=\"dist__Box-sc-1fnzlkn-0 dist__TextBase-sc-1fnzlkn-3 CGHCP htMUPQ article-text\">Tamb\u00e9m na sexta-feira, o procurador-geral Andrew Bailey anunciou que est\u00e1 investigando a academia e enviou uma carta alertando a Life Time que suas pol\u00edticas &#8220;est\u00e3o permitindo comportamento potencialmente criminoso&#8221;.<\/p>\n<p class=\"dist__Box-sc-1fnzlkn-0 dist__TextBase-sc-1fnzlkn-3 CGHCP htMUPQ article-text\">\u201cComo Procurador-Geral, defenderei e aplicarei vigorosamente as leis do Missouri\u201d, escreveu Bailey. \u201cVoc\u00ea enfrenta potenciais responsabilidades criminais e civis.\u201d<\/p>\n<p class=\"dist__Box-sc-1fnzlkn-0 dist__TextBase-sc-1fnzlkn-3 CGHCP htMUPQ article-text\">O Missouri n\u00e3o promulgou uma lei que ditasse o acesso de pessoas transg\u00eanero a banheiros p\u00fablicos, e o procurador-geral do estado tem autoridade limitada para apresentar acusa\u00e7\u00f5es criminais. Isso normalmente \u00e9 deixado para promotores locais. <\/p>\n<p class=\"dist__Box-sc-1fnzlkn-0 dist__TextBase-sc-1fnzlkn-3 CGHCP htMUPQ article-text\">Bailey citou um relat\u00f3rio do Missouri de 2015 <a href=\"https:\/\/law.justia.com\/cases\/missouri\/court-of-appeals\/2015\/ed102764.html\">decis\u00e3o do tribunal de apela\u00e7\u00f5es<\/a> contra um homem condenado por invas\u00e3o de propriedade em um banheiro feminino de posto de gasolina. <\/p>\n<p class=\"dist__Box-sc-1fnzlkn-0 dist__TextBase-sc-1fnzlkn-3 CGHCP htMUPQ article-text\">Nesse caso, o homem se escondeu no banheiro feminino de um posto de gasolina e fumou cigarros por v\u00e1rias horas. Ele n\u00e3o alegou ser mulher ou transg\u00eanero, mas tentou disfar\u00e7ar a voz quando a equipe pediu que ele parasse de fumar. <\/p>\n<p class=\"dist__Box-sc-1fnzlkn-0 dist__TextBase-sc-1fnzlkn-3 CGHCP htMUPQ article-text\">Os trabalhadores chamaram a pol\u00edcia, que chegou e perguntou ao homem por que ele estava no banheiro feminino. <\/p>\n<p class=\"dist__Box-sc-1fnzlkn-0 dist__TextBase-sc-1fnzlkn-3 CGHCP htMUPQ article-text\">\u201cO apelante respondeu que ele teve que defecar &#39;muito mal&#39;\u201d, de acordo com a decis\u00e3o. Ele estava carregando lo\u00e7\u00e3o e uma revista pornogr\u00e1fica. <\/p>\n<p class=\"dist__Box-sc-1fnzlkn-0 dist__TextBase-sc-1fnzlkn-3 CGHCP htMUPQ article-text\">A pol\u00edcia de Ellisville disse que a ag\u00eancia n\u00e3o est\u00e1 investigando uma potencial invas\u00e3o porque a academia particular deu permiss\u00e3o ao membro para usar o vesti\u00e1rio feminino. N\u00e3o est\u00e1 claro se um propriet\u00e1rio pode ser processado sob a lei do Missouri por permitir invas\u00e3o em sua propriedade. <\/p>\n<p class=\"dist__Box-sc-1fnzlkn-0 dist__TextBase-sc-1fnzlkn-3 CGHCP htMUPQ article-text\">Os eleitores decidir\u00e3o na ter\u00e7a-feira se elegem Bailey, que foi nomeado pelo governador Mike Parson, para outro mandato ou se nomeiam Will Scharf como candidato republicano. Scharf \u00e9 membro da equipe jur\u00eddica do ex-presidente Donald Trump. <\/p>\n<p class=\"dist__Box-sc-1fnzlkn-0 dist__TextBase-sc-1fnzlkn-3 CGHCP htMUPQ article-text\">No estado dominado pelo Partido Republicano, o vencedor das prim\u00e1rias tem uma enorme vantagem nas elei\u00e7\u00f5es gerais de novembro.<\/p>\n<\/div>\n<p>Copyright 2024 The Associated Press. Todos os direitos reservados. Este material n\u00e3o pode ser publicado, transmitido, reescrito ou redistribu\u00eddo sem permiss\u00e3o.<\/p>\n<p><br \/>\n<br \/><a href=\"https:\/\/www.clickorlando.com\/news\/national\/2024\/08\/02\/transgender-womans-use-of-a-gym-locker-room-spurs-protests-and-investigations-in-missouri\/\">Source link <\/a><\/p>","protected":false},"excerpt":{"rendered":"<p>COL\u00d4MBIA, Missouri. \u2013 O uso do vesti\u00e1rio feminino de uma academia no sub\u00farbio de St. Louis por uma mulher transg\u00eanero desencadeou um protesto, um plano de boicote e pedidos de&hellip;<\/p>","protected":false},"author":1,"featured_media":15702,"comment_status":"closed","ping_status":"open","sticky":false,"template":"","format":"standard","meta":{"content-type":"","footnotes":""},"categories":[1],"tags":[1405,1411],"class_list":["post-15701","post","type-post","status-publish","format-standard","has-post-thumbnail","hentry","category-uncategorized","tag-donald-trump","tag-noticias-dos-eua"],"_links":{"self":[{"href":"https:\/\/tvbrazilusa.com\/pt\/wp-json\/wp\/v2\/posts\/15701","targetHints":{"allow":["GET"]}}],"collection":[{"href":"https:\/\/tvbrazilusa.com\/pt\/wp-json\/wp\/v2\/posts"}],"about":[{"href":"https:\/\/tvbrazilusa.com\/pt\/wp-json\/wp\/v2\/types\/post"}],"author":[{"embeddable":true,"href":"https:\/\/tvbrazilusa.com\/pt\/wp-json\/wp\/v2\/users\/1"}],"replies":[{"embeddable":true,"href":"https:\/\/tvbrazilusa.com\/pt\/wp-json\/wp\/v2\/comments?post=15701"}],"version-history":[{"count":1,"href":"https:\/\/tvbrazilusa.com\/pt\/wp-json\/wp\/v2\/posts\/15701\/revisions"}],"predecessor-version":[{"id":15703,"href":"https:\/\/tvbrazilusa.com\/pt\/wp-json\/wp\/v2\/posts\/15701\/revisions\/15703"}],"wp:featuredmedia":[{"embeddable":true,"href":"https:\/\/tvbrazilusa.com\/pt\/wp-json\/wp\/v2\/media\/15702"}],"wp:attachment":[{"href":"https:\/\/tvbrazilusa.com\/pt\/wp-json\/wp\/v2\/media?parent=15701"}],"wp:term":[{"taxonomy":"category","embeddable":true,"href":"https:\/\/tvbrazilusa.com\/pt\/wp-json\/wp\/v2\/categories?post=15701"},{"taxonomy":"post_tag","embeddable":true,"href":"https:\/\/tvbrazilusa.com\/pt\/wp-json\/wp\/v2\/tags?post=15701"}],"curies":[{"name":"wp","href":"https:\/\/api.w.org\/{rel}","templated":true}]}}