{"id":15704,"date":"2024-08-02T23:52:33","date_gmt":"2024-08-02T23:52:33","guid":{"rendered":"https:\/\/tvbrazilusa.com\/2024\/08\/02\/e-estranho-como-aconteceu-steve-belichick-reflete-sobre-deixar-os-patriots-e-se-separar-do-pai\/"},"modified":"2024-08-03T00:06:03","modified_gmt":"2024-08-03T00:06:03","slug":"e-estranho-como-aconteceu-steve-belichick-reflete-sobre-deixar-os-patriots-e-se-separar-do-pai","status":"publish","type":"post","link":"https:\/\/tvbrazilusa.com\/pt\/2024\/08\/02\/e-estranho-como-aconteceu-steve-belichick-reflete-sobre-deixar-os-patriots-e-se-separar-do-pai\/","title":{"rendered":"&#39;\u00c9 estranho como aconteceu&#39;: Steve Belichick reflete sobre deixar os Patriots e se separar do pai"},"content":{"rendered":"<p> <script async src=\"https:\/\/pagead2.googlesyndication.com\/pagead\/js\/adsbygoogle.js?client=ca-pub-8864793242727901\"\r\n     crossorigin=\"anonymous\"><\/script><br \/>\n<\/p>\n<div id=\"\">\n<header class=\"m-article-header m-article-header--standard\">\n\t\t\t\t\t\t\t\t\t\t\t\t<span id=\"article-header-primary-term\"><br \/>\n\t\t\t\t\t\t\t\t<a class=\"a-term a-term--primary\" href=\"https:\/\/www.boston.com\/tag\/new-england-patriots\/\"><\/p>\n<p>\t\t\t\t\t\t\t\tPatriotas\t\t\t\t\t\t\t\t<\/a><br \/>\n\t\t\t\t\t\t\t<\/span><\/p>\n<h2 class=\"m-article-header__sub-headline\">O filho de Bill Belichick passou mais de uma d\u00e9cada na equipe t\u00e9cnica dos Patriots antes de aceitar um emprego na Universidade de Washington durante o inverno.<\/h2>\n<figure class=\"a-photo m-article-header__photo\"><figcaption class=\"a-photo__caption\">\n<p>\tSteve Belichick, filho de Bill Belichick, ingressou na Universidade de Washington como coordenador defensivo dos Huskies em fevereiro.<em> Maddie Meyer\/Getty Images<\/em>\t<\/figcaption><\/figure>\n<\/header>\n<p>Depois de passar 12 temporadas na comiss\u00e3o t\u00e9cnica dos Patriots sob o comando de seu pai, o ex-t\u00e9cnico Bill Belichick, Steve Belichick est\u00e1 fazendo seu nome no Oeste.<\/p>\n<p>Belichick, de 37 anos, se juntou \u00e0 equipe t\u00e9cnica da Universidade de Washington como coordenador defensivo dos Huskies em fevereiro. Antes de aceitar seu novo papel, Belichick desempenhou v\u00e1rias fun\u00e7\u00f5es diferentes na Nova Inglaterra desde sua primeira temporada em 2012-13: assistente defensivo, treinador de safeties, treinador de defensive backs e treinador de outside linebackers.<\/p>\n<p>Belichick ser\u00e1 o t\u00e9cnico do Huskies, Jedd Fisch, que tamb\u00e9m est\u00e1 entrando em sua primeira temporada l\u00e1, nesta temporada de futebol americano universit\u00e1rio. Fisch atuou como t\u00e9cnico de quarterbacks dos Patriots durante a temporada 2020-21.<\/p>\n<p>Em uma entrevista com <a href=\"https:\/\/www.nytimes.com\/athletic\/5675819\/2024\/08\/02\/steve-belichick-patriots-washington-huskies\/\" target=\"_blank\" rel=\"noreferrer noopener\"><em>O Atl\u00e9tico<\/em>Jeff Howe,<\/a> Belichick explicou sua decis\u00e3o de deixar New England e assumir sua posi\u00e7\u00e3o em Washington. Ele disse que n\u00e3o estava procurando ativamente por um novo emprego em outro lugar neste inverno passado.<\/p>\n<p>\u201cEu n\u00e3o estava ansioso para deixar (os Patriots) ou algo assim\u201d, disse Belichick. \u201cVoc\u00ea apenas mant\u00e9m suas op\u00e7\u00f5es em aberto. Coisas acontecem. Todos n\u00f3s temos diferentes raz\u00f5es para (aceitar empregos diferentes), mas simplesmente parecia certo.<\/p>\n<p>\u201cAconteceu meio que organicamente. \u00c9 legal estar aqui. \u00c9 estranho como aconteceu. Tudo se encaixou, e estou empolgado por estar aqui.\u201d<\/p>\n<figure class=\"wp-block-embed is-type-rich is-provider-twitter wp-block-embed-twitter\">\n<div class=\"wp-block-embed__wrapper\">\n<blockquote class=\"twitter-tweet\" data-width=\"500\" data-dnt=\"true\">\n<p lang=\"en\" dir=\"ltr\">\u201cEu n\u00e3o estava ansioso para deixar (os Patriots) ou algo assim. Voc\u00ea apenas mant\u00e9m suas op\u00e7\u00f5es em aberto. Coisas acontecem. Todos n\u00f3s temos diferentes raz\u00f5es para (aceitar empregos diferentes), mas simplesmente parecia certo.\u201d<\/p>\n<p>Decidiu passar na UW para dar uma olhada em Steve Belichick. Mais\u2935\ufe0f <a href=\"https:\/\/t.co\/kMrbYAL9rI\">https:\/\/t.co\/kMrbYAL9rI<\/a><\/p>\n<p>\u2014 Jeff Howe (@jeffphowe) <a href=\"https:\/\/twitter.com\/jeffphowe\/status\/1819433323183419652?ref_src=twsrc%5Etfw\">2 de agosto de 2024<\/a><\/p><\/blockquote>\n<\/div>\n<\/figure>\n<p>O t\u00e9cnico principal do New England, Jerod Mayo, que Belichick treinou como assistente defensivo de 2012 a 2015, contratou Drew Wilkins como o novo t\u00e9cnico de outside linebackers dos Patriots para substituir Belichick. Wilkins j\u00e1 havia ocupado o mesmo papel no New York Giants.<\/p>\n<p>Enquanto Belichick vivencia sua primeira posi\u00e7\u00e3o de treinador sem seu pai ao lado, ele discutiu como nunca sentiu que teve que se separar de Bill Belichick. Ele aprendeu muito com o velho Belichick, mas ele se v\u00ea como sua pr\u00f3pria pessoa.<\/p>\n<p>\u201cEu nunca olhei para isso dessa forma, como se estivesse vivendo sob uma sombra\u201d, disse Belichick. \u201cEu sempre serei eu mesmo. Ele \u00e9 meu pai. Ele desempenha um papel enorme na minha vida \u2014 na minha profiss\u00e3o, em tudo que eu fa\u00e7o na vida como pai, como marido, todas essas coisas. Eu nunca vi isso dessa forma. Eu n\u00e3o estou tipo, &#39;Oh, eu n\u00e3o tenho que viver mais na sombra dele.&#39; Eu nunca pensei nisso dessa forma, seja agora ou h\u00e1 um ano ou cinco anos atr\u00e1s.\u201d<\/p>\n<p>Bill Belichick est\u00e1 se mantendo ocupado apesar de n\u00e3o treinar na NFL pela primeira vez em quase cinco d\u00e9cadas. O velho Belichick anunciou recentemente que est\u00e1 <a href=\"https:\/\/www.boston.com\/sports\/nfl\/2024\/07\/31\/bill-belichick-underdog-fantasy-sports-show-announcement\/\" target=\"_blank\" rel=\"noreferrer noopener\">juntando-se ao Underdog Fantasy<\/a> para apresentar e coproduzir um novo programa de futebol americano intitulado \u201cCoach, with Bill Belichick\u201d. Ele tamb\u00e9m est\u00e1 programado para fazer apari\u00e7\u00f5es no \u201cThe Pat McAfee Show\u201d, \u201cInside the NFL\u201d e \u201cManningcast\u201d da ESPN nesta temporada da NFL.<\/p>\n<p>Steve Belichick disse, no entanto, que ele e seu pai permanecem pr\u00f3ximos e conversam muito um com o outro, apesar de viverem a cerca de 3.000 milhas de dist\u00e2ncia. Ele acrescentou que eles, mais Fisch, se comunicam sobre futebol conforme a Semana 1 se aproxima.<\/p>\n<p>\u201cEle tem um pouco mais de tempo dispon\u00edvel, ent\u00e3o talvez seja mais ou menos (envolvimento)\u201d, disse Belichick sobre manter contato com Bill Belichick em uma base de treinamento de futebol. \u201cEu acho que voc\u00ea pode dizer que ele est\u00e1 me ajudando menos s\u00f3 porque eu n\u00e3o estou no pr\u00e9dio todos os dias e estamos do outro lado do pa\u00eds um do outro, mas eu falo com ele com muita frequ\u00eancia, assim como eu acho que faria se ele n\u00e3o fosse um treinador de futebol.\u201d<\/p>\n<div class=\"m-block m-generic-cta\t m-generic-cta--post-content\t m-generic-cta--dark\t m-generic-cta--homepage\t m-generic-cta--email-signup\t\t m-generic-cta-block-style--default \tt-amp__generic-cta\"><\/p>\n<div class=\"m-generic-cta__wrap\">\n<div class=\"m-generic-cta__content\">\n<h3 class=\"m-generic-cta__title\">Inscreva-se para receber atualiza\u00e7\u00f5es dos Patriots\ud83c\udfc8<\/h3>\n<p class=\"m-generic-cta__subtitle\">Receba not\u00edcias de \u00faltima hora e an\u00e1lises na sua caixa de entrada durante a temporada de futebol.<\/p>\n<\/p><\/div>\n<\/p><\/div>\n<\/div><\/div>\n<p><script async src=\"\/\/platform.twitter.com\/widgets.js\" charset=\"utf-8\"><\/script><script>\n\t\tvar consent=\"grant\";\n\t\t\/* The above code is parsing the JSON data from the local storage and storing it in a variable. *\/\n\t\t\t\t\tconst onetrustStorageConsent = JSON.parse(localStorage.getItem( 'consent_one_trust_bdc' ) );\n\t\t\tif ( ( onetrustStorageConsent !== null ) ) {\n\t\t\t\t\/* Checking to see if the user has consented to the use of cookies.\n\t\t\t\t* If they have not, it is deleting the cookie.\n\t\t\t\t* This will comment for now, until further notice.\n\t\t\t\t*\/\n\t\t\t\t\/\/if ( onetrustStorageConsent.C0002 === false ) {\n\t\t\t\t\/\/\tdocument.cookie=\"_fbp=;expires=Thu, 01 Jan 2010 00:00:00 UTC; path=\/; domain=.boston.com\";\n\t\t\t\t\/\/}\n\t\t\t\t\/* Checking if the user has given consent for the cookie C0002.\n\t\t\t\t* If the user has given consent, the variable consent will be set to 'grant'.\n\t\t\t\t* If the user has not given consent,the variable consent will be set to 'revoke'.\n\t\t\t\t* Documentation https:\/\/developers.facebook.com\/docs\/meta-pixel\/implementation\/gdpr\n\t\t\t\t*\/\n\t\t\t\tif ( onetrustStorageConsent.C0002 !== true ) {\n\t\t\t\t\tconsent=\"revoke\";\n\t\t\t\t}\n\t\t\t}\n\t\t\t\t!function(f,b,e,v,n,t,s)\n\t\t{if(f.fbq)return;n=f.fbq=function(){n.callMethod?\n\t\tn.callMethod.apply(n,arguments):n.queue.push(arguments)};\n\t\tif(!f._fbq)f._fbq=n;n.push=n;n.loaded=!0;n.version='2.0';\n\t\tn.queue=[];t=b.createElement(e);t.async=!0;\n\t\tt.src=v;s=b.getElementsByTagName(e)[0];\n\t\ts.parentNode.insertBefore(t,s)}(window, document,'script',\n\t\t'https:\/\/connect.facebook.net\/en_US\/fbevents.js');\n\t\tfbq('consent', consent);\n\t\tfbq('init', '989222871864976');\n\t\tfbq('track', 'PageView');\n\t<\/script><script type=\"module\">\n\t\tvar consent=\"grant\";\n\t\t\/* The above code is parsing the JSON data from the local storage and storing it in a variable. *\/\n\t\t\tconst onetrustStorageConsent = JSON.parse(localStorage.getItem( 'consent_one_trust_bdc' ) );\n\t\t\t\/* Checking to see if the user has consented to the use of cookies.\n\t\t\t* If they have not, it is deleting the cookie.\n\t\t\t* This will comment for now, until further notice.\n\t\t\t*\/\n\t\t\t\/\/if ( onetrustStorageConsent.C0002 === false ) {\n\t\t\t\/\/\tdocument.cookie=\"_fbp=;expires=Thu, 01 Jan 2010 00:00:00 UTC; path=\/; domain=.boston.com\";\n\t\t\t\/\/}\n\t\t\t\/* Checking if the user has given consent for the cookie C0002.\n\t\t\t* If the user has given consent, the variable consent will be set to 'grant'.\n\t\t\t* If the user has not given consent,the variable consent will be set to 'revoke'.\n\t\t\t* Documentation https:\/\/developers.facebook.com\/docs\/meta-pixel\/implementation\/gdpr\n\t\t\t*\/\n\t\t\tif ( ( onetrustStorageConsent !== null ) && (onetrustStorageConsent.C0002 !== true ) ) {\n\t\t\t\tconsent=\"revoke\";\n\t\t\t}\n\t\t\t\t!function(f,b,e,v,n,t,s){if(f.fbq)return;n=f.fbq=function()\n\t\t{n.callMethod? n.callMethod.apply(n,arguments):n.queue.push(arguments)}\n\t\t;if(!f._fbq)f._fbq=n;\n\t\tn.push=n;n.loaded=!0;n.version='2.0';n.queue=[];t=b.createElement(e);t.async=!0;\n\t\tt.src=v;s=b.getElementsByTagName(e)[0];s.parentNode.insertBefore(t,s)}(window,\n\t\tdocument,'script','https:\/\/connect.facebook.net\/en_US\/fbevents.js');\n\t\tfbq('consent', consent);\n\t\tfbq('init', '813236348753005');\n\t\tfbq('track', \"PageView\");\n\t<\/script><br \/>\n<br \/><br \/>\n<br \/><a href=\"https:\/\/www.boston.com\/sports\/new-england-patriots\/2024\/08\/02\/steve-belichick-bill-belichick-patriots-washington-huskies-coaching\/\">Source link <\/a><\/p>","protected":false},"excerpt":{"rendered":"<p>Patriotas O filho de Bill Belichick passou mais de uma d\u00e9cada na equipe t\u00e9cnica dos Patriots antes de aceitar um emprego na Universidade de Washington durante o inverno. Steve Belichick,&hellip;<\/p>","protected":false},"author":1,"featured_media":15705,"comment_status":"closed","ping_status":"open","sticky":false,"template":"","format":"standard","meta":{"content-type":"","footnotes":""},"categories":[1],"tags":[],"class_list":["post-15704","post","type-post","status-publish","format-standard","has-post-thumbnail","hentry","category-uncategorized"],"_links":{"self":[{"href":"https:\/\/tvbrazilusa.com\/pt\/wp-json\/wp\/v2\/posts\/15704","targetHints":{"allow":["GET"]}}],"collection":[{"href":"https:\/\/tvbrazilusa.com\/pt\/wp-json\/wp\/v2\/posts"}],"about":[{"href":"https:\/\/tvbrazilusa.com\/pt\/wp-json\/wp\/v2\/types\/post"}],"author":[{"embeddable":true,"href":"https:\/\/tvbrazilusa.com\/pt\/wp-json\/wp\/v2\/users\/1"}],"replies":[{"embeddable":true,"href":"https:\/\/tvbrazilusa.com\/pt\/wp-json\/wp\/v2\/comments?post=15704"}],"version-history":[{"count":1,"href":"https:\/\/tvbrazilusa.com\/pt\/wp-json\/wp\/v2\/posts\/15704\/revisions"}],"predecessor-version":[{"id":15706,"href":"https:\/\/tvbrazilusa.com\/pt\/wp-json\/wp\/v2\/posts\/15704\/revisions\/15706"}],"wp:featuredmedia":[{"embeddable":true,"href":"https:\/\/tvbrazilusa.com\/pt\/wp-json\/wp\/v2\/media\/15705"}],"wp:attachment":[{"href":"https:\/\/tvbrazilusa.com\/pt\/wp-json\/wp\/v2\/media?parent=15704"}],"wp:term":[{"taxonomy":"category","embeddable":true,"href":"https:\/\/tvbrazilusa.com\/pt\/wp-json\/wp\/v2\/categories?post=15704"},{"taxonomy":"post_tag","embeddable":true,"href":"https:\/\/tvbrazilusa.com\/pt\/wp-json\/wp\/v2\/tags?post=15704"}],"curies":[{"name":"wp","href":"https:\/\/api.w.org\/{rel}","templated":true}]}}