{"id":15808,"date":"2024-08-02T23:30:00","date_gmt":"2024-08-02T23:30:00","guid":{"rendered":"https:\/\/tvbrazilusa.com\/2024\/08\/02\/a-revolucao-ev-da-ford-focus-e-fiesta-podem-voltar-com-o-carros-eletricos\/"},"modified":"2024-08-03T03:43:49","modified_gmt":"2024-08-03T03:43:49","slug":"a-revolucao-ev-da-ford-focus-e-fiesta-podem-voltar-com-o-carros-eletricos","status":"publish","type":"post","link":"https:\/\/tvbrazilusa.com\/pt\/2024\/08\/02\/a-revolucao-ev-da-ford-focus-e-fiesta-podem-voltar-com-o-carros-eletricos\/","title":{"rendered":"A revolu\u00e7\u00e3o EV da Ford: Focus e Fiesta podem voltar com o carros el\u00e9tricos"},"content":{"rendered":"<p> <script async src=\"https:\/\/pagead2.googlesyndication.com\/pagead\/js\/adsbygoogle.js?client=ca-pub-8864793242727901\"\r\n     crossorigin=\"anonymous\"><\/script><br \/>\n<\/p>\n<div>\n<p>Nos \u00faltimos anos, a estrat\u00e9gia de eletrifica\u00e7\u00e3o da Ford enfrentou alguns desafios. A marca norte-americana teve que lidar com erros e fracassos que a for\u00e7aram a repensar seu planejamento. Agora, a empresa busca relan\u00e7ar antigos sucessos como um novo caminho para competir com fabricantes chineses e acelerar sua transforma\u00e7\u00e3o para um futuro mais sustent\u00e1vel.<\/p>\n<p>Recentemente, a Ford introduziu dois novos SUVs el\u00e9tricos: o Explorer e o Capri. Ambos derivam da plataforma MEB da Volkswagen e representam passos importantes nesta nova fase de descarboniza\u00e7\u00e3o. No entanto, a empresa reconhece a necessidade de oferecer uma gama de carros menores e mais baratos, especialmente no mercado europeu, onde a concorr\u00eancia com os ve\u00edculos chineses \u00e9 acirrada.<\/p>\n<h2>Os planos de eletrifica\u00e7\u00e3o da Ford<\/h2>\n<p>Em resposta a essa demanda, a Ford tem trabalhado intensamente no desenvolvimento de uma nova plataforma mais acess\u00edvel. Batizada internamente como \u201cSkunkworks\u201d, essa nova arquitetura est\u00e1 sendo desenvolvida nos Estados Unidos com o objetivo de tornar os ve\u00edculos el\u00e9tricos mais acess\u00edveis para o p\u00fablico em geral.<\/p>\n<p>A contrata\u00e7\u00e3o de Alan Clarke, um ex-engenheiro da Tesla, para liderar o projeto. Ele conta com uma equipe de aproximadamente 300 pessoas, incluindo engenheiros com experi\u00eancia em empresas como Rivian, Apple e at\u00e9 na F\u00f3rmula 1. Juntos, eles est\u00e3o focados em criar uma nova gera\u00e7\u00e3o de carros el\u00e9tricos que sejam n\u00e3o apenas acess\u00edveis, mas tamb\u00e9m tecnologicamente avan\u00e7ados.<\/p>\n<h2>Quais modelos a Ford vai relan\u00e7ar?<\/h2>\n<p>Com o objetivo de tornar os <a href=\"https:\/\/terrabrasilnoticias.com\/2024\/07\/caoa-chery-icar-o-carro-eletrico-mais-barato-do-brasil\/\">carros el\u00e9tricos mais acess\u00edveis<\/a>, a Ford planeja relan\u00e7ar alguns dos seus ve\u00edculos mais emblem\u00e1ticos. Modelos como o Fiesta e o Focus, que foram descontinuados h\u00e1 alguns anos, est\u00e3o no radar para um retorno triunfal, desta vez com motoriza\u00e7\u00e3o el\u00e9trica.<\/p>\n<p>Contudo, o sucesso desses modelos no passado pode ser um indicativo positivo para a aceita\u00e7\u00e3o dos novos ve\u00edculos el\u00e9tricos. O Fiesta, desenvolvido originalmente em 1972, \u00e9 um cl\u00e1ssico que marcou gera\u00e7\u00f5es, e sua vers\u00e3o el\u00e9trica pode impulsionar significativamente as vendas de el\u00e9tricos.<\/p>\n<h2>Quando os novos modelos ser\u00e3o lan\u00e7ados?<\/h2>\n<p>O primeiro modelo a chegar ao mercado com a nova plataforma Skunkworks ser\u00e1 provavelmente o Ford Puma. Embora n\u00e3o esteja dispon\u00edvel no Brasil, o Puma \u00e9 bastante popular em mercados como o europeu. A previs\u00e3o \u00e9 que a vers\u00e3o el\u00e9trica deste pequeno hatch comece a ser produzida no final de 2026 ou in\u00edcio de 2027.<\/p>\n<h3>Baterias LFP: uma solu\u00e7\u00e3o acess\u00edvel e duradoura<\/h3>\n<p>A Ford tamb\u00e9m est\u00e1 comprometida com o desenvolvimento de baterias LFP (l\u00edtio-ferro-fosfato), que s\u00e3o vistas pela empresa como uma \u201ctecnologia muito mais acess\u00edvel e dur\u00e1vel\u201d. Este tipo de bateria \u00e9 essencial para cumprir o objetivo da marca de tornar os ve\u00edculos el\u00e9tricos mais acess\u00edveis, apostando em uma gama de carros menores e mais espec\u00edficos para enfrentar a forte concorr\u00eancia chinesa.<\/p>\n<h2>Por que a acessibilidade \u00e9 essencial?<\/h2>\n<p>Assim, o foco principal da Ford \u00e9 a acessibilidade, tanto em termos de pre\u00e7o quanto de tecnologia. Oferecer uma gama de ve\u00edculos el\u00e9tricos acess\u00edveis \u00e9 a \u00fanica forma de competir efetivamente com os fabricantes chineses, que t\u00eam inundado o mercado com modelos economicamente vi\u00e1veis.<\/p>\n<ul>\n<li>Desenvolvimento de novas plataformas acess\u00edveis<\/li>\n<li>Relan\u00e7amento de modelos ic\u00f4nicos<\/li>\n<li>Compromisso com baterias dur\u00e1veis e econ\u00f4micas<\/li>\n<\/ul>\n<p>Com essas iniciativas, a Ford espera n\u00e3o apenas retomar sua posi\u00e7\u00e3o no mercado, mas tamb\u00e9m liderar a transforma\u00e7\u00e3o para uma mobilidade mais sustent\u00e1vel, acess\u00edvel e eficiente.<\/p>\n<p>Em suma, enquanto o Explorer e o Capri representam o in\u00edcio dessa jornada el\u00e9trica, o retorno dos \u00edcones como o Fiesta e o Focus, juntamente com o lan\u00e7amento do Puma el\u00e9trico, promete um futuro brilhante para a Ford no cen\u00e1rio automotivo global.<\/p>\n<\/p><\/div>\n<p><br \/>\n<br \/><a href=\"https:\/\/terrabrasilnoticias.com\/2024\/08\/a-revolucao-ev-da-ford-focus-e-fiesta-podem-voltar-com-o-carros-eletricos\/\">Source link <\/a><\/p>","protected":false},"excerpt":{"rendered":"<p>Nos \u00faltimos anos, a estrat\u00e9gia de eletrifica\u00e7\u00e3o da Ford enfrentou alguns desafios. A marca norte-americana teve que lidar com erros e fracassos que a for\u00e7aram a repensar seu planejamento. Agora,&hellip;<\/p>","protected":false},"author":1,"featured_media":15809,"comment_status":"closed","ping_status":"open","sticky":false,"template":"","format":"standard","meta":{"content-type":"","footnotes":""},"categories":[16],"tags":[123,1751,1985],"class_list":["post-15808","post","type-post","status-publish","format-standard","has-post-thumbnail","hentry","category-noticias","tag-brasil","tag-carros","tag-carros-eletricos"],"_links":{"self":[{"href":"https:\/\/tvbrazilusa.com\/pt\/wp-json\/wp\/v2\/posts\/15808","targetHints":{"allow":["GET"]}}],"collection":[{"href":"https:\/\/tvbrazilusa.com\/pt\/wp-json\/wp\/v2\/posts"}],"about":[{"href":"https:\/\/tvbrazilusa.com\/pt\/wp-json\/wp\/v2\/types\/post"}],"author":[{"embeddable":true,"href":"https:\/\/tvbrazilusa.com\/pt\/wp-json\/wp\/v2\/users\/1"}],"replies":[{"embeddable":true,"href":"https:\/\/tvbrazilusa.com\/pt\/wp-json\/wp\/v2\/comments?post=15808"}],"version-history":[{"count":1,"href":"https:\/\/tvbrazilusa.com\/pt\/wp-json\/wp\/v2\/posts\/15808\/revisions"}],"predecessor-version":[{"id":15810,"href":"https:\/\/tvbrazilusa.com\/pt\/wp-json\/wp\/v2\/posts\/15808\/revisions\/15810"}],"wp:featuredmedia":[{"embeddable":true,"href":"https:\/\/tvbrazilusa.com\/pt\/wp-json\/wp\/v2\/media\/15809"}],"wp:attachment":[{"href":"https:\/\/tvbrazilusa.com\/pt\/wp-json\/wp\/v2\/media?parent=15808"}],"wp:term":[{"taxonomy":"category","embeddable":true,"href":"https:\/\/tvbrazilusa.com\/pt\/wp-json\/wp\/v2\/categories?post=15808"},{"taxonomy":"post_tag","embeddable":true,"href":"https:\/\/tvbrazilusa.com\/pt\/wp-json\/wp\/v2\/tags?post=15808"}],"curies":[{"name":"wp","href":"https:\/\/api.w.org\/{rel}","templated":true}]}}