{"id":15817,"date":"2024-08-02T23:09:38","date_gmt":"2024-08-02T23:09:38","guid":{"rendered":"https:\/\/tvbrazilusa.com\/2024\/08\/02\/emocionante-celso-portiolli-recria-abraco-no-pai-com-ajuda-de-ia-e-vai-as-lagrimas-veja-video\/"},"modified":"2024-08-03T04:07:59","modified_gmt":"2024-08-03T04:07:59","slug":"emocionante-celso-portiolli-recria-abraco-no-pai-com-ajuda-de-ia-e-vai-as-lagrimas-veja-video","status":"publish","type":"post","link":"https:\/\/tvbrazilusa.com\/pt\/2024\/08\/02\/emocionante-celso-portiolli-recria-abraco-no-pai-com-ajuda-de-ia-e-vai-as-lagrimas-veja-video\/","title":{"rendered":"Emocionante: Celso Portiolli recria abra\u00e7o no pai com ajuda de IA e vai \u00e0s l\u00e1grimas; VEJA V\u00cdDEO"},"content":{"rendered":"<p> <script async src=\"https:\/\/pagead2.googlesyndication.com\/pagead\/js\/adsbygoogle.js?client=ca-pub-8864793242727901\"\r\n     crossorigin=\"anonymous\"><\/script><br \/>\n<\/p>\n<div>\n<p>Celso Portiolli, renomado apresentador brasileiro, emocionou os internautas nesta sexta-feira (02\/08\/2024) ao compartilhar um v\u00eddeo tocante em seu perfil no Instagram. No v\u00eddeo, ele conseguiu, por meio da intelig\u00eancia artificial, criar uma imagem onde aparece abra\u00e7ando seu pai, j\u00e1 falecido.<\/p>\n<p>Em meio \u00e0s l\u00e1grimas, Celso expressou seus sentimentos: \u201cEu fiz um v\u00eddeo e\u2026 fui assistir. Editei, criei e bateu uma saudade dele\u2026 Do meu pai\u201d. O apresentador revelou como utilizou uma foto antiga de seu pai e uma sua atual para realizar essa montagem com a ferramenta de intelig\u00eancia artificial.<\/p>\n<blockquote class=\"instagram-media\" data-instgrm-captioned=\"\" data-instgrm-permalink=\"https:\/\/www.instagram.com\/reel\/C-KhXH5scR6\/?utm_source=ig_embed&#038;utm_campaign=loading\" data-instgrm-version=\"14\" style=\" background:#FFF; border:0; border-radius:3px; box-shadow:0 0 1px 0 rgba(0,0,0,0.5),0 1px 10px 0 rgba(0,0,0,0.15); margin: 1px; max-width:540px; min-width:326px; padding:0; width:99.375%; width:-webkit-calc(100% - 2px); width:calc(100% - 2px);\"\/>\n<h2 class=\"wp-block-heading\">Como Celso Portiolli Usou Intelig\u00eancia Artificial?<\/h2>\n<p>A utiliza\u00e7\u00e3o da intelig\u00eancia artificial permitiu a Celso Portiolli reviver momentos especiais ao lado de seu querido pai. No processo, ele usou uma imagem antiga de seu pai e uma foto contempor\u00e2nea de si mesmo. A tecnologia uniu as duas fotos, criando uma representa\u00e7\u00e3o realista do abra\u00e7o que nunca pode ter na vida real.<\/p>\n<h2 class=\"wp-block-heading\">O Que \u00e9 Intelig\u00eancia Artificial?<\/h2>\n<p>A intelig\u00eancia artificial (IA) refere-se a sistemas de computador capazes de realizar tarefas que normalmente requerem intelig\u00eancia humana. Essas tarefas incluem reconhecimento de imagens, fala, tomada de decis\u00f5es e tradu\u00e7\u00e3o de idiomas. A IA opera com algoritmos sofisticados que permitem o aprendizado e a adapta\u00e7\u00e3o a novas situa\u00e7\u00f5es.<\/p>\n<p>Al\u00e9m da t\u00e9cnica inovadora, Celso Portiolli incluiu uma mensagem profundamente pessoal no final do v\u00eddeo. Ele escreveu: \u201cHonra a teu pai e a tua m\u00e3e, para que se prolonguem os teus dias na terra que o Senhor teu Deus te d\u00e1\u201d.<\/p>\n<p>Celso disse: \u201cTive a chance de reviver um momento precioso ao lado do meu pai, gra\u00e7as \u00e0 tecnologia. Ele nos deixou h\u00e1 muitos anos, mas sua presen\u00e7a continua viva em meu cora\u00e7\u00e3o. Que este v\u00eddeo sirva como um lembrete para todos n\u00f3s\u201d.<\/p>\n<p>Celso Portiolli tocou em um ponto vital ao enfatizar a import\u00e2ncia de valorizar a fam\u00edlia. \u201cValorize sua fam\u00edlia, ame seus pais e nunca perca a oportunidade de abra\u00e7\u00e1-los e dizer \u2018eu te amo\u2019. A vida \u00e9 preciosa, e cada momento ao lado de quem amamos \u00e9 um presente de Deus. Aproveitem enquanto podem, pois um abra\u00e7o pode ser a maior demonstra\u00e7\u00e3o de amor que existe\u201d, ele declarou.<\/p>\n<h3 class=\"wp-block-heading\">Mensagem de Celso Portiolli<\/h3>\n<p>A mensagem de Celso Portiolli ressoou profundamente nas redes sociais, destacando a relev\u00e2ncia de n\u00e3o s\u00f3 aproveitar cada momento com aqueles que amamos, mas tamb\u00e9m de expressar nossos sentimentos. Ele acredita que, independentemente de qualquer tecnologia, o amor e o valor da fam\u00edlia s\u00e3o insubstitu\u00edveis.<\/p>\n<p>A emo\u00e7\u00e3o compartilhada por Celso conectou-o ainda mais com seus seguidores, que tamb\u00e9m aproveitaram a oportunidade para compartilhar suas pr\u00f3prias hist\u00f3rias e lembran\u00e7as familiares. O apresentador, com mais de duas d\u00e9cadas de carreira na televis\u00e3o brasileira, conseguiu mostrar um lado muito pessoal e humano de sua vida.\u00a0<\/p>\n<\/p><\/div>\n<p><script async src=\"\/\/www.instagram.com\/embed.js\"><\/script><br \/>\n<br \/><br \/>\n<br \/><a href=\"https:\/\/terrabrasilnoticias.com\/2024\/08\/emocionante-celso-portiolli-recria-abraco-no-pai-com-ajuda-de-ia-e-vai-as-lagrimas-veja-video\/\">Source link <\/a><\/p>","protected":false},"excerpt":{"rendered":"<p>Celso Portiolli, renomado apresentador brasileiro, emocionou os internautas nesta sexta-feira (02\/08\/2024) ao compartilhar um v\u00eddeo tocante em seu perfil no Instagram. No v\u00eddeo, ele conseguiu, por meio da intelig\u00eancia artificial,&hellip;<\/p>","protected":false},"author":1,"featured_media":15818,"comment_status":"closed","ping_status":"open","sticky":false,"template":"","format":"standard","meta":{"content-type":"","footnotes":""},"categories":[16],"tags":[],"class_list":["post-15817","post","type-post","status-publish","format-standard","has-post-thumbnail","hentry","category-noticias"],"_links":{"self":[{"href":"https:\/\/tvbrazilusa.com\/pt\/wp-json\/wp\/v2\/posts\/15817","targetHints":{"allow":["GET"]}}],"collection":[{"href":"https:\/\/tvbrazilusa.com\/pt\/wp-json\/wp\/v2\/posts"}],"about":[{"href":"https:\/\/tvbrazilusa.com\/pt\/wp-json\/wp\/v2\/types\/post"}],"author":[{"embeddable":true,"href":"https:\/\/tvbrazilusa.com\/pt\/wp-json\/wp\/v2\/users\/1"}],"replies":[{"embeddable":true,"href":"https:\/\/tvbrazilusa.com\/pt\/wp-json\/wp\/v2\/comments?post=15817"}],"version-history":[{"count":1,"href":"https:\/\/tvbrazilusa.com\/pt\/wp-json\/wp\/v2\/posts\/15817\/revisions"}],"predecessor-version":[{"id":15819,"href":"https:\/\/tvbrazilusa.com\/pt\/wp-json\/wp\/v2\/posts\/15817\/revisions\/15819"}],"wp:featuredmedia":[{"embeddable":true,"href":"https:\/\/tvbrazilusa.com\/pt\/wp-json\/wp\/v2\/media\/15818"}],"wp:attachment":[{"href":"https:\/\/tvbrazilusa.com\/pt\/wp-json\/wp\/v2\/media?parent=15817"}],"wp:term":[{"taxonomy":"category","embeddable":true,"href":"https:\/\/tvbrazilusa.com\/pt\/wp-json\/wp\/v2\/categories?post=15817"},{"taxonomy":"post_tag","embeddable":true,"href":"https:\/\/tvbrazilusa.com\/pt\/wp-json\/wp\/v2\/tags?post=15817"}],"curies":[{"name":"wp","href":"https:\/\/api.w.org\/{rel}","templated":true}]}}