{"id":15956,"date":"2024-08-03T11:03:52","date_gmt":"2024-08-03T11:03:52","guid":{"rendered":"https:\/\/tvbrazilusa.com\/2024\/08\/03\/filha-de-neymar-mavie-aparece-usando-bolsa-de-r-33-mil\/"},"modified":"2024-08-03T11:08:37","modified_gmt":"2024-08-03T11:08:37","slug":"filha-de-neymar-mavie-aparece-usando-bolsa-de-r-33-mil","status":"publish","type":"post","link":"https:\/\/tvbrazilusa.com\/pt\/2024\/08\/03\/filha-de-neymar-mavie-aparece-usando-bolsa-de-r-33-mil\/","title":{"rendered":"Filha de Neymar, Mavie, aparece usando bolsa de R$ 33 mil"},"content":{"rendered":"<p> <script async src=\"https:\/\/pagead2.googlesyndication.com\/pagead\/js\/adsbygoogle.js?client=ca-pub-8864793242727901\"\r\n     crossorigin=\"anonymous\"><\/script><br \/>\n<\/p>\n<div>\n<p>Nesta sexta-feira, 2 de fevereiro de 2024, Neymar, 32 anos, e Bruna Biancardi, 30 anos, compartilharam um momento de pura fofura e estilo de sua filha Mavie. A pequena, com apenas 10 meses de idade, apareceu nas redes sociais ostentando uma bolsa de grife Dior, avaliada em mais de R$ 33 mil. O registro foi feito pelo pr\u00f3prio jogador de futebol, que n\u00e3o poupou elogios ao look da filha.<\/p>\n<figure class=\"wp-block-image size-large\"><picture decoding=\"async\" class=\"wp-image-166893\"><source type=\"image\/webp\" srcset=\"https:\/\/terrabrasilnoticias.com\/wp-content\/uploads\/2024\/08\/image-49-1024x590.png.webp 1024w, https:\/\/terrabrasilnoticias.com\/wp-content\/uploads\/2024\/08\/image-49-300x173.png.webp 300w, https:\/\/terrabrasilnoticias.com\/wp-content\/uploads\/2024\/08\/image-49-768x442.png.webp 768w, https:\/\/terrabrasilnoticias.com\/wp-content\/uploads\/2024\/08\/image-49-750x432.png.webp 750w, https:\/\/terrabrasilnoticias.com\/wp-content\/uploads\/2024\/08\/image-49-1140x657.png.webp 1140w, https:\/\/terrabrasilnoticias.com\/wp-content\/uploads\/2024\/08\/image-49.png.webp 1170w\" sizes=\"(max-width: 1024px) 100vw, 1024px\"\/><\/picture><figcaption class=\"wp-element-caption\">Foto: Reprodu\u00e7\u00e3o\/Instagram.<\/figcaption><\/figure>\n<p>Na foto publicada, Mavie aparece vestida em um look branco que combina perfeitamente com a bolsa de grife. Neymar, sempre bem-humorado, escreveu na legenda: \u201cOlha ela de rol\u00ea\u201d, acompanhado de emojis de risada. A bolsa Lady Dior, usada pela menina, pode ser encontrada em sites de revenda por R$ 33,8 mil, causando grande repercuss\u00e3o entre os seguidores do casal.<\/p>\n<h2 class=\"wp-block-heading\">Mavie e Seu Senso de Moda Apurado<\/h2>\n<p>Mesmo com apenas 10 meses, Mavie j\u00e1 demonstra um senso de moda apurado. A bolsa Dior que ela usou na foto de sexta-feira chamou aten\u00e7\u00e3o nas redes sociais, n\u00e3o somente pelo elevado valor, mas tamb\u00e9m pelo bom gosto na composi\u00e7\u00e3o do look. O modelo Lady Dior \u00e9 conhecido por sua sofistica\u00e7\u00e3o e design cl\u00e1ssico, atributos que deixam qualquer visual mais elegante.<\/p>\n<h2 class=\"wp-block-heading\">Qual o Valor da Bolsa Usada por Mavie?<\/h2>\n<p>Bruna Biancardi, sempre antenada nas redes sociais, tamb\u00e9m compartilhou sua empolga\u00e7\u00e3o. Ela confirmou que Mavie ter\u00e1 uma festa especial para celebrar seu primeiro anivers\u00e1rio. A pequena nasceu no dia 6 de outubro de 2023, em S\u00e3o Paulo, e a fam\u00edlia est\u00e1 animada para comemorar esse marco significativo em grande estilo.<\/p>\n<h2 class=\"wp-block-heading\">Preparativos para a Festa de Anivers\u00e1rio de Mavie<\/h2>\n<p>Com o primeiro anivers\u00e1rio de Mavie se aproximando, os preparativos para a festa est\u00e3o a todo vapor. Bruna Biancardi e Neymar querem garantir que o evento seja memor\u00e1vel e cheio de estilo, assim como os momentos compartilhados nas redes sociais.<\/p>\n<ul class=\"wp-block-list\">\n<li>Anivers\u00e1rio: 6 de outubro de 2023<\/li>\n<li>Local: S\u00e3o Paulo<\/li>\n<li>Tema: Ainda n\u00e3o revelado<\/li>\n<\/ul>\n<p>Al\u00e9m de ser pai de Mavie, Neymar tamb\u00e9m \u00e9 pai de Davi Lucca, que recentemente completou 13 anos. O jogador de futebol foi apontado como pai biol\u00f3gico de Helena, resultado de um affair com a modelo Amanda Kimberlly, 30 anos. A menina nasceu no dia 3 de julho de 2023 e contou com a presen\u00e7a de Neymar e Davi Lucca na maternidade.<\/p>\n<p>A fam\u00edlia est\u00e1 ansiosamente aguardando a comemora\u00e7\u00e3o do primeiro anivers\u00e1rio de Mavie, prometendo uma festa cheia de estilo, amor e, claro, muitas surpresas para os f\u00e3s que acompanham cada passo dessa ador\u00e1vel pequena fashionista.<\/p>\n<\/p><\/div>\n<p><br \/>\n<br \/><a href=\"https:\/\/terrabrasilnoticias.com\/2024\/08\/filha-de-neymar-mavie-aparece-usando-bolsa-de-r-33-mil\/\">Source link <\/a><\/p>","protected":false},"excerpt":{"rendered":"<p>Nesta sexta-feira, 2 de fevereiro de 2024, Neymar, 32 anos, e Bruna Biancardi, 30 anos, compartilharam um momento de pura fofura e estilo de sua filha Mavie. A pequena, com&hellip;<\/p>","protected":false},"author":1,"featured_media":15957,"comment_status":"closed","ping_status":"open","sticky":false,"template":"","format":"standard","meta":{"content-type":"","footnotes":""},"categories":[16],"tags":[],"class_list":["post-15956","post","type-post","status-publish","format-standard","has-post-thumbnail","hentry","category-noticias"],"_links":{"self":[{"href":"https:\/\/tvbrazilusa.com\/pt\/wp-json\/wp\/v2\/posts\/15956","targetHints":{"allow":["GET"]}}],"collection":[{"href":"https:\/\/tvbrazilusa.com\/pt\/wp-json\/wp\/v2\/posts"}],"about":[{"href":"https:\/\/tvbrazilusa.com\/pt\/wp-json\/wp\/v2\/types\/post"}],"author":[{"embeddable":true,"href":"https:\/\/tvbrazilusa.com\/pt\/wp-json\/wp\/v2\/users\/1"}],"replies":[{"embeddable":true,"href":"https:\/\/tvbrazilusa.com\/pt\/wp-json\/wp\/v2\/comments?post=15956"}],"version-history":[{"count":1,"href":"https:\/\/tvbrazilusa.com\/pt\/wp-json\/wp\/v2\/posts\/15956\/revisions"}],"predecessor-version":[{"id":15958,"href":"https:\/\/tvbrazilusa.com\/pt\/wp-json\/wp\/v2\/posts\/15956\/revisions\/15958"}],"wp:featuredmedia":[{"embeddable":true,"href":"https:\/\/tvbrazilusa.com\/pt\/wp-json\/wp\/v2\/media\/15957"}],"wp:attachment":[{"href":"https:\/\/tvbrazilusa.com\/pt\/wp-json\/wp\/v2\/media?parent=15956"}],"wp:term":[{"taxonomy":"category","embeddable":true,"href":"https:\/\/tvbrazilusa.com\/pt\/wp-json\/wp\/v2\/categories?post=15956"},{"taxonomy":"post_tag","embeddable":true,"href":"https:\/\/tvbrazilusa.com\/pt\/wp-json\/wp\/v2\/tags?post=15956"}],"curies":[{"name":"wp","href":"https:\/\/api.w.org\/{rel}","templated":true}]}}