{"id":15959,"date":"2024-08-03T11:11:19","date_gmt":"2024-08-03T11:11:19","guid":{"rendered":"https:\/\/tvbrazilusa.com\/2024\/08\/03\/simaria-comemora-aniversario-da-filha-com-festa-de-luxo-veja-os-detalhes\/"},"modified":"2024-08-03T11:21:06","modified_gmt":"2024-08-03T11:21:06","slug":"simaria-comemora-aniversario-da-filha-com-festa-de-luxo-veja-os-detalhes","status":"publish","type":"post","link":"https:\/\/tvbrazilusa.com\/pt\/2024\/08\/03\/simaria-comemora-aniversario-da-filha-com-festa-de-luxo-veja-os-detalhes\/","title":{"rendered":"Simaria comemora anivers\u00e1rio da filha com festa de luxo; Veja os detalhes"},"content":{"rendered":"<p> <script async src=\"https:\/\/pagead2.googlesyndication.com\/pagead\/js\/adsbygoogle.js?client=ca-pub-8864793242727901\"\r\n     crossorigin=\"anonymous\"><\/script><br \/>\n<\/p>\n<div>\n<p>A cantora Simaria, de 42 anos, celebrou o anivers\u00e1rio de sua filha Giovanna com uma festa deslumbrante. A pequena Giovanna completou 12 anos e ganhou uma comemora\u00e7\u00e3o \u00e0 altura, com decora\u00e7\u00e3o sofisticada e muitos detalhes especiais.<\/p>\n<p>Nas redes sociais, Simaria compartilhou imagens e v\u00eddeos do evento, mostrando a decora\u00e7\u00e3o em preto e branco. O anivers\u00e1rio de Giovanna foi embelezado com flores, bal\u00f5es e la\u00e7os, al\u00e9m de bolo e doces personalizados.<\/p>\n<blockquote class=\"instagram-media\" data-instgrm-captioned=\"\" data-instgrm-permalink=\"https:\/\/www.instagram.com\/reel\/C-GjVTeveUz\/?utm_source=ig_embed&#038;utm_campaign=loading\" data-instgrm-version=\"14\" style=\" background:#FFF; border:0; border-radius:3px; box-shadow:0 0 1px 0 rgba(0,0,0,0.5),0 1px 10px 0 rgba(0,0,0,0.15); margin: 1px; max-width:540px; min-width:326px; padding:0; width:99.375%; width:-webkit-calc(100% - 2px); width:calc(100% - 2px);\"\/>\n<h2 class=\"wp-block-heading\">Detalhes da Festa de Anivers\u00e1rio de Giovanna<\/h2>\n<p>Simaria, que tamb\u00e9m \u00e9 m\u00e3e de Pawel, de 8 anos, fez quest\u00e3o de expressar seu amor pela filha em um v\u00eddeo emocionado durante a festa. \u201cMinha filha mais linda, eu te amo com todo o cora\u00e7\u00e3o. Parab\u00e9ns, filha! Enquanto eu viver, voc\u00ea estar\u00e1 protegida com minhas ora\u00e7\u00f5es. Voc\u00ea \u00e9 luz por onde passa! Muito obrigada a todos que ajudaram a fazer da festa da Gigi um evento inesquec\u00edvel\u201d, declarou a cantora.<\/p>\n<h2 class=\"wp-block-heading\">O Que Tornou a Festa de Giovanna Inesquec\u00edvel?<\/h2>\n<p>A comemora\u00e7\u00e3o de Giovanna n\u00e3o foi apenas marcante pela decora\u00e7\u00e3o, mas tamb\u00e9m pela anima\u00e7\u00e3o e pelas atra\u00e7\u00f5es pensadas para entreter os convidados. Entre os destaques da festa estavam:<\/p>\n<ul class=\"wp-block-list\">\n<li><strong>DJ e pista de dan\u00e7a<\/strong><\/li>\n<li><strong>Buffet variado e luxuoso<\/strong><\/li>\n<li><strong>Brinquedos infantis para a divers\u00e3o das crian\u00e7as<\/strong><\/li>\n<li><strong>Momentos emocionantes entre Simaria e os filhos<\/strong><\/li>\n<\/ul>\n<h2 class=\"wp-block-heading\">Como \u00e9 a Rela\u00e7\u00e3o de Simaria com seus Filhos?<\/h2>\n<p>Em meio \u00e0s festividades, ficou claro o carinho que Simaria tem por seus filhos. A artista, que mant\u00e9m uma rela\u00e7\u00e3o pr\u00f3xima com Giovanna e Pawel, n\u00e3o poupou carinhos e mostrou que tem um amor incondicional pelas crian\u00e7as. Al\u00e9m da prote\u00e7\u00e3o e das ora\u00e7\u00f5es mencionadas em sua declara\u00e7\u00e3o, Simaria demonstrou que est\u00e1 presente em cada momento importante da vida de seus filhos.<\/p>\n<h2 class=\"wp-block-heading\">O Que Mais Simaria Planeja Para seus Filhos?<\/h2>\n<p>Desde a separa\u00e7\u00e3o de Vicente Escrig, pai de seus filhos, Simaria tem focado em garantir o bem-estar de Giovanna e Pawel. A dedica\u00e7\u00e3o \u00e0 fam\u00edlia fica evidente em cada detalhe das celebra\u00e7\u00f5es e na maneira como a cantora cuida para fazer momentos especiais.<\/p>\n<h2 class=\"wp-block-heading\">Simaria Mant\u00e9m o Equil\u00edbrio Entre a Carreira e a Fam\u00edlia?<\/h2>\n<p>Este evento foi mais uma prova da import\u00e2ncia que Simaria d\u00e1 \u00e0 fam\u00edlia e como ela consegue equilibrar a carreira de sucesso com a vida pessoal. Mesmo com a separa\u00e7\u00e3o, a artista continua fazendo de tudo para ver os filhos felizes e bem cuidados.<\/p>\n<p>A festa de anivers\u00e1rio de Giovanna mostrou n\u00e3o apenas o lado glamouroso da vida de Simaria, mas tamb\u00e9m evidenciou o amor genu\u00edno e o esfor\u00e7o da cantora em manter uma fam\u00edlia unida e feliz, independentemente dos desafios que surgem ao longo do caminho.<\/p>\n<\/p><\/div>\n<p><script async src=\"\/\/www.instagram.com\/embed.js\"><\/script><br \/>\n<br \/><br \/>\n<br \/><a href=\"https:\/\/terrabrasilnoticias.com\/2024\/08\/simaria-comemora-aniversario-da-filha-com-festa-de-luxo-veja-os-detalhes\/\">Source link <\/a><\/p>","protected":false},"excerpt":{"rendered":"<p>A cantora Simaria, de 42 anos, celebrou o anivers\u00e1rio de sua filha Giovanna com uma festa deslumbrante. A pequena Giovanna completou 12 anos e ganhou uma comemora\u00e7\u00e3o \u00e0 altura, com&hellip;<\/p>","protected":false},"author":1,"featured_media":15960,"comment_status":"closed","ping_status":"open","sticky":false,"template":"","format":"standard","meta":{"content-type":"","footnotes":""},"categories":[16],"tags":[],"class_list":["post-15959","post","type-post","status-publish","format-standard","has-post-thumbnail","hentry","category-noticias"],"_links":{"self":[{"href":"https:\/\/tvbrazilusa.com\/pt\/wp-json\/wp\/v2\/posts\/15959","targetHints":{"allow":["GET"]}}],"collection":[{"href":"https:\/\/tvbrazilusa.com\/pt\/wp-json\/wp\/v2\/posts"}],"about":[{"href":"https:\/\/tvbrazilusa.com\/pt\/wp-json\/wp\/v2\/types\/post"}],"author":[{"embeddable":true,"href":"https:\/\/tvbrazilusa.com\/pt\/wp-json\/wp\/v2\/users\/1"}],"replies":[{"embeddable":true,"href":"https:\/\/tvbrazilusa.com\/pt\/wp-json\/wp\/v2\/comments?post=15959"}],"version-history":[{"count":1,"href":"https:\/\/tvbrazilusa.com\/pt\/wp-json\/wp\/v2\/posts\/15959\/revisions"}],"predecessor-version":[{"id":15961,"href":"https:\/\/tvbrazilusa.com\/pt\/wp-json\/wp\/v2\/posts\/15959\/revisions\/15961"}],"wp:featuredmedia":[{"embeddable":true,"href":"https:\/\/tvbrazilusa.com\/pt\/wp-json\/wp\/v2\/media\/15960"}],"wp:attachment":[{"href":"https:\/\/tvbrazilusa.com\/pt\/wp-json\/wp\/v2\/media?parent=15959"}],"wp:term":[{"taxonomy":"category","embeddable":true,"href":"https:\/\/tvbrazilusa.com\/pt\/wp-json\/wp\/v2\/categories?post=15959"},{"taxonomy":"post_tag","embeddable":true,"href":"https:\/\/tvbrazilusa.com\/pt\/wp-json\/wp\/v2\/tags?post=15959"}],"curies":[{"name":"wp","href":"https:\/\/api.w.org\/{rel}","templated":true}]}}