{"id":15962,"date":"2024-08-03T11:30:00","date_gmt":"2024-08-03T11:30:00","guid":{"rendered":"https:\/\/tvbrazilusa.com\/2024\/08\/03\/previsao-do-tempo-para-o-fim-de-semana-no-brasil\/"},"modified":"2024-08-03T11:33:15","modified_gmt":"2024-08-03T11:33:15","slug":"previsao-do-tempo-para-o-fim-de-semana-no-brasil","status":"publish","type":"post","link":"https:\/\/tvbrazilusa.com\/pt\/2024\/08\/03\/previsao-do-tempo-para-o-fim-de-semana-no-brasil\/","title":{"rendered":"Previs\u00e3o do tempo para o fim de semana no Brasil"},"content":{"rendered":"<p> <script async src=\"https:\/\/pagead2.googlesyndication.com\/pagead\/js\/adsbygoogle.js?client=ca-pub-8864793242727901\"\r\n     crossorigin=\"anonymous\"><\/script><br \/>\n<\/p>\n<div>\n<p>O brasileiro est\u00e1 sempre de olho no tempo, seja para planejar atividades ao ar livre, viagens ou at\u00e9 mesmo para a rotina di\u00e1ria. Este fim de semana n\u00e3o ser\u00e1 diferente. Confira abaixo como o clima se comportar\u00e1 nas diferentes regi\u00f5es do pa\u00eds.<\/p>\n<p>Para se manter informado e com todas as novidades na palma da m\u00e3o, n\u00e3o deixe de seguir o Canal Rural no WhatsApp. L\u00e1 voc\u00ea encontra informa\u00e7\u00f5es atualizadas sobre agricultura, pecu\u00e1ria, economia e, claro, a previs\u00e3o do tempo.<\/p>\n<div class=\"wp-block-image\">\n<figure class=\"aligncenter size-large\"><picture decoding=\"async\" class=\"wp-image-165501\"><source type=\"image\/webp\" srcset=\"https:\/\/terrabrasilnoticias.com\/wp-content\/uploads\/2024\/08\/horizon-mountain-cloud-sky-sun-sunrise-1012615-pxhere.com_-1024x765.jpg.webp 1024w, https:\/\/terrabrasilnoticias.com\/wp-content\/uploads\/2024\/08\/horizon-mountain-cloud-sky-sun-sunrise-1012615-pxhere.com_-300x224.jpg.webp 300w, https:\/\/terrabrasilnoticias.com\/wp-content\/uploads\/2024\/08\/horizon-mountain-cloud-sky-sun-sunrise-1012615-pxhere.com_-768x574.jpg.webp 768w, https:\/\/terrabrasilnoticias.com\/wp-content\/uploads\/2024\/08\/horizon-mountain-cloud-sky-sun-sunrise-1012615-pxhere.com_-1536x1147.jpg.webp 1536w, https:\/\/terrabrasilnoticias.com\/wp-content\/uploads\/2024\/08\/horizon-mountain-cloud-sky-sun-sunrise-1012615-pxhere.com_-2048x1530.jpg.webp 2048w, https:\/\/terrabrasilnoticias.com\/wp-content\/uploads\/2024\/08\/horizon-mountain-cloud-sky-sun-sunrise-1012615-pxhere.com_-750x560.jpg.webp 750w, https:\/\/terrabrasilnoticias.com\/wp-content\/uploads\/2024\/08\/horizon-mountain-cloud-sky-sun-sunrise-1012615-pxhere.com_-1140x851.jpg.webp 1140w\" sizes=\"(max-width: 1024px) 100vw, 1024px\"\/><\/picture>\n<\/figure>\n<\/div>\n<h2 class=\"wp-block-heading\">Como ser\u00e1 o clima no Sul este fim de semana?<\/h2>\n<h3 class=\"wp-block-heading\">S\u00e1bado (3)<\/h3>\n<p>No Sul do Brasil, o tempo apresenta varia\u00e7\u00f5es significativas. Para o s\u00e1bado, a previs\u00e3o \u00e9 de tempo firme no norte e nordeste do Rio Grande do Sul, al\u00e9m de Santa Catarina e Paran\u00e1. As chuvas se concentrar\u00e3o nos Pampas, regi\u00e3o da Campanha e extremo sul ga\u00facho. Essas \u00e1reas ter\u00e3o per\u00edodos de melhoria ao longo do dia.<\/p>\n<p>J\u00e1 na regi\u00e3o das Miss\u00f5es, central e Metropolitana de Porto Alegre, \u00e9 esperado chuva em forma de pancadas a partir da tarde, acompanhada por raios. Essa situa\u00e7\u00e3o exige aten\u00e7\u00e3o redobrada para quem estiver nestas \u00e1reas.<\/p>\n<h2 class=\"wp-block-heading\">Sudeste tamb\u00e9m ter\u00e1 c\u00e9u aberto<\/h2>\n<h3 class=\"wp-block-heading\">Domingo (4)<\/h3>\n<p>O domingo no Sudeste ser\u00e1 predominantemente ensolarado. Em S\u00e3o Paulo, Rio de Janeiro e Minas Gerais, o dia ser\u00e1 de sol, com poucas nuvens e ar seco, sem previs\u00e3o de chuva. Apenas no leste capixaba h\u00e1 possibilidade de chuvas isoladas ao longo do dia.<\/p>\n<p>Para quem estiver no Esp\u00edrito Santo, a intensidade da chuva pode ser um pouco mais forte nas \u00e1reas pr\u00f3ximas ao litoral norte. Portanto, \u00e9 bom estar preparado!<\/p>\n<h2 class=\"wp-block-heading\">Vai chover no Centro-Oeste?<\/h2>\n<h3 class=\"wp-block-heading\">S\u00e1bado (3)<\/h3>\n<p>No Centro-Oeste, o s\u00e1bado ser\u00e1 marcado pela aus\u00eancia de chuvas. O sol predominar\u00e1 em praticamente toda a regi\u00e3o, mantendo o ar seco e a umidade relativa do ar abaixo dos 30% em amplas \u00e1reas. No sul, oeste e leste de Mato Grosso do Sul, assim como no leste de Mato Grosso, o c\u00e9u estar\u00e1 nublado, mas sem chuvas.<\/p>\n<p>Essa condi\u00e7\u00e3o \u00e9 favor\u00e1vel para atividades ao ar livre, mas exige aten\u00e7\u00e3o com a hidrata\u00e7\u00e3o devido \u00e0 baixa umidade.<\/p>\n<h2 class=\"wp-block-heading\">Chuva intensa no Nordeste: o que esperar?<\/h2>\n<h3 class=\"wp-block-heading\">Domingo (4)<\/h3>\n<p>No Nordeste, a infiltra\u00e7\u00e3o mar\u00edtima continua trazendo mais umidade para a faixa litor\u00e2nea. No domingo, h\u00e1 previs\u00e3o de chuvas isoladas no litoral sul da Bahia, incluindo Ilh\u00e9us. No interior nordestino, o tempo segue firme e seco, sem previs\u00e3o de forma\u00e7\u00e3o de nuvens de chuva.<\/p>\n<p>Portanto, quem estiver no litoral pode se preparar para chuvas passageiras, enquanto no interior o clima ser\u00e1 mais est\u00e1vel e seco.<\/p>\n<h2 class=\"wp-block-heading\">Tempo inst\u00e1vel no Norte: previs\u00f5es detalhadas<\/h2>\n<h3 class=\"wp-block-heading\">S\u00e1bado (3)<\/h3>\n<p>No Norte do Brasil, a previs\u00e3o indica tempo inst\u00e1vel em v\u00e1rios estados. Amazonas, Acre, Roraima, Amap\u00e1, centro-oeste de Rond\u00f4nia e do Par\u00e1 podem esperar chuvas em forma de pancadas isoladas, especialmente \u00e0 tarde.<\/p>\n<p>Por outro lado, regi\u00f5es do Par\u00e1 e Rond\u00f4nia, assim como o estado de Tocantins, ter\u00e3o um dia de sol com tempo firme e sem chuvas.<\/p>\n<h3 class=\"wp-block-heading\">Domingo (4)<\/h3>\n<p>Para o domingo, a instabilidade permanece no Amazonas, Acre, Roraima, Amap\u00e1, centro-sul e leste de Rond\u00f4nia, al\u00e9m do litoral e noroeste do Par\u00e1. Chove nessas \u00e1reas em forma de pancadas isoladas, com poss\u00edveis raios. J\u00e1 nas demais \u00e1reas do Par\u00e1 e Rond\u00f4nia, e tamb\u00e9m em Tocantins, o tempo continuar\u00e1 firme, com predom\u00ednio de sol e aus\u00eancia de chuva.<\/p>\n<p>Com essas informa\u00e7\u00f5es, voc\u00ea pode planejar melhor o seu fim de semana, esteja onde estiver no Brasil. N\u00e3o se esque\u00e7a de acompanhar o Canal Rural no WhatsApp para mais atualiza\u00e7\u00f5es.<\/p>\n<\/p><\/div>\n<p><br \/>\n<br \/><a href=\"https:\/\/terrabrasilnoticias.com\/2024\/08\/previsao-do-tempo-para-o-fim-de-semana-no-brasil\/\">Source link <\/a><\/p>","protected":false},"excerpt":{"rendered":"<p>O brasileiro est\u00e1 sempre de olho no tempo, seja para planejar atividades ao ar livre, viagens ou at\u00e9 mesmo para a rotina di\u00e1ria. Este fim de semana n\u00e3o ser\u00e1 diferente.&hellip;<\/p>","protected":false},"author":1,"featured_media":15963,"comment_status":"closed","ping_status":"open","sticky":false,"template":"","format":"standard","meta":{"content-type":"","footnotes":""},"categories":[16],"tags":[1381,6815,2750,6816,6817],"class_list":["post-15962","post","type-post","status-publish","format-standard","has-post-thumbnail","hentry","category-noticias","tag-chuva","tag-fim-de-semana","tag-previsao-do-tempo","tag-sol","tag-tempo-brasil"],"_links":{"self":[{"href":"https:\/\/tvbrazilusa.com\/pt\/wp-json\/wp\/v2\/posts\/15962","targetHints":{"allow":["GET"]}}],"collection":[{"href":"https:\/\/tvbrazilusa.com\/pt\/wp-json\/wp\/v2\/posts"}],"about":[{"href":"https:\/\/tvbrazilusa.com\/pt\/wp-json\/wp\/v2\/types\/post"}],"author":[{"embeddable":true,"href":"https:\/\/tvbrazilusa.com\/pt\/wp-json\/wp\/v2\/users\/1"}],"replies":[{"embeddable":true,"href":"https:\/\/tvbrazilusa.com\/pt\/wp-json\/wp\/v2\/comments?post=15962"}],"version-history":[{"count":1,"href":"https:\/\/tvbrazilusa.com\/pt\/wp-json\/wp\/v2\/posts\/15962\/revisions"}],"predecessor-version":[{"id":15964,"href":"https:\/\/tvbrazilusa.com\/pt\/wp-json\/wp\/v2\/posts\/15962\/revisions\/15964"}],"wp:featuredmedia":[{"embeddable":true,"href":"https:\/\/tvbrazilusa.com\/pt\/wp-json\/wp\/v2\/media\/15963"}],"wp:attachment":[{"href":"https:\/\/tvbrazilusa.com\/pt\/wp-json\/wp\/v2\/media?parent=15962"}],"wp:term":[{"taxonomy":"category","embeddable":true,"href":"https:\/\/tvbrazilusa.com\/pt\/wp-json\/wp\/v2\/categories?post=15962"},{"taxonomy":"post_tag","embeddable":true,"href":"https:\/\/tvbrazilusa.com\/pt\/wp-json\/wp\/v2\/tags?post=15962"}],"curies":[{"name":"wp","href":"https:\/\/api.w.org\/{rel}","templated":true}]}}