{"id":1597,"date":"2024-07-11T00:00:00","date_gmt":"2024-07-11T00:00:00","guid":{"rendered":"https:\/\/tvbrazilusa.com\/?p=1597"},"modified":"2024-07-11T00:26:29","modified_gmt":"2024-07-11T00:26:29","slug":"santos-de-carille-quer-leo-natel-mas-marcelo-teixeira-tem-uma-condicao","status":"publish","type":"post","link":"https:\/\/tvbrazilusa.com\/pt\/2024\/07\/11\/santos-de-carille-quer-leo-natel-mas-marcelo-teixeira-tem-uma-condicao\/","title":{"rendered":"Santos de Carille quer L\u00e9o Natel, mas Marcelo Teixeira tem uma condi\u00e7\u00e3o"},"content":{"rendered":"<p> <script async src=\"https:\/\/pagead2.googlesyndication.com\/pagead\/js\/adsbygoogle.js?client=ca-pub-8864793242727901\"\r\n     crossorigin=\"anonymous\"><\/script><br \/>\n<\/p>\n<div>\n<p>O <a href=\"https:\/\/www.santosfc.com.br\/\" target=\"_blank\" rel=\"noreferrer noopener\">Santos Futebol Clube<\/a> est\u00e1 em vias de anunciar uma importante contrata\u00e7\u00e3o para a sequ\u00eancia da temporada. L\u00e9o Natel, atacante que estava atuando pelo Melbourne City na Austr\u00e1lia, realizou exames f\u00edsicos no CT Rei Pel\u00e9 e a assinatura do contrato parece ser question\u00e1rio de tempo. A chegada do jogador \u00e9 uma solicita\u00e7\u00e3o expressa do t\u00e9cnico F\u00e1bio Carille, que visa adicionar qualidade e versatilidade ao setor ofensivo do time.<\/p>\n<p>Aos 27 anos, L\u00e9o Natel n\u00e3o est\u00e1 nos planos do <a href=\"https:\/\/www.corinthians.com.br\/\" target=\"_blank\" rel=\"noreferrer noopener\">Corinthians<\/a>, clube que det\u00e9m a maioria de seus direitos econ\u00f4micos, para a temporada atual. Ap\u00f3s um per\u00edodo n\u00e3o muito brilhante em terras australianas, onde marcou seis gols em 29 partidas, o jogador v\u00ea uma grande oportunidade no Peixe para revigorar sua carreira no futebol brasileiro.<\/p>\n<h2 class=\"wp-block-heading\">Quem \u00e9 L\u00e9o Natel e qual sua trajet\u00f3ria no futebol?<\/h2>\n<p>L\u00e9o Natel \u00e9 conhecido por sua agilidade e habilidade de jogar pelas laterais do campo. Revelado inicialmente pelo Benfica e com uma marcante passagem pelas categorias de base do S\u00e3o Paulo, o atacante visou estabelecer sua carreira no Corinthians a partir de julho de 2020. No entanto, com apenas quatro gols em 54 jogos pelo time do Parque S\u00e3o Jorge, ele busca no Santos a chance de retomar seu melhor futebol.<\/p>\n<div class=\"wp-block-image\">\n<figure class=\"aligncenter size-full\"><picture decoding=\"async\" class=\"wp-image-152190\"><source type=\"image\/webp\" srcset=\"https:\/\/terrabrasilnoticias.com\/wp-content\/uploads\/2024\/07\/123123.png.webp 748w, https:\/\/terrabrasilnoticias.com\/wp-content\/uploads\/2024\/07\/123123-300x221.png.webp 300w\" sizes=\"(max-width: 748px) 100vw, 748px\"\/><\/picture><figcaption class=\"wp-element-caption\">Foto: Rodrigo Coca <\/figcaption><\/figure>\n<\/div>\n<h2 class=\"wp-block-heading\">Qual a estrat\u00e9gia do Santos ao contratar L\u00e9o Natel?<\/h2>\n<p>A estrat\u00e9gia do Santos, <a href=\"https:\/\/terrabrasilnoticias.com\/2024\/07\/corinthians-tera-que-pagar-multa-milionaria-para-levar-fabio-carille-do-santos\/\" target=\"_blank\" rel=\"noreferrer noopener\">comandada por F\u00e1bio Carille<\/a>, \u00e9 fortalecer o conjunto da equipe, principalmente nas posi\u00e7\u00f5es mais carentes, como as laterais do campo. Al\u00e9m de L\u00e9o Natel, o treinador tamb\u00e9m expressou o desejo de incorporar outros jogadores para posi\u00e7\u00f5es estrat\u00e9gicas como a de goleiro, zagueiro e um centroavante de refer\u00eancia.<\/p>\n<h2 class=\"wp-block-heading\">Por Que Marcelo Teixeira Veta Contrato Longo com L\u00e9o Natel?<\/h2>\n<p>O presidente do\u00a0<strong>Santos<\/strong>, Marcelo Teixeira, decidiu n\u00e3o estender um contrato duradouro a L\u00e9o Natel, baseando-se na vis\u00e3o de que o jogador n\u00e3o se encaixa nos planos a longo prazo do clube. Essa posi\u00e7\u00e3o revela um cuidado na gest\u00e3o de recursos do clube, visando n\u00e3o apenas a atual temporada, mas tamb\u00e9m o futuro do time na competi\u00e7\u00e3o.<\/p>\n<h2 class=\"wp-block-heading\">Perspectivas para L\u00e9o Natel no Santos<\/h2>\n<p>Com um contrato que se encerra em 31 de dezembro deste ano no Corinthians, L\u00e9o Natel est\u00e1 livre para assinar um pr\u00e9-contrato com qualquer equipe, facilitando as negocia\u00e7\u00f5es para o Santos. As conversas indicam que o atacante pode assinar um vinculou de dois ou tr\u00eas anos com o alvinegro praiano. Isso representa uma oportunidade para Natel reestabelecer sua imagem no cen\u00e1rio do futebol brasileiro como um atacante capaz e eficiente.<\/p>\n<p>A expectativa \u00e9 que essa seja uma transfer\u00eancia ben\u00e9fica para todas as partes envolvidas. Enquanto o Santos se beneficiaria com um jogador talentoso e com vontade de provar seu valor, o Corinthians se aliviaria do \u00f4nus financeiro de manter o sal\u00e1rio do jogador sem o utilizar em seu esquema t\u00e1tico. Para L\u00e9o Natel, \u00e9 a chance de reiniciar e possivelmente reviver sua carreira em um clube que historicamente proporciona boas oportunidades de recome\u00e7o aos seus contratados.<\/p>\n<\/p><\/div>\n<p><br \/>\n<br \/><a href=\"https:\/\/terrabrasilnoticias.com\/2024\/07\/santos-de-carille-quer-leo-natel-mas-marcelo-teixeira-tem-uma-condicao\/\">Source link <\/a><\/p>","protected":false},"excerpt":{"rendered":"<p>O Santos Futebol Clube est\u00e1 em vias de anunciar uma importante contrata\u00e7\u00e3o para a sequ\u00eancia da temporada. L\u00e9o Natel, atacante que estava atuando pelo Melbourne City na Austr\u00e1lia, realizou exames&hellip;<\/p>","protected":false},"author":1,"featured_media":1598,"comment_status":"open","ping_status":"open","sticky":false,"template":"","format":"standard","meta":{"content-type":"","footnotes":""},"categories":[16],"tags":[],"class_list":["post-1597","post","type-post","status-publish","format-standard","has-post-thumbnail","hentry","category-noticias"],"_links":{"self":[{"href":"https:\/\/tvbrazilusa.com\/pt\/wp-json\/wp\/v2\/posts\/1597","targetHints":{"allow":["GET"]}}],"collection":[{"href":"https:\/\/tvbrazilusa.com\/pt\/wp-json\/wp\/v2\/posts"}],"about":[{"href":"https:\/\/tvbrazilusa.com\/pt\/wp-json\/wp\/v2\/types\/post"}],"author":[{"embeddable":true,"href":"https:\/\/tvbrazilusa.com\/pt\/wp-json\/wp\/v2\/users\/1"}],"replies":[{"embeddable":true,"href":"https:\/\/tvbrazilusa.com\/pt\/wp-json\/wp\/v2\/comments?post=1597"}],"version-history":[{"count":1,"href":"https:\/\/tvbrazilusa.com\/pt\/wp-json\/wp\/v2\/posts\/1597\/revisions"}],"predecessor-version":[{"id":1599,"href":"https:\/\/tvbrazilusa.com\/pt\/wp-json\/wp\/v2\/posts\/1597\/revisions\/1599"}],"wp:featuredmedia":[{"embeddable":true,"href":"https:\/\/tvbrazilusa.com\/pt\/wp-json\/wp\/v2\/media\/1598"}],"wp:attachment":[{"href":"https:\/\/tvbrazilusa.com\/pt\/wp-json\/wp\/v2\/media?parent=1597"}],"wp:term":[{"taxonomy":"category","embeddable":true,"href":"https:\/\/tvbrazilusa.com\/pt\/wp-json\/wp\/v2\/categories?post=1597"},{"taxonomy":"post_tag","embeddable":true,"href":"https:\/\/tvbrazilusa.com\/pt\/wp-json\/wp\/v2\/tags?post=1597"}],"curies":[{"name":"wp","href":"https:\/\/api.w.org\/{rel}","templated":true}]}}