{"id":15974,"date":"2024-08-03T12:13:25","date_gmt":"2024-08-03T12:13:25","guid":{"rendered":"https:\/\/tvbrazilusa.com\/2024\/08\/03\/turquia-bloqueia-instagram-em-meio-a-controversias-e-acusacoes-de-censura-apos-morte-de-lider-do-hamas\/"},"modified":"2024-08-03T12:17:06","modified_gmt":"2024-08-03T12:17:06","slug":"turquia-bloqueia-instagram-em-meio-a-controversias-e-acusacoes-de-censura-apos-morte-de-lider-do-hamas","status":"publish","type":"post","link":"https:\/\/tvbrazilusa.com\/pt\/2024\/08\/03\/turquia-bloqueia-instagram-em-meio-a-controversias-e-acusacoes-de-censura-apos-morte-de-lider-do-hamas\/","title":{"rendered":"Turquia bloqueia Instagram em meio a controv\u00e9rsias e acusa\u00e7\u00f5es de censura ap\u00f3s morte de l\u00edder do Hamas"},"content":{"rendered":"<p> <script async src=\"https:\/\/pagead2.googlesyndication.com\/pagead\/js\/adsbygoogle.js?client=ca-pub-8864793242727901\"\r\n     crossorigin=\"anonymous\"><\/script><br \/>\n<\/p>\n<div>\n<p>A Turquia bloqueou nesta sexta-feira, 2 de agosto de 2024, o acesso \u00e0 rede social Instagram, gerando surpresa e indigna\u00e7\u00e3o entre os usu\u00e1rios. A medida foi anunciada pela Autoridade de Telecomunica\u00e7\u00f5es da Turquia (BTK), sem fornecer uma justificativa clara.<\/p>\n<p>Muitas pessoas relataram na rede social X que n\u00e3o conseguem atualizar o feed no Instagram, um problema que tamb\u00e9m foi confirmado pela AFP. A BTK publicou em seu site que o \u201cinstagram.com foi bloqueado por uma decis\u00e3o em 02\/08\/2024\u201d, mas n\u00e3o revelou detalhes adicionais.<\/p>\n<h2 class=\"wp-block-heading\">Por Que a Turquia Bloqueou o Instagram?<\/h2>\n<p>O bloqueio ocorre pouco tempo depois que Fahrettin Altun, diretor de comunica\u00e7\u00e3o da presid\u00eancia turca, acusou a plataforma de <strong>Instagram<\/strong> de censura. Altun afirmou que a rede social \u201cimpedia as pessoas de publicar mensagens de condol\u00eancias para o m\u00e1rtir Ismail Haniyeh\u201d, l\u00edder do Hamas, morto em um ataque no Ir\u00e3 atribu\u00eddo a Israel. Ele classificou o acontecimento como \u201cuma tentativa de censura muito clara e evidente\u201d.<\/p>\n<p>No entanto, a BTK desmentiu essas alega\u00e7\u00f5es, afirmando que o bloqueio n\u00e3o estava relacionado \u00e0 morte do l\u00edder palestino. Um funcion\u00e1rio da BTK, falando sob anonimato, disse ao site especializado Medyascope que a medida foi adotada devido a \u201cinsultos contra Ataturk\u201d, o fundador da Turquia moderna, e \u201cuma s\u00e9rie de crimes\u201d, envolvendo drogas, jogos e viol\u00eancia sexual contra menores.<\/p>\n<h2 class=\"wp-block-heading\">Como a Popula\u00e7\u00e3o Turca Reagiu ao Bloqueio?<\/h2>\n<p>O bloqueio ao Instagram teve um impacto significativo, j\u00e1 que a plataforma possui mais de 50 milh\u00f5es de usu\u00e1rios em um pa\u00eds de 85 milh\u00f5es de habitantes. Muitos turcos recorreram ao humor na rede social X para ironizar a situa\u00e7\u00e3o. Uma pessoa publicou fotos de vag\u00f5es de metr\u00f4 lotados com a legenda: \u201cX quando os turcos acordam e descobrem que o Instagram est\u00e1 bloqueado\u201d.<\/p>\n<h2 class=\"wp-block-heading\">Hist\u00f3rico de Bloqueios em Redes Sociais na Turquia<\/h2>\n<p>Este n\u00e3o \u00e9 o primeiro caso de bloqueio de redes sociais na Turquia. As autoridades locais j\u00e1 recorreram a essa medida em v\u00e1rias ocasi\u00f5es, geralmente ap\u00f3s atentados no pa\u00eds. Redes sociais como Facebook e X (anteriormente Twitter) tamb\u00e9m foram temporariamente bloqueadas em momentos de tens\u00e3o pol\u00edtica.<\/p>\n<ul class=\"wp-block-list\">\n<li>Entre abril de 2017 e janeiro de 2020, as autoridades bloquearam o acesso \u00e0 enciclop\u00e9dia colaborativa Wikipedia por dois artigos que ligavam Ancara a organiza\u00e7\u00f5es extremistas.<\/li>\n<li>Em abril de 2024, o grupo americano Meta, propriet\u00e1rio do Facebook, anunciou a suspens\u00e3o de sua rede social Threads na Turquia, ap\u00f3s uma decis\u00e3o da autoridade nacional de concorr\u00eancia que impedia o compartilhamento de dados com o Instagram.<\/li>\n<\/ul>\n<p>Embora o governo do presidente Recep Tayyip Erdogan seja frequentemente acusado de violar a liberdade de express\u00e3o, as decis\u00f5es de bloqueio t\u00eam um grande impacto devido \u00e0 quantidade significativa de conte\u00fado restrito.<\/p>\n<h2 class=\"wp-block-heading\">O Que Podemos Esperar no Futuro?<\/h2>\n<p>A quest\u00e3o agora \u00e9 se o <strong>bloqueio do Instagram<\/strong> na Turquia ser\u00e1 tempor\u00e1rio ou se estender\u00e1 por um per\u00edodo mais longo. A BTK deixou claro que solicitou \u00e0 plataforma a retirada dos conte\u00fados considerados ofensivos, e que possuem o direito de bloquear se o problema n\u00e3o for resolvido.<\/p>\n<p>\u00c9 importante lembrar que a liberdade de express\u00e3o nas redes sociais \u00e9 um tema delicado na Turquia. Embora as decis\u00f5es de bloqueio possam ser justificadas sob a alega\u00e7\u00e3o de proteger a moral e a seguran\u00e7a p\u00fablica, tamb\u00e9m levantam preocupa\u00e7\u00f5es sobre a censura e o controle de informa\u00e7\u00f5es no pa\u00eds.<\/p>\n<\/p><\/div>\n<p><script async src=\"\/\/www.instagram.com\/embed.js\"><\/script><br \/>\n<br \/><br \/>\n<br \/><a href=\"https:\/\/terrabrasilnoticias.com\/2024\/08\/turquia-bloqueia-instagram-em-meio-a-controversias-e-acusacoes-de-censura-apos-morte-de-lider-do-hamas\/\">Source link <\/a><\/p>","protected":false},"excerpt":{"rendered":"<p>A Turquia bloqueou nesta sexta-feira, 2 de agosto de 2024, o acesso \u00e0 rede social Instagram, gerando surpresa e indigna\u00e7\u00e3o entre os usu\u00e1rios. A medida foi anunciada pela Autoridade de&hellip;<\/p>","protected":false},"author":1,"featured_media":15975,"comment_status":"closed","ping_status":"open","sticky":false,"template":"","format":"standard","meta":{"content-type":"","footnotes":""},"categories":[16],"tags":[],"class_list":["post-15974","post","type-post","status-publish","format-standard","has-post-thumbnail","hentry","category-noticias"],"_links":{"self":[{"href":"https:\/\/tvbrazilusa.com\/pt\/wp-json\/wp\/v2\/posts\/15974","targetHints":{"allow":["GET"]}}],"collection":[{"href":"https:\/\/tvbrazilusa.com\/pt\/wp-json\/wp\/v2\/posts"}],"about":[{"href":"https:\/\/tvbrazilusa.com\/pt\/wp-json\/wp\/v2\/types\/post"}],"author":[{"embeddable":true,"href":"https:\/\/tvbrazilusa.com\/pt\/wp-json\/wp\/v2\/users\/1"}],"replies":[{"embeddable":true,"href":"https:\/\/tvbrazilusa.com\/pt\/wp-json\/wp\/v2\/comments?post=15974"}],"version-history":[{"count":1,"href":"https:\/\/tvbrazilusa.com\/pt\/wp-json\/wp\/v2\/posts\/15974\/revisions"}],"predecessor-version":[{"id":15976,"href":"https:\/\/tvbrazilusa.com\/pt\/wp-json\/wp\/v2\/posts\/15974\/revisions\/15976"}],"wp:featuredmedia":[{"embeddable":true,"href":"https:\/\/tvbrazilusa.com\/pt\/wp-json\/wp\/v2\/media\/15975"}],"wp:attachment":[{"href":"https:\/\/tvbrazilusa.com\/pt\/wp-json\/wp\/v2\/media?parent=15974"}],"wp:term":[{"taxonomy":"category","embeddable":true,"href":"https:\/\/tvbrazilusa.com\/pt\/wp-json\/wp\/v2\/categories?post=15974"},{"taxonomy":"post_tag","embeddable":true,"href":"https:\/\/tvbrazilusa.com\/pt\/wp-json\/wp\/v2\/tags?post=15974"}],"curies":[{"name":"wp","href":"https:\/\/api.w.org\/{rel}","templated":true}]}}