{"id":15986,"date":"2024-08-03T12:23:00","date_gmt":"2024-08-03T12:23:00","guid":{"rendered":"https:\/\/tvbrazilusa.com\/2024\/08\/03\/kamala-harris-esta-entrevistando-seis-possiveis-escolhas-de-vice-presidente-neste-fim-de-semana-dizem-fontes-da-ap-2\/"},"modified":"2024-08-03T12:48:12","modified_gmt":"2024-08-03T12:48:12","slug":"kamala-harris-esta-entrevistando-seis-possiveis-escolhas-de-vice-presidente-neste-fim-de-semana-dizem-fontes-da-ap-2","status":"publish","type":"post","link":"https:\/\/tvbrazilusa.com\/pt\/2024\/08\/03\/kamala-harris-esta-entrevistando-seis-possiveis-escolhas-de-vice-presidente-neste-fim-de-semana-dizem-fontes-da-ap-2\/","title":{"rendered":"Kamala Harris est\u00e1 entrevistando seis poss\u00edveis escolhas de vice-presidente neste fim de semana, dizem fontes da AP"},"content":{"rendered":"<p> <script async src=\"https:\/\/pagead2.googlesyndication.com\/pagead\/js\/adsbygoogle.js?client=ca-pub-8864793242727901\"\r\n     crossorigin=\"anonymous\"><\/script><br \/>\n<\/p>\n<div id=\"\">\n<header class=\"m-article-header m-article-header--standard\">\n\t\t\t\t\t\t\t\t\t\t\t\t<span id=\"article-header-primary-term\"><br \/>\n\t\t\t\t\t\t\t\t<a class=\"a-term a-term--primary\" href=\"https:\/\/www.boston.com\/tag\/national-news\/\"><\/p>\n<p>\t\t\t\t\t\t\t\tnoticias nacionais\t\t\t\t\t\t\t\t<\/a><br \/>\n\t\t\t\t\t\t\t<\/span><\/p>\n<h2 class=\"m-article-header__sub-headline\">Sua lista de entrevistados inclui os governadores Andy Beshear, do Kentucky, JB Pritzker, de Illinois, Josh Shapiro, da Pensilv\u00e2nia, e Tim Walz, de Minnesota, bem como o senador Mark Kelly, do Arizona, e o secret\u00e1rio de Transportes, Pete Buttigieg.<\/h2>\n<figure class=\"a-photo m-article-header__photo\"><figcaption class=\"a-photo__caption\">\n<p>\tA vice-presidente Kamala Harris faz coment\u00e1rios em uma reuni\u00e3o da irmandade Sigma Gamma Rho em Houston, em 31 de julho de 2024, em Houston. (AP Photo\/LM Otero, arquivo)<em> <\/em>\t<\/figcaption><\/figure>\n<div class=\"m-article-header__meta\">\n<div class=\"m-article-header__byline\">\n<p class=\"m-article-header__author\">\n<p>\t\t\t\t\t\t\t\tPor SEUNG MIN KIM e ZEKE MILLER, Associated Press\t\t\t\t\t\t\t<\/p>\n<p>\t\t\t\t\t\t    \t\t\t\t\t\t\t<time class=\"m-article-header__date\"><\/p>\n<p>        \t\t\t\t\t\t\t3 de agosto de 2024 | 8h23    \t\t\t\t\t\t\t<\/time><\/p><\/div>\n<\/p><\/div>\n<\/header>\n<p>WASHINGTON (AP) \u2014 <a href=\"https:\/\/apnews.com\/article\/kamala-harris-nomination-dnc-463d0b8095f2ca3526b3af3a2f44c3ca\">Vice-presidente Kamala Harris<\/a> est\u00e1 entrevistando meia d\u00fazia <a href=\"https:\/\/apnews.com\/article\/harris-shapiro-kelly-beshear-walz-vp-democrats-d01c79817844b66c5bf466a1cd403c50\">potenciais companheiros de chapa<\/a> neste fim de semana antes de um an\u00fancio formal e uma turn\u00ea de batalha com seu novo n\u00famero 2 na pr\u00f3xima semana.<\/p>\n<p>Sua lista de entrevistas inclui os governadores Andy Beshear do Kentucky, JB Pritzker de Illinois, Josh Shapiro da Pensilv\u00e2nia e Tim Walz de Minnesota, bem como o senador Mark Kelly do Arizona e o secret\u00e1rio de Transportes Pete Buttigieg, de acordo com duas pessoas com conhecimento do processo de sele\u00e7\u00e3o de Harris. As pessoas receberam anonimato para discutir delibera\u00e7\u00f5es privadas de campanha.<\/p>\n<p><a href=\"https:\/\/www.boston.com\/news\/politics\/2024\/08\/01\/pro-palestinian-groups-seek-to-thwart-josh-shapiros-chances-harris-vp\/\">Shapiro <\/a>e Kelly foi vista como uma das favoritas durante seu truncado processo de sele\u00e7\u00e3o, que come\u00e7ou com a avalia\u00e7\u00e3o de cerca de uma d\u00fazia de nomes. Alguns se retiraram publicamente da considera\u00e7\u00e3o, como o governador da Carolina do Norte, Roy Cooper, que \u00e9 pr\u00f3ximo de Harris desde o tempo em que foram procuradores-gerais do estado, mas expressou preocupa\u00e7\u00e3o sobre viajar regularmente para fora do estado se ele estivesse no nacional <a href=\"https:\/\/www.boston.com\/news\/politics\/2024\/08\/01\/harris-trump-false-claims-race-divisiveness-disrespect-2024-election\/\">Bilhete Democrata<\/a>.<\/p>\n<p>O prazo para escolher um companheiro de chapa \u00e9 efetivamente ter\u00e7a-feira, quando Harris lan\u00e7ar\u00e1 uma <a href=\"https:\/\/apnews.com\/article\/harris-vice-president-democrats-shapiro-beshear-4184b5d184fe0165051d605bff3cff1b\">tour por sete estados-chave em disputa<\/a>come\u00e7ando na Filad\u00e9lfia.<\/p>\n<p>O presidente Joe Biden disse aos rep\u00f3rteres na sexta-feira que falou com Harris sobre sua busca por uma <a href=\"https:\/\/www.boston.com\/news\/politics\/2024\/08\/02\/kamala-harris-enough-democratic-delegate-votes-party-nominee-committee-chair-says\/\">candidato a vice-presidente<\/a>mas quando perguntado se ele tinha algum conselho sobre as qualidades que ela deveria procurar em um companheiro de chapa, o presidente objetou publicamente.<\/p>\n<p>&#8220;Vou deixar que ela resolva isso&#8221;, disse Biden no gramado sul da Casa Branca antes de partir para Wilmington, Delaware, para passar o fim de semana.<\/p>\n<p>Alguns dos <a href=\"https:\/\/apnews.com\/article\/harris-shapiro-walz-kelly-running-mate-choice-31630d69146e4191471c0fde43914bcf\">pessoas na lista restrita de Harris<\/a> cancelaram abruptamente seus planos para este fim de semana, sinalizando que algo poderia estar acontecendo no processo de sele\u00e7\u00e3o do vice-presidente. Por exemplo, Shapiro cancelou tr\u00eas eventos de arrecada\u00e7\u00e3o de fundos de fim de semana nas comunidades litor\u00e2neas na costa de Long Island, Nova York, e seu secret\u00e1rio de imprensa, Manuel Bonder, deu poucas explica\u00e7\u00f5es sobre o porqu\u00ea.<\/p>\n<p>\u201cA viagem do governador foi planejada h\u00e1 v\u00e1rias semanas e incluiu v\u00e1rios eventos de arrecada\u00e7\u00e3o de fundos para seu pr\u00f3prio comit\u00ea de campanha\u201d, disse Bonder em uma declara\u00e7\u00e3o. \u201cSua agenda mudou e ele n\u00e3o est\u00e1 mais viajando para os Hamptons neste fim de semana.\u201d<\/p>\n<p>Uma arrecada\u00e7\u00e3o de fundos de Shapiro seria organizada por Michael Kempner, um membro do presidente <a href=\"https:\/\/apnews.com\/hub\/joe-biden\">Joe Biden<\/a>comit\u00ea financeiro nacional. Kempner disse em uma nota aos convidados que a reuni\u00e3o havia sido adiada e defendeu abertamente que Shapiro fosse o n\u00famero 2 de Harris, escrevendo que \u201cmuitos est\u00e3o especulando que isso \u00e9 um sinal de que ele ser\u00e1 o vice-presidente\u201d.<\/p>\n<p>Enquanto isso, um v\u00eddeo colocado nas redes sociais pela prefeita da Filad\u00e9lfia, Cherelle Parker \u2014 que est\u00e1 apoiando publicamente Shapiro para vice-presidente \u2014 causou como\u00e7\u00e3o na sexta-feira. Ele mostrou uma s\u00e9rie de autoridades da \u00e1rea da Filad\u00e9lfia e democratas promovendo Harris para presidente, mas tamb\u00e9m promovendo Shapiro para vice-presidente, sugerindo a alguns que Parker pode ter conhecimento interno sobre a decis\u00e3o de Harris.<\/p>\n<p>No entanto, uma pessoa com conhecimento do pensamento do prefeito disse que o v\u00eddeo era simplesmente o prefeito mostrando apoio tanto a Harris quanto ao potencial de que Shapiro, amigo de Parker, ser\u00e1 seu companheiro de chapa para vice-presidente. A pessoa falou sob condi\u00e7\u00e3o de anonimato porque n\u00e3o estava autorizada a discutir o assunto publicamente.<\/p>\n<p><em>O escritor da Associated Press, Marc Levy, em Harrisburg, Pensilv\u00e2nia, contribuiu para esta reportagem.<\/em><\/p>\n<\/p><\/div>\n<p><script>\n\t\tvar consent=\"grant\";\n\t\t\/* The above code is parsing the JSON data from the local storage and storing it in a variable. *\/\n\t\t\t\t\tconst onetrustStorageConsent = JSON.parse(localStorage.getItem( 'consent_one_trust_bdc' ) );\n\t\t\tif ( ( onetrustStorageConsent !== null ) ) {\n\t\t\t\t\/* Checking to see if the user has consented to the use of cookies.\n\t\t\t\t* If they have not, it is deleting the cookie.\n\t\t\t\t* This will comment for now, until further notice.\n\t\t\t\t*\/\n\t\t\t\t\/\/if ( onetrustStorageConsent.C0002 === false ) {\n\t\t\t\t\/\/\tdocument.cookie=\"_fbp=;expires=Thu, 01 Jan 2010 00:00:00 UTC; path=\/; domain=.boston.com\";\n\t\t\t\t\/\/}\n\t\t\t\t\/* Checking if the user has given consent for the cookie C0002.\n\t\t\t\t* If the user has given consent, the variable consent will be set to 'grant'.\n\t\t\t\t* If the user has not given consent,the variable consent will be set to 'revoke'.\n\t\t\t\t* Documentation https:\/\/developers.facebook.com\/docs\/meta-pixel\/implementation\/gdpr\n\t\t\t\t*\/\n\t\t\t\tif ( onetrustStorageConsent.C0002 !== true ) {\n\t\t\t\t\tconsent=\"revoke\";\n\t\t\t\t}\n\t\t\t}\n\t\t\t\t!function(f,b,e,v,n,t,s)\n\t\t{if(f.fbq)return;n=f.fbq=function(){n.callMethod?\n\t\tn.callMethod.apply(n,arguments):n.queue.push(arguments)};\n\t\tif(!f._fbq)f._fbq=n;n.push=n;n.loaded=!0;n.version='2.0';\n\t\tn.queue=[];t=b.createElement(e);t.async=!0;\n\t\tt.src=v;s=b.getElementsByTagName(e)[0];\n\t\ts.parentNode.insertBefore(t,s)}(window, document,'script',\n\t\t'https:\/\/connect.facebook.net\/en_US\/fbevents.js');\n\t\tfbq('consent', consent);\n\t\tfbq('init', '989222871864976');\n\t\tfbq('track', 'PageView');\n\t<\/script><script type=\"module\">\n\t\tvar consent=\"grant\";\n\t\t\/* The above code is parsing the JSON data from the local storage and storing it in a variable. *\/\n\t\t\tconst onetrustStorageConsent = JSON.parse(localStorage.getItem( 'consent_one_trust_bdc' ) );\n\t\t\t\/* Checking to see if the user has consented to the use of cookies.\n\t\t\t* If they have not, it is deleting the cookie.\n\t\t\t* This will comment for now, until further notice.\n\t\t\t*\/\n\t\t\t\/\/if ( onetrustStorageConsent.C0002 === false ) {\n\t\t\t\/\/\tdocument.cookie=\"_fbp=;expires=Thu, 01 Jan 2010 00:00:00 UTC; path=\/; domain=.boston.com\";\n\t\t\t\/\/}\n\t\t\t\/* Checking if the user has given consent for the cookie C0002.\n\t\t\t* If the user has given consent, the variable consent will be set to 'grant'.\n\t\t\t* If the user has not given consent,the variable consent will be set to 'revoke'.\n\t\t\t* Documentation https:\/\/developers.facebook.com\/docs\/meta-pixel\/implementation\/gdpr\n\t\t\t*\/\n\t\t\tif ( ( onetrustStorageConsent !== null ) && (onetrustStorageConsent.C0002 !== true ) ) {\n\t\t\t\tconsent=\"revoke\";\n\t\t\t}\n\t\t\t\t!function(f,b,e,v,n,t,s){if(f.fbq)return;n=f.fbq=function()\n\t\t{n.callMethod? n.callMethod.apply(n,arguments):n.queue.push(arguments)}\n\t\t;if(!f._fbq)f._fbq=n;\n\t\tn.push=n;n.loaded=!0;n.version='2.0';n.queue=[];t=b.createElement(e);t.async=!0;\n\t\tt.src=v;s=b.getElementsByTagName(e)[0];s.parentNode.insertBefore(t,s)}(window,\n\t\tdocument,'script','https:\/\/connect.facebook.net\/en_US\/fbevents.js');\n\t\tfbq('consent', consent);\n\t\tfbq('init', '813236348753005');\n\t\tfbq('track', \"PageView\");\n\t<\/script><br \/>\n<br \/><br \/>\n<br \/><a href=\"https:\/\/www.boston.com\/news\/national-news\/2024\/08\/03\/kamala-harris-is-interviewing-six-potential-vice-president-picks-this-weekend-ap-sources-say\/\">Source link <\/a><\/p>","protected":false},"excerpt":{"rendered":"<p>noticias nacionais Sua lista de entrevistados inclui os governadores Andy Beshear, do Kentucky, JB Pritzker, de Illinois, Josh Shapiro, da Pensilv\u00e2nia, e Tim Walz, de Minnesota, bem como o senador&hellip;<\/p>","protected":false},"author":1,"featured_media":15987,"comment_status":"closed","ping_status":"open","sticky":false,"template":"","format":"standard","meta":{"content-type":"","footnotes":""},"categories":[1],"tags":[],"class_list":["post-15986","post","type-post","status-publish","format-standard","has-post-thumbnail","hentry","category-uncategorized"],"_links":{"self":[{"href":"https:\/\/tvbrazilusa.com\/pt\/wp-json\/wp\/v2\/posts\/15986","targetHints":{"allow":["GET"]}}],"collection":[{"href":"https:\/\/tvbrazilusa.com\/pt\/wp-json\/wp\/v2\/posts"}],"about":[{"href":"https:\/\/tvbrazilusa.com\/pt\/wp-json\/wp\/v2\/types\/post"}],"author":[{"embeddable":true,"href":"https:\/\/tvbrazilusa.com\/pt\/wp-json\/wp\/v2\/users\/1"}],"replies":[{"embeddable":true,"href":"https:\/\/tvbrazilusa.com\/pt\/wp-json\/wp\/v2\/comments?post=15986"}],"version-history":[{"count":1,"href":"https:\/\/tvbrazilusa.com\/pt\/wp-json\/wp\/v2\/posts\/15986\/revisions"}],"predecessor-version":[{"id":15988,"href":"https:\/\/tvbrazilusa.com\/pt\/wp-json\/wp\/v2\/posts\/15986\/revisions\/15988"}],"wp:featuredmedia":[{"embeddable":true,"href":"https:\/\/tvbrazilusa.com\/pt\/wp-json\/wp\/v2\/media\/15987"}],"wp:attachment":[{"href":"https:\/\/tvbrazilusa.com\/pt\/wp-json\/wp\/v2\/media?parent=15986"}],"wp:term":[{"taxonomy":"category","embeddable":true,"href":"https:\/\/tvbrazilusa.com\/pt\/wp-json\/wp\/v2\/categories?post=15986"},{"taxonomy":"post_tag","embeddable":true,"href":"https:\/\/tvbrazilusa.com\/pt\/wp-json\/wp\/v2\/tags?post=15986"}],"curies":[{"name":"wp","href":"https:\/\/api.w.org\/{rel}","templated":true}]}}