{"id":16044,"date":"2024-08-03T14:16:50","date_gmt":"2024-08-03T14:16:50","guid":{"rendered":"https:\/\/tvbrazilusa.com\/2024\/08\/03\/estudio-da-record-e-atingido-por-incendio-veja-video\/"},"modified":"2024-08-03T14:42:53","modified_gmt":"2024-08-03T14:42:53","slug":"estudio-da-record-e-atingido-por-incendio-veja-video","status":"publish","type":"post","link":"https:\/\/tvbrazilusa.com\/pt\/2024\/08\/03\/estudio-da-record-e-atingido-por-incendio-veja-video\/","title":{"rendered":"Est\u00fadio da Record \u00e9 atingido por inc\u00eandio; VEJA V\u00cdDEO"},"content":{"rendered":"<p> <script async src=\"https:\/\/pagead2.googlesyndication.com\/pagead\/js\/adsbygoogle.js?client=ca-pub-8864793242727901\"\r\n     crossorigin=\"anonymous\"><\/script><br \/>\n<\/p>\n<div>\n<p>Na madrugada deste s\u00e1bado, 3 de agosto de 2024, um inc\u00eandio tomou conta de um est\u00fadio da Record, localizado na sede da emissora em Vargem Grande, Zona Oeste do Rio de Janeiro. Felizmente, n\u00e3o houve feridos no incidente. O Corpo de Bombeiros foi acionado e conseguiu controlar as chamas por volta das 6h50.<\/p>\n<p>Os bombeiros foram chamados por volta da 1h30, com equipes do quartel do Recreio recebendo apoio das unidades da Penha, S\u00e3o Crist\u00f3v\u00e3o, Barra da Tijuca e uma equipe especializada em drones. O inc\u00eandio aconteceu na Rua Dumontina, n\u00famero 70. A opera\u00e7\u00e3o de combate ao fogo foi intensa, mas, gra\u00e7as \u00e0 r\u00e1pida e eficiente atua\u00e7\u00e3o dos bombeiros, o incidente terminou sem v\u00edtimas.<\/p>\n<blockquote class=\"instagram-media\" data-instgrm-captioned=\"\" data-instgrm-permalink=\"https:\/\/www.instagram.com\/reel\/C-NeIvBxFYG\/?utm_source=ig_embed&#038;utm_campaign=loading\" data-instgrm-version=\"14\" style=\" background:#FFF; border:0; border-radius:3px; box-shadow:0 0 1px 0 rgba(0,0,0,0.5),0 1px 10px 0 rgba(0,0,0,0.15); margin: 1px; max-width:540px; min-width:326px; padding:0; width:99.375%; width:-webkit-calc(100% - 2px); width:calc(100% - 2px);\"\/>\n<h2 class=\"wp-block-heading\">Como o Inc\u00eandio na Record Foi Combatido<\/h2>\n<p>Muitas pessoas est\u00e3o curiosas para saber como os profissionais lidaram com o inc\u00eandio. De acordo com o relato dos bombeiros, o processo envolveu v\u00e1rias etapas importantes e um esfor\u00e7o conjunto de diversas unidades.<\/p>\n<ul class=\"wp-block-list\">\n<li>Primeiro, os agentes do quartel do Recreio chegaram ao local e iniciaram a conten\u00e7\u00e3o das chamas.<\/li>\n<li>Logo em seguida, as equipes da Penha, S\u00e3o Crist\u00f3v\u00e3o e Barra da Tijuca se juntaram \u00e0 opera\u00e7\u00e3o.<\/li>\n<li>Foi utilizado um drone para ajudar na visualiza\u00e7\u00e3o do fogo e nas estrat\u00e9gias de combate.<\/li>\n<li>Ap\u00f3s horas de luta contra o inc\u00eandio, as chamas foram finalmente controladas por volta das 6h50.<\/li>\n<\/ul>\n<h2 class=\"wp-block-heading\">Quais S\u00e3o as Causas do Inc\u00eandio na Record?<\/h2>\n<p>Ainda n\u00e3o se sabe as causas exatas do inc\u00eandio que afetou o est\u00fadio da Record. As autoridades est\u00e3o realizando investiga\u00e7\u00f5es para determinar o que levou ao in\u00edcio das chamas. At\u00e9 o momento, nenhuma hip\u00f3tese foi descartada.<\/p>\n<p>Enquanto as investiga\u00e7\u00f5es prosseguem, \u00e9 importante destacar que a emissora e as autoridades est\u00e3o colaborando para esclarecer o ocorrido o mais r\u00e1pido poss\u00edvel.<\/p>\n<h2 class=\"wp-block-heading\">Qual Foi a Resposta da Record ao Inc\u00eandio?<\/h2>\n<p>A Record se manifestou sobre o incidente, assegurando que todas as medidas de seguran\u00e7a foram seguidas e que a atua\u00e7\u00e3o r\u00e1pida dos bombeiros ajudou a evitar uma trag\u00e9dia maior. Veja algumas das principais iniciativas tomadas pela emissora:<\/p>\n<ol class=\"wp-block-list\">\n<li>Evacua\u00e7\u00e3o imediata do est\u00fadio e de \u00e1reas adjacentes.<\/li>\n<li>Comunica\u00e7\u00e3o r\u00e1pida com as autoridades para acelerar a chegada dos bombeiros.<\/li>\n<li>Fornecimento de todas as informa\u00e7\u00f5es necess\u00e1rias para a investiga\u00e7\u00e3o.<\/li>\n<\/ol>\n<p>Em nota oficial, a Record agradeceu a bravura e a efici\u00eancia do Corpo de Bombeiros, afirmando que sem a r\u00e1pida interven\u00e7\u00e3o das equipes, os danos poderiam ter sido bem maiores.<\/p>\n<\/p><\/div>\n<p><script async src=\"\/\/www.instagram.com\/embed.js\"><\/script><br \/>\n<br \/><br \/>\n<br \/><a href=\"https:\/\/terrabrasilnoticias.com\/2024\/08\/estudio-da-record-e-atingido-por-incendio-veja-video\/\">Source link <\/a><\/p>","protected":false},"excerpt":{"rendered":"<p>Na madrugada deste s\u00e1bado, 3 de agosto de 2024, um inc\u00eandio tomou conta de um est\u00fadio da Record, localizado na sede da emissora em Vargem Grande, Zona Oeste do Rio&hellip;<\/p>","protected":false},"author":1,"featured_media":16045,"comment_status":"closed","ping_status":"open","sticky":false,"template":"","format":"standard","meta":{"content-type":"","footnotes":""},"categories":[16],"tags":[],"class_list":["post-16044","post","type-post","status-publish","format-standard","has-post-thumbnail","hentry","category-noticias"],"_links":{"self":[{"href":"https:\/\/tvbrazilusa.com\/pt\/wp-json\/wp\/v2\/posts\/16044","targetHints":{"allow":["GET"]}}],"collection":[{"href":"https:\/\/tvbrazilusa.com\/pt\/wp-json\/wp\/v2\/posts"}],"about":[{"href":"https:\/\/tvbrazilusa.com\/pt\/wp-json\/wp\/v2\/types\/post"}],"author":[{"embeddable":true,"href":"https:\/\/tvbrazilusa.com\/pt\/wp-json\/wp\/v2\/users\/1"}],"replies":[{"embeddable":true,"href":"https:\/\/tvbrazilusa.com\/pt\/wp-json\/wp\/v2\/comments?post=16044"}],"version-history":[{"count":1,"href":"https:\/\/tvbrazilusa.com\/pt\/wp-json\/wp\/v2\/posts\/16044\/revisions"}],"predecessor-version":[{"id":16046,"href":"https:\/\/tvbrazilusa.com\/pt\/wp-json\/wp\/v2\/posts\/16044\/revisions\/16046"}],"wp:featuredmedia":[{"embeddable":true,"href":"https:\/\/tvbrazilusa.com\/pt\/wp-json\/wp\/v2\/media\/16045"}],"wp:attachment":[{"href":"https:\/\/tvbrazilusa.com\/pt\/wp-json\/wp\/v2\/media?parent=16044"}],"wp:term":[{"taxonomy":"category","embeddable":true,"href":"https:\/\/tvbrazilusa.com\/pt\/wp-json\/wp\/v2\/categories?post=16044"},{"taxonomy":"post_tag","embeddable":true,"href":"https:\/\/tvbrazilusa.com\/pt\/wp-json\/wp\/v2\/tags?post=16044"}],"curies":[{"name":"wp","href":"https:\/\/api.w.org\/{rel}","templated":true}]}}