{"id":16117,"date":"2024-08-03T17:00:00","date_gmt":"2024-08-03T17:00:00","guid":{"rendered":"https:\/\/tvbrazilusa.com\/2024\/08\/03\/byd-lanca-nova-geracao-de-carros-eletricos-com-potencia-e-autonomia-impressionantes\/"},"modified":"2024-08-03T17:08:46","modified_gmt":"2024-08-03T17:08:46","slug":"byd-lanca-nova-geracao-de-carros-eletricos-com-potencia-e-autonomia-impressionantes","status":"publish","type":"post","link":"https:\/\/tvbrazilusa.com\/pt\/2024\/08\/03\/byd-lanca-nova-geracao-de-carros-eletricos-com-potencia-e-autonomia-impressionantes\/","title":{"rendered":"BYD lan\u00e7a nova gera\u00e7\u00e3o de carros el\u00e9tricos, com pot\u00eancia e autonomia impressionantes"},"content":{"rendered":"<p> <script async src=\"https:\/\/pagead2.googlesyndication.com\/pagead\/js\/adsbygoogle.js?client=ca-pub-8864793242727901\"\r\n     crossorigin=\"anonymous\"><\/script><br \/>\n<\/p>\n<div>\n<p>A BYD est\u00e1 revolucionando o <a href=\"https:\/\/terrabrasilnoticias.com\/2024\/07\/byd-song-pro-revoluciona-mercado-automotivo-com-a-maior-potencia-da-categoria\/\">mercado automotivo<\/a> com suas novas configura\u00e7\u00f5es de carros el\u00e9tricos, que prometem unir pot\u00eancia e autonomia de forma \u00fanica. As vers\u00f5es de entrada trazem baterias de 8,3 kWh, proporcionando at\u00e9 55 km de autonomia no modo 100% el\u00e9trico. Este lan\u00e7amento se destaca por seu desempenho potente e eficiente, despertando grande interesse entre os entusiastas de ve\u00edculos el\u00e9tricos.<\/p>\n<p>A pot\u00eancia combinada dessas vers\u00f5es de entrada \u00e9 de 209 cavalos-vapor (cv). J\u00e1 a configura\u00e7\u00e3o topo de linha, conhecida como King, supera todas as expectativas. Com baterias de 18,3 kWh, o King consegue rodar at\u00e9 120 km utilizando apenas energia el\u00e9trica, sem necessitar de uma gota de gasolina. Sua pot\u00eancia atinge impressionantes 235 cv, tornando-o uma op\u00e7\u00e3o robusta e ecologicamente correta.<\/p>\n<h2>Baterias poderosas nos carros el\u00e9tricos BYD<\/h2>\n<p>Os novos carros el\u00e9tricos da BYD v\u00eam equipados com baterias inovadoras que proporcionam uma experi\u00eancia de condu\u00e7\u00e3o sem igual. As baterias de 8,3 kWh das vers\u00f5es de entrada conseguem oferecer at\u00e9 55 km de autonomia no modo totalmente el\u00e9trico, destacando-se pela efici\u00eancia energ\u00e9tica. J\u00e1 o modelo King, com suas baterias de 18,3 kWh, promete uma autonomia ainda maior, de at\u00e9 120 km.<\/p>\n<h2>Quais s\u00e3o as especifica\u00e7\u00f5es dos carros el\u00e9tricos da BYD?<\/h2>\n<p>Ambas as configura\u00e7\u00f5es dos carros el\u00e9tricos BYD medem 4,78 metros de comprimento, 1,84 metros de largura, 1,49 metros de altura e possuem uma dist\u00e2ncia entre-eixos de 2,72 metros. A capacidade do porta-malas \u00e9 sempre de 450 litros, garantindo espa\u00e7o suficiente para viagens e atividades do dia a dia.<\/p>\n<ul>\n<li>Baterias de 8,3 kWh nas vers\u00f5es de entrada<\/li>\n<li>Baterias de 18,3 kWh na vers\u00e3o King<\/li>\n<li>Pot\u00eancia de 209 cv nas vers\u00f5es de entrada<\/li>\n<li>Pot\u00eancia de 235 cv na vers\u00e3o King<\/li>\n<li>Autonomia de at\u00e9 55 km e 120 km, respectivamente<\/li>\n<li>Capacidade do porta-malas de 450 litros<\/li>\n<\/ul>\n<p>Os novos carros el\u00e9tricos da BYD s\u00e3o um verdadeiro avan\u00e7o no mercado automotivo, proporcionando uma combina\u00e7\u00e3o de pot\u00eancia e efici\u00eancia que promete atrair muitos consumidores.<\/p>\n<\/p><\/div>\n<p><br \/>\n<br \/><a href=\"https:\/\/terrabrasilnoticias.com\/2024\/08\/byd-lanca-nova-geracao-de-carros-eletricos-com-potencia-e-autonomia-impressionantes\/\">Source link <\/a><\/p>","protected":false},"excerpt":{"rendered":"<p>A BYD est\u00e1 revolucionando o mercado automotivo com suas novas configura\u00e7\u00f5es de carros el\u00e9tricos, que prometem unir pot\u00eancia e autonomia de forma \u00fanica. As vers\u00f5es de entrada trazem baterias de&hellip;<\/p>","protected":false},"author":1,"featured_media":16118,"comment_status":"closed","ping_status":"open","sticky":false,"template":"","format":"standard","meta":{"content-type":"","footnotes":""},"categories":[16],"tags":[123,1751,1985],"class_list":["post-16117","post","type-post","status-publish","format-standard","has-post-thumbnail","hentry","category-noticias","tag-brasil","tag-carros","tag-carros-eletricos"],"_links":{"self":[{"href":"https:\/\/tvbrazilusa.com\/pt\/wp-json\/wp\/v2\/posts\/16117","targetHints":{"allow":["GET"]}}],"collection":[{"href":"https:\/\/tvbrazilusa.com\/pt\/wp-json\/wp\/v2\/posts"}],"about":[{"href":"https:\/\/tvbrazilusa.com\/pt\/wp-json\/wp\/v2\/types\/post"}],"author":[{"embeddable":true,"href":"https:\/\/tvbrazilusa.com\/pt\/wp-json\/wp\/v2\/users\/1"}],"replies":[{"embeddable":true,"href":"https:\/\/tvbrazilusa.com\/pt\/wp-json\/wp\/v2\/comments?post=16117"}],"version-history":[{"count":1,"href":"https:\/\/tvbrazilusa.com\/pt\/wp-json\/wp\/v2\/posts\/16117\/revisions"}],"predecessor-version":[{"id":16119,"href":"https:\/\/tvbrazilusa.com\/pt\/wp-json\/wp\/v2\/posts\/16117\/revisions\/16119"}],"wp:featuredmedia":[{"embeddable":true,"href":"https:\/\/tvbrazilusa.com\/pt\/wp-json\/wp\/v2\/media\/16118"}],"wp:attachment":[{"href":"https:\/\/tvbrazilusa.com\/pt\/wp-json\/wp\/v2\/media?parent=16117"}],"wp:term":[{"taxonomy":"category","embeddable":true,"href":"https:\/\/tvbrazilusa.com\/pt\/wp-json\/wp\/v2\/categories?post=16117"},{"taxonomy":"post_tag","embeddable":true,"href":"https:\/\/tvbrazilusa.com\/pt\/wp-json\/wp\/v2\/tags?post=16117"}],"curies":[{"name":"wp","href":"https:\/\/api.w.org\/{rel}","templated":true}]}}