{"id":1612,"date":"2024-07-11T02:00:00","date_gmt":"2024-07-11T02:00:00","guid":{"rendered":"https:\/\/tvbrazilusa.com\/?p=1612"},"modified":"2024-07-11T02:23:33","modified_gmt":"2024-07-11T02:23:33","slug":"fiat-mobi-2023-e-o-carro-dos-sonhos-de-pessoas-com-deficiencia-veja-descontos-surpreendentes","status":"publish","type":"post","link":"https:\/\/tvbrazilusa.com\/pt\/2024\/07\/11\/fiat-mobi-2023-e-o-carro-dos-sonhos-de-pessoas-com-deficiencia-veja-descontos-surpreendentes\/","title":{"rendered":"Fiat Mobi 2023 \u00e9 o Carro dos Sonhos de Pessoas com Defici\u00eancia! Veja Descontos Surpreendentes!"},"content":{"rendered":"<p> <script async src=\"https:\/\/pagead2.googlesyndication.com\/pagead\/js\/adsbygoogle.js?client=ca-pub-8864793242727901\"\r\n     crossorigin=\"anonymous\"><\/script><br \/>\n<\/p>\n<div>\n<p>O Fiat Mobi 2025 surge como uma alternativa notavelmente favor\u00e1vel para <strong>Pessoas com Defici\u00eancia (PcD)<\/strong>, oferecendo n\u00e3o apenas acessibilidade em termos de condu\u00e7\u00e3o, mas tamb\u00e9m benef\u00edcios econ\u00f4micos significativos. Neste m\u00eas de julho, a <a href=\"https:\/\/terrabrasilnoticias.com\/2024\/05\/veja-quais-foram-os-primeiros-carros-da-ford-volkswagen-fiat-e-outras-marcas-no-brasil\/\" target=\"_blank\" rel=\"noreferrer noopener\">Fiat <\/a>lan\u00e7a uma promo\u00e7\u00e3o que permite a aquisi\u00e7\u00e3o de suas vers\u00f5es com descontos impressionantes, contando com a remo\u00e7\u00e3o completa de IPI e uma isen\u00e7\u00e3o parcial do ICMS.<\/p>\n<p>Esta inovadora promo\u00e7\u00e3o inclui a vers\u00e3o de entrada, a <strong>Like 1.0<\/strong>, e a vers\u00e3o <strong>Trekking 1.0<\/strong>, ambas com condi\u00e7\u00f5es diferenciadas que aliviam de maneira eficaz a carga econ\u00f4mica para os compradores. A vers\u00e3o de entrada, no pre\u00e7o padr\u00e3o de R$ 72.990,00, \u00e9 oferecida por apenas R$ 61.344,82, enquanto a vers\u00e3o Trekking passa de R$ 75.990,00 para R$ 64.206,24, refletindo descontos de at\u00e9 R$ 11.783,76.<\/p>\n<h2 class=\"wp-block-heading\">Por Que o Fiat Mobi 2025 \u00e9 Ideal para PcD?<\/h2>\n<p>O Fiat Mobi foi desenhado pensando na praticidade e conforto, com dimens\u00f5es externas que facilitam a mobilidade urbana, sem falar das adapta\u00e7\u00f5es que podem ser feitas para atender especificidades de cada condutor PcD. Com um porta-malas de 200 litros e altura do solo de 175 mm, ele se posiciona como um ve\u00edculo ideal para o dia a dia na cidade.<\/p>\n<p><strong>Ideal para o Dia a Dia Urbano:<\/strong><\/p>\n<ul>\n<li><strong>Dimens\u00f5es Compactas:<\/strong>\u00a0Facilidade de manobra e estacionamento em centros urbanos.<\/li>\n<li><strong>Porta-malas de 200 Litros:<\/strong>\u00a0Espa\u00e7o suficiente para o dia a dia.<\/li>\n<li><strong>Altura do Solo de 175 mm:<\/strong>\u00a0Permite f\u00e1cil acesso e sa\u00edda do ve\u00edculo.<\/li>\n<li><strong>Adapta\u00e7\u00f5es Poss\u00edveis:<\/strong>\u00a0Personaliza\u00e7\u00e3o para atender \u00e0s necessidades espec\u00edficas de cada condutor PcD.<\/li>\n<\/ul>\n<figure class=\"wp-block-image aligncenter size-full is-resized\"><picture decoding=\"async\" class=\"wp-image-152737\" style=\"width:1200px\"><source type=\"image\/webp\" srcset=\"https:\/\/terrabrasilnoticias.com\/wp-content\/uploads\/2024\/07\/image-284.png.webp 1024w, https:\/\/terrabrasilnoticias.com\/wp-content\/uploads\/2024\/07\/image-284-300x200.png.webp 300w, https:\/\/terrabrasilnoticias.com\/wp-content\/uploads\/2024\/07\/image-284-768x512.png.webp 768w, https:\/\/terrabrasilnoticias.com\/wp-content\/uploads\/2024\/07\/image-284-750x500.png.webp 750w\" sizes=\"(max-width: 1024px) 100vw, 1024px\"\/><img fetchpriority=\"high\" decoding=\"async\" width=\"1024\" height=\"683\" src=\"https:\/\/terrabrasilnoticias.com\/wp-content\/uploads\/2024\/07\/image-284.png\" alt=\"Fonte: Auto Destaque\" srcset=\"https:\/\/terrabrasilnoticias.com\/wp-content\/uploads\/2024\/07\/image-284.png 1024w, https:\/\/terrabrasilnoticias.com\/wp-content\/uploads\/2024\/07\/image-284-300x200.png 300w, https:\/\/terrabrasilnoticias.com\/wp-content\/uploads\/2024\/07\/image-284-768x512.png 768w, https:\/\/terrabrasilnoticias.com\/wp-content\/uploads\/2024\/07\/image-284-750x500.png 750w\" sizes=\"(max-width: 1024px) 100vw, 1024px\"\/>\n<\/picture><figcaption class=\"wp-element-caption\">Fonte:<br \/>\nAuto Destaque<\/figcaption><\/figure>\n<h2 class=\"wp-block-heading\">Como Adquirir o Fiat Mobi 2025 com Benef\u00edcios Fiscais?<\/h2>\n<p>Para usufruir dos benef\u00edcios fiscais no ato da compra de um Fiat Mobi para PcD, o interessado dever\u00e1 come\u00e7ar pelo processo de obten\u00e7\u00e3o de um laudo m\u00e9dico espec\u00edfico, emitido pelas autoridades de tr\u00e2nsito como o Detran. O documento precisa confirmar a defici\u00eancia e a necessidade de adapta\u00e7\u00f5es veiculares, que s\u00e3o essenciais para garantir a m\u00e1xima seguran\u00e7a e conforto durante a condu\u00e7\u00e3o.<\/p>\n<p><strong>Como Adquirir com Benef\u00edcios Fiscais:<\/strong><\/p>\n<ul>\n<li><strong>Laudo M\u00e9dico Espec\u00edfico:<\/strong>\u00a0Emitido pelo Detran,\u00a0comprovando a defici\u00eancia e a necessidade de adapta\u00e7\u00f5es veiculares.<\/li>\n<li><strong>Documenta\u00e7\u00e3o Necess\u00e1ria:<\/strong>\u00a0RG,\u00a0CPF,\u00a0CNH,\u00a0comprovante de resid\u00eancia e laudo m\u00e9dico.<\/li>\n<li><strong>Processo de Compra Simplificado:<\/strong>\u00a0A Fiat oferece suporte para auxiliar PcD na compra do ve\u00edculo com os benef\u00edcios fiscais.<\/li>\n<\/ul>\n<h2 class=\"wp-block-heading\">Como \u00e9 o desempenho e economia do Motor Fire 1.0 EVO 8V Flex?<\/h2>\n<p>O motor que equipa tanto a vers\u00e3o Like quanto a Trekking \u00e9 o Fire 1.0 EVO Flex, reconhecido por sua efici\u00eancia energ\u00e9tica. Com um consumo urbano de at\u00e9 12,7 km\/l na gasolina e 8,8 km\/l no etanol, e ainda melhores desempenhos em estrada, este motor n\u00e3o apenas proporciona uma dirigibilidade suave, mas tamb\u00e9m contribui para a economia de combust\u00edvel, um fator importante para todos os motoristas, e especialmente valioso para aqueles com defici\u00eancias que dependem de ve\u00edculos para transporte frequentes.<\/p>\n<p>O Fiat Mobi 2025 mostra-se, portanto, um ve\u00edculo inovador n\u00e3o s\u00f3 em termos de design e caracter\u00edsticas t\u00e9cnicas, mas tamb\u00e9m como um agente de inclus\u00e3o social, proporcionando a pessoas com necessidades especiais a chance de usufruir de um ve\u00edculo adaptado a um custo acess\u00edvel. Com os descontos aplicados e o suporte para adapta\u00e7\u00e3o, ele se destaca como um forte candidato no mercado de autom\u00f3veis no segmento de PcD em julho de 2025.<\/p>\n<\/p><\/div>\n<p><br \/>\n<br \/><a href=\"https:\/\/terrabrasilnoticias.com\/2024\/07\/fiat-mobi-2023-e-o-carro-dos-sonhos-de-pessoas-com-deficiencia-veja-descontos-surpreendentes\/\">Source link <\/a><\/p>","protected":false},"excerpt":{"rendered":"<p>O Fiat Mobi 2025 surge como uma alternativa notavelmente favor\u00e1vel para Pessoas com Defici\u00eancia (PcD), oferecendo n\u00e3o apenas acessibilidade em termos de condu\u00e7\u00e3o, mas tamb\u00e9m benef\u00edcios econ\u00f4micos significativos. Neste m\u00eas&hellip;<\/p>","protected":false},"author":1,"featured_media":1613,"comment_status":"open","ping_status":"open","sticky":false,"template":"","format":"standard","meta":{"content-type":"","footnotes":""},"categories":[16],"tags":[],"class_list":["post-1612","post","type-post","status-publish","format-standard","has-post-thumbnail","hentry","category-noticias"],"_links":{"self":[{"href":"https:\/\/tvbrazilusa.com\/pt\/wp-json\/wp\/v2\/posts\/1612","targetHints":{"allow":["GET"]}}],"collection":[{"href":"https:\/\/tvbrazilusa.com\/pt\/wp-json\/wp\/v2\/posts"}],"about":[{"href":"https:\/\/tvbrazilusa.com\/pt\/wp-json\/wp\/v2\/types\/post"}],"author":[{"embeddable":true,"href":"https:\/\/tvbrazilusa.com\/pt\/wp-json\/wp\/v2\/users\/1"}],"replies":[{"embeddable":true,"href":"https:\/\/tvbrazilusa.com\/pt\/wp-json\/wp\/v2\/comments?post=1612"}],"version-history":[{"count":1,"href":"https:\/\/tvbrazilusa.com\/pt\/wp-json\/wp\/v2\/posts\/1612\/revisions"}],"predecessor-version":[{"id":1614,"href":"https:\/\/tvbrazilusa.com\/pt\/wp-json\/wp\/v2\/posts\/1612\/revisions\/1614"}],"wp:featuredmedia":[{"embeddable":true,"href":"https:\/\/tvbrazilusa.com\/pt\/wp-json\/wp\/v2\/media\/1613"}],"wp:attachment":[{"href":"https:\/\/tvbrazilusa.com\/pt\/wp-json\/wp\/v2\/media?parent=1612"}],"wp:term":[{"taxonomy":"category","embeddable":true,"href":"https:\/\/tvbrazilusa.com\/pt\/wp-json\/wp\/v2\/categories?post=1612"},{"taxonomy":"post_tag","embeddable":true,"href":"https:\/\/tvbrazilusa.com\/pt\/wp-json\/wp\/v2\/tags?post=1612"}],"curies":[{"name":"wp","href":"https:\/\/api.w.org\/{rel}","templated":true}]}}