{"id":16129,"date":"2024-08-03T16:32:48","date_gmt":"2024-08-03T16:32:48","guid":{"rendered":"https:\/\/tvbrazilusa.com\/2024\/08\/03\/horror-com-a-morte-de-12-criancas-une-os-drusos-atraves-das-fronteiras-mas-as-guerras-do-oriente-medio-rompem-seus-lacos\/"},"modified":"2024-08-03T17:24:17","modified_gmt":"2024-08-03T17:24:17","slug":"horror-com-a-morte-de-12-criancas-une-os-drusos-atraves-das-fronteiras-mas-as-guerras-do-oriente-medio-rompem-seus-lacos","status":"publish","type":"post","link":"https:\/\/tvbrazilusa.com\/pt\/2024\/08\/03\/horror-com-a-morte-de-12-criancas-une-os-drusos-atraves-das-fronteiras-mas-as-guerras-do-oriente-medio-rompem-seus-lacos\/","title":{"rendered":"Horror com a morte de 12 crian\u00e7as une os drusos atrav\u00e9s das fronteiras. Mas as guerras do Oriente M\u00e9dio rompem seus la\u00e7os"},"content":{"rendered":"<script async src=\"https:\/\/pagead2.googlesyndication.com\/pagead\/js\/adsbygoogle.js?client=ca-pub-8864793242727901\"\r\n     crossorigin=\"anonymous\"><\/script>\n<div id=\"\">\n<p class=\"dist__Box-sc-1fnzlkn-0 dist__TextBase-sc-1fnzlkn-3 CGHCP htMUPQ article-text\"><strong>FARDIS<\/strong> \u2013 Alma Ayman Fakhr al-Din, uma animada crian\u00e7a de 11 anos que adorava basquete e aprender l\u00ednguas, estava jogando em um campo de futebol h\u00e1 uma semana em Majdal Shams, uma cidade drusa nas Colinas de Gol\u00e3 ocupadas por Israel, quando <a href=\"https:\/\/apnews.com\/article\/lebanon-israel-hezbollah-golan-kfar-kila-141600af654f48f733b33f9f0a26dbfe\">o foguete atingiu.<\/a><\/p>\n<p class=\"dist__Box-sc-1fnzlkn-0 dist__TextBase-sc-1fnzlkn-3 CGHCP htMUPQ article-text\">Correndo para o local, seu pai Ayman implorou aos socorristas por informa\u00e7\u00f5es sobre sua filha. \u201cDe repente, fui at\u00e9 a esquina e vi uma menina t\u00e3o pequena em uma bolsa\u201d, ele disse. Ele reconheceu seus sapatos, sua m\u00e3o. \u201cEu entendi que era isso, n\u00e3o sobrou nada, ela se foi.\u201d Ela estava entre as 12 crian\u00e7as e adolescentes mortos.<\/p>\n<p class=\"dist__Box-sc-1fnzlkn-0 dist__TextBase-sc-1fnzlkn-3 CGHCP htMUPQ article-text\">O chocante derramamento de sangue unificou os drusos de toda a regi\u00e3o em luto \u2013 e exp\u00f4s a complexa identidade da pequena minoria religiosa insular, cujos membros est\u00e3o espalhados por Israel, pelas Colinas de Gol\u00e3, pelo L\u00edbano e pela S\u00edria.<\/p>\n<p class=\"dist__Box-sc-1fnzlkn-0 dist__TextBase-sc-1fnzlkn-3 CGHCP htMUPQ article-text\">Quem s\u00e3o os drusos?<\/p>\n<p class=\"dist__Box-sc-1fnzlkn-0 dist__TextBase-sc-1fnzlkn-3 CGHCP htMUPQ article-text\">A seita religiosa drusa come\u00e7ou como um desdobramento do ismaelismo no s\u00e9culo X, um ramo do islamismo xiita. N\u00e3o \u00e9 permitido que estrangeiros se convertam, e a maioria das pr\u00e1ticas religiosas \u00e9 envolta em segredo. H\u00e1 apenas um milh\u00e3o de drusos \u2014 mais da metade deles na S\u00edria, cerca de 250.000 no L\u00edbano, 115.000 em Israel e 25.000 <a href=\"https:\/\/apnews.com\/article\/israel-druze-golan-syria-1630cc39ebe1839d4dd1c05d92fd44d9\">nas Colinas de Gol\u00e3,<\/a> que Israel capturou da S\u00edria na Guerra do Oriente M\u00e9dio de 1967 e anexou em 1981.<\/p>\n<p class=\"dist__Box-sc-1fnzlkn-0 dist__TextBase-sc-1fnzlkn-3 CGHCP htMUPQ article-text\">Separados por fronteiras, cada parte da comunidade drusa tomou caminhos diferentes, sempre com o objetivo de preservar sua exist\u00eancia entre poderes maiores. Os drusos no L\u00edbano e na S\u00edria adotaram o nacionalismo \u00e1rabe, incluindo o apoio \u00e0 causa palestina. Em Israel, os drusos s\u00e3o altamente considerados por sua lealdade ao estado e seu servi\u00e7o militar, com muitos entrando em unidades de combate de elite, incluindo a luta em Gaza. No Gol\u00e3, os drusos navegam em sua identidade historicamente s\u00edria enquanto vivem sob ocupa\u00e7\u00e3o israelense.<\/p>\n<p class=\"dist__Box-sc-1fnzlkn-0 dist__TextBase-sc-1fnzlkn-3 CGHCP htMUPQ article-text\">As comunidades sempre mantiveram conex\u00f5es e tentaram manter a civilidade sobre suas diferen\u00e7as. Isso, no entanto, foi prejudicado por 10 meses de <a href=\"https:\/\/apnews.com\/hub\/israel-hamas-war\">guerra em gaza<\/a>. Agora, ap\u00f3s o ataque de Majdal Shams, muitos drusos temem divis\u00f5es ainda piores se a regi\u00e3o entrar em uma guerra regional total.<\/p>\n<p class=\"dist__Box-sc-1fnzlkn-0 dist__TextBase-sc-1fnzlkn-3 CGHCP htMUPQ article-text\">&#8220;Nossos filhos&#8221;<\/p>\n<p class=\"dist__Box-sc-1fnzlkn-0 dist__TextBase-sc-1fnzlkn-3 CGHCP htMUPQ article-text\">Ap\u00f3s o ataque, v\u00e1rios pol\u00edticos israelenses correram para Majdal Shams para mostrar solidariedade \u00e0s fam\u00edlias enlutadas e enfatizar a forte conex\u00e3o entre Israel e os drusos.<\/p>\n<p class=\"dist__Box-sc-1fnzlkn-0 dist__TextBase-sc-1fnzlkn-3 CGHCP htMUPQ article-text\">\u201cEstas crian\u00e7as s\u00e3o nossas crian\u00e7as, s\u00e3o as crian\u00e7as de todos n\u00f3s\u201d, disse o Primeiro-Ministro Benjamin <a href=\"https:\/\/apnews.com\/article\/lebanon-hezbollah-israel-strike-netanyahu-majdal-shams-2873ea290a1333509e13f0515f4f5c57\">Netanyahu<\/a> disse, visitando o campo de futebol. <\/p>\n<p class=\"dist__Box-sc-1fnzlkn-0 dist__TextBase-sc-1fnzlkn-3 CGHCP htMUPQ article-text\">A presen\u00e7a de Netanyahu tamb\u00e9m desencadeou protestos furiosos de alguns moradores que acusaram as autoridades de explorar a trag\u00e9dia para fins pol\u00edticos.<\/p>\n<p class=\"dist__Box-sc-1fnzlkn-0 dist__TextBase-sc-1fnzlkn-3 CGHCP htMUPQ article-text\">Muitos drusos na parte israelense do Gol\u00e3 mantiveram sua lealdade \u00e0 S\u00edria. Cerca de 20% adotaram a cidadania israelense, disse Yusri Hazran, da Universidade Hebraica de Jerusal\u00e9m, que \u00e9 druso e pesquisa minorias no Oriente M\u00e9dio.<\/p>\n<p class=\"dist__Box-sc-1fnzlkn-0 dist__TextBase-sc-1fnzlkn-3 CGHCP htMUPQ article-text\">Nos \u00faltimos 15 anos, essa tend\u00eancia aumentou, disse Hazran, \u00e0 medida que Israel integrou mais fortemente o Gol\u00e3, cuja anexa\u00e7\u00e3o de 1981 n\u00e3o \u00e9 amplamente reconhecida.<\/p>\n<p class=\"dist__Box-sc-1fnzlkn-0 dist__TextBase-sc-1fnzlkn-3 CGHCP htMUPQ article-text\">Enquanto isso, a comunidade drusa de Israel, centrada no norte do pa\u00eds, tende a apregoar com orgulho sua identidade israelense. Cerca de 80% da popula\u00e7\u00e3o drusa masculina se alista no ex\u00e9rcito, mais do que os cerca de 70% dos judeus israelenses, de acordo com estat\u00edsticas oficiais. Dez soldados drusos foram mortos na guerra na Faixa de Gaza, uma grande propor\u00e7\u00e3o dado o tamanho de sua comunidade.<\/p>\n<p class=\"dist__Box-sc-1fnzlkn-0 dist__TextBase-sc-1fnzlkn-3 CGHCP htMUPQ article-text\">O xeque Moafaq Tarif, l\u00edder espiritual dos drusos em Israel, disse que n\u00e3o ficou surpreso com a onda de compaix\u00e3o nacional. \u201cDurante o tempo de luto, todos falam sobre apoio\u201d, disse ele.<\/p>\n<p class=\"dist__Box-sc-1fnzlkn-0 dist__TextBase-sc-1fnzlkn-3 CGHCP htMUPQ article-text\">Ele esperava que o apoio continuasse depois que a trag\u00e9dia desaparecesse das manchetes. <\/p>\n<p class=\"dist__Box-sc-1fnzlkn-0 dist__TextBase-sc-1fnzlkn-3 CGHCP htMUPQ article-text\">\u201cH\u00e1 tanta coisa que precisa ser consertada aqui.\u201d Ele apontou para a discrimina\u00e7\u00e3o significativa que os drusos enfrentaram em Israel. Um ter\u00e7o das casas drusas n\u00e3o est\u00e3o conectadas \u00e0 eletricidade, ele disse. A comunidade ficou furiosa com <a href=\"https:\/\/apnews.com\/article\/4972610ba6324092b193ab0708404d84\">uma lei israelense de 2018<\/a> que definiu o pa\u00eds como um estado judeu e n\u00e3o fez men\u00e7\u00e3o \u00e0s suas minorias. <\/p>\n<p class=\"dist__Box-sc-1fnzlkn-0 dist__TextBase-sc-1fnzlkn-3 CGHCP htMUPQ article-text\">No Gol\u00e3, alguns ainda veem seu v\u00ednculo com os pa\u00edses \u00e1rabes vizinhos. <\/p>\n<p class=\"dist__Box-sc-1fnzlkn-0 dist__TextBase-sc-1fnzlkn-3 CGHCP htMUPQ article-text\">Hail Abu Jabal, um ativista druso de 84 anos em Majdal Shams, foi detido por Israel no passado por se opor ao governo israelense.<\/p>\n<p class=\"dist__Box-sc-1fnzlkn-0 dist__TextBase-sc-1fnzlkn-3 CGHCP htMUPQ article-text\">Antes que as pot\u00eancias europeias dividissem o Oriente M\u00e9dio no in\u00edcio do s\u00e9culo XX, \u201cesta regi\u00e3o era uma regi\u00e3o. Os drusos estavam espalhados em um pa\u00eds\u201d, ele disse. \u201cH\u00e1 uma rela\u00e7\u00e3o de parentesco, h\u00e1 uma rela\u00e7\u00e3o de casamento e h\u00e1 uma rela\u00e7\u00e3o de pertencimento.\u201d<\/p>\n<p class=\"dist__Box-sc-1fnzlkn-0 dist__TextBase-sc-1fnzlkn-3 CGHCP htMUPQ article-text\">Dividido por fronteiras<\/p>\n<p class=\"dist__Box-sc-1fnzlkn-0 dist__TextBase-sc-1fnzlkn-3 CGHCP htMUPQ article-text\">Na vila de Fardis, no sul do L\u00edbano, perto da fronteira com Israel, o fogo de foguetes ecoou, parte das trocas quase di\u00e1rias entre Israel e o Hezbollah que duram meses. Da casa de Wissam Sliqa, \u00e1rvores carbonizadas eram vis\u00edveis nas montanhas verdejantes, sinais de ataques israelenses recentes.<\/p>\n<p class=\"dist__Box-sc-1fnzlkn-0 dist__TextBase-sc-1fnzlkn-3 CGHCP htMUPQ article-text\">Israel est\u00e1 \u201cmais uma vez tentando plantar as sementes da disc\u00f3rdia\u201d, disse Sliqa, o conselheiro de assuntos religiosos do principal l\u00edder religioso druso do L\u00edbano. <\/p>\n<p class=\"dist__Box-sc-1fnzlkn-0 dist__TextBase-sc-1fnzlkn-3 CGHCP htMUPQ article-text\">Ele pediu aos drusos israelenses que n\u00e3o se juntassem \u00e0 guerra em Gaza ou ao confronto cada vez mais vol\u00e1til na fronteira entre L\u00edbano e Israel.<\/p>\n<p class=\"dist__Box-sc-1fnzlkn-0 dist__TextBase-sc-1fnzlkn-3 CGHCP htMUPQ article-text\">Os drusos da S\u00edria e do L\u00edbano tendem a evitar criticar seus irm\u00e3os em Israel. Embora mais estejam encorajando publicamente os drusos a se recusarem a servir no ex\u00e9rcito israelense, eles ret\u00eam o julgamento daqueles que o fazem. <\/p>\n<p class=\"dist__Box-sc-1fnzlkn-0 dist__TextBase-sc-1fnzlkn-3 CGHCP htMUPQ article-text\">\u201cEles est\u00e3o se comportando como eles acham que \u00e9 adequado para eles\u201d, reconheceu Sliqa. \u201cN\u00f3s n\u00e3o ditamos a eles, e eles n\u00e3o ditam a n\u00f3s.\u201d<\/p>\n<p class=\"dist__Box-sc-1fnzlkn-0 dist__TextBase-sc-1fnzlkn-3 CGHCP htMUPQ article-text\">Embora a maioria dos drusos do L\u00edbano viva nas montanhas centrais do pa\u00eds, aldeias de maioria drusa tamb\u00e9m est\u00e3o espalhadas pelo sul, perto de vizinhos mu\u00e7ulmanos e crist\u00e3os.<\/p>\n<p class=\"dist__Box-sc-1fnzlkn-0 dist__TextBase-sc-1fnzlkn-3 CGHCP htMUPQ article-text\">Drusos libaneses e s\u00edrios t\u00eam sido historicamente atra\u00eddos por movimentos nacionalistas \u00e1rabes. Muitos apontam para seu papel na resist\u00eancia \u00e1rabe ao dom\u00ednio colonial europeu h\u00e1 um s\u00e9culo e seu forte apoio aos palestinos hoje. <\/p>\n<p class=\"dist__Box-sc-1fnzlkn-0 dist__TextBase-sc-1fnzlkn-3 CGHCP htMUPQ article-text\">\u201cOs drusos nunca se consideraram uma minoria \u00e9tnica, mas sim parte da maioria \u00e1rabe e isl\u00e2mica na regi\u00e3o\u201d, disse o legislador druso liban\u00eas Wael Abou Faour. <\/p>\n<p class=\"dist__Box-sc-1fnzlkn-0 dist__TextBase-sc-1fnzlkn-3 CGHCP htMUPQ article-text\">Walid Jumblatt, sem d\u00favida a figura drusa mais poderosa da regi\u00e3o, j\u00e1 liderou for\u00e7as lutando ao lado de fac\u00e7\u00f5es palestinas contra tropas israelenses e seus aliados no L\u00edbano. Ele agora lidera os drusos na vol\u00e1til pol\u00edtica sect\u00e1ria de compartilhamento de poder do L\u00edbano, onde o poder de sua comunidade vai muito al\u00e9m de seu tamanho.<\/p>\n<p class=\"dist__Box-sc-1fnzlkn-0 dist__TextBase-sc-1fnzlkn-3 CGHCP htMUPQ article-text\">No m\u00eas passado, ele e Tarif, o l\u00edder druso de Israel, se envolveram em uma troca de cartas abertas surpreendentemente contundente, expressando diferen\u00e7as sobre a guerra entre Israel e o Hamas. <\/p>\n<p class=\"dist__Box-sc-1fnzlkn-0 dist__TextBase-sc-1fnzlkn-3 CGHCP htMUPQ article-text\">Jumblatt criticou os soldados drusos lutando em Gaza. Tarif, por sua vez, disse que sua comunidade estava feliz por ter os direitos e deveres de \u201ccidad\u00e3os de um estado democr\u00e1tico\u201d. Jumblatt revidou denunciando Tarif por se encontrar com Netanyahu, chamando a ofensiva militar israelense em Gaza de \u201cuma agress\u00e3o contra a humanidade\u201d. <\/p>\n<p class=\"dist__Box-sc-1fnzlkn-0 dist__TextBase-sc-1fnzlkn-3 CGHCP htMUPQ article-text\">\u201cEle mora no L\u00edbano e est\u00e1 dizendo sua opini\u00e3o\u201d, Tarif disse \u00e0 The Associated Press. \u201cN\u00f3s somos israelenses e temos orgulho.\u201d <\/p>\n<p class=\"dist__Box-sc-1fnzlkn-0 dist__TextBase-sc-1fnzlkn-3 CGHCP htMUPQ article-text\">Apesar das diferen\u00e7as, as diversas comunidades drusas mant\u00eam la\u00e7os estreitos e apoiam umas \u00e0s outras em quest\u00f5es humanit\u00e1rias, disse ele. <\/p>\n<p class=\"dist__Box-sc-1fnzlkn-0 dist__TextBase-sc-1fnzlkn-3 CGHCP htMUPQ article-text\">Na cidade de Hasbaya, no sul do L\u00edbano, o xeque Amin Khair, um fazendeiro druso, apontou para um aglomerado de \u00e1rvores e arbustos perto de seus pomares de peras e rom\u00e3s. Em 1982, combatentes drusos dispararam foguetes contra Israel de l\u00e1, ele disse orgulhosamente. Aquele ano foi o in\u00edcio da ocupa\u00e7\u00e3o israelense de 18 anos no sul do L\u00edbano.<\/p>\n<p class=\"dist__Box-sc-1fnzlkn-0 dist__TextBase-sc-1fnzlkn-3 CGHCP htMUPQ article-text\">Mas em vez de criticar os drusos no ex\u00e9rcito israelense, Khair disse que preferiria falar positivamente das vozes entre os drusos israelenses que apoiaram a causa palestina.<\/p>\n<p class=\"dist__Box-sc-1fnzlkn-0 dist__TextBase-sc-1fnzlkn-3 CGHCP htMUPQ article-text\">Ele recitou um verso do escritor Samih al-Qassam, um druso israelense e nacionalista \u00e1rabe: \u201cE at\u00e9 o \u00faltimo batimento card\u00edaco\u2026 eu resistirei.\u201d<\/p>\n<p class=\"dist__Box-sc-1fnzlkn-0 dist__TextBase-sc-1fnzlkn-3 CGHCP htMUPQ article-text\">Pequenos caix\u00f5es brancos<\/p>\n<p class=\"dist__Box-sc-1fnzlkn-0 dist__TextBase-sc-1fnzlkn-3 CGHCP htMUPQ article-text\">Ap\u00f3s o ataque de Majdal Shams, as tens\u00f5es na comunidade drusa correm o risco de ficarem ainda mais tensas se uma guerra total eclodir.<\/p>\n<p class=\"dist__Box-sc-1fnzlkn-0 dist__TextBase-sc-1fnzlkn-3 CGHCP htMUPQ article-text\">Israel acusou o Hezbollah de estar por tr\u00e1s do ataque, dizendo que o tipo de foguete e a trajet\u00f3ria apontam claramente para o grupo apoiado pelo Ir\u00e3. O grupo militante liban\u00eas ofereceu uma rara nega\u00e7\u00e3o.<\/p>\n<p class=\"dist__Box-sc-1fnzlkn-0 dist__TextBase-sc-1fnzlkn-3 CGHCP htMUPQ article-text\">O liban\u00eas Jumblatt frequentemente est\u00e1 em desacordo pol\u00edtico com o Hezbollah, mas esta semana ele ecoou sua nega\u00e7\u00e3o e acusou Israel de alimentar divis\u00f5es ao acusar o grupo.<\/p>\n<p class=\"dist__Box-sc-1fnzlkn-0 dist__TextBase-sc-1fnzlkn-3 CGHCP htMUPQ article-text\">Na ter\u00e7a-feira, um ataque a\u00e9reo israelense matou um alto comandante do Hezbollah em Beirute em retalia\u00e7\u00e3o. No dia seguinte, uma explos\u00e3o na capital iraniana matou o chefe pol\u00edtico do Hamas, Ismail Haniyeh. O Ir\u00e3 acusou Israel de estar por tr\u00e1s do ataque e prometeu retalia\u00e7\u00e3o.<\/p>\n<p class=\"dist__Box-sc-1fnzlkn-0 dist__TextBase-sc-1fnzlkn-3 CGHCP htMUPQ article-text\">Enquanto a regi\u00e3o aguarda a resposta do Hezbollah e do Ir\u00e3, muitos drusos imploram para acabar com o derramamento de sangue.<\/p>\n<p class=\"dist__Box-sc-1fnzlkn-0 dist__TextBase-sc-1fnzlkn-3 CGHCP htMUPQ article-text\">\u201cRejeitamos derramar at\u00e9 mesmo uma \u00fanica gota de sangue sob o pretexto de vingar nossos filhos\u201d, disse o comit\u00ea religioso druso das Colinas de Gol\u00e3 em um comunicado na segunda-feira.<\/p>\n<p class=\"dist__Box-sc-1fnzlkn-0 dist__TextBase-sc-1fnzlkn-3 CGHCP htMUPQ article-text\">Centenas de drusos s\u00edrios que se reuniram na cidade vizinha de Quneitra para realizar um servi\u00e7o memorial para as crian\u00e7as culparam Israel pelas mortes.<\/p>\n<p class=\"dist__Box-sc-1fnzlkn-0 dist__TextBase-sc-1fnzlkn-3 CGHCP htMUPQ article-text\">Em Majdal Shams, houve dor intensa quando a comunidade enterrou 12 pequenos caix\u00f5es brancos no per\u00edodo de 24 horas.<\/p>\n<p class=\"dist__Box-sc-1fnzlkn-0 dist__TextBase-sc-1fnzlkn-3 CGHCP htMUPQ article-text\">\u201cNingu\u00e9m ganha na guerra, s\u00f3 h\u00e1 derrotas\u201d, disse Bhaa Brik, morador de Majdal Shams.<\/p>\n<p class=\"dist__Box-sc-1fnzlkn-0 dist__TextBase-sc-1fnzlkn-3 CGHCP htMUPQ article-text\">___<\/p>\n<p class=\"dist__Box-sc-1fnzlkn-0 dist__TextBase-sc-1fnzlkn-3 CGHCP htMUPQ article-text\">Lidman relatou de Tel Aviv, Israel. Os rep\u00f3rteres da Associated Press Alon Bernstein e Leo Correa contribu\u00edram para esta reportagem de Majdal Shams, Golan Heights.<\/p>\n<\/div>\n<p>Copyright 2024 The Associated Press. Todos os direitos reservados. Este material n\u00e3o pode ser publicado, transmitido, reescrito ou redistribu\u00eddo sem permiss\u00e3o.<\/p>\n<p><br \/>\n<br \/><a href=\"https:\/\/www.clickorlando.com\/news\/2024\/08\/03\/horror-at-deaths-of-12-children-unites-druze-across-borders-but-mideasts-wars-tear-at-their-bonds\/\">Source link <\/a><\/p>","protected":false},"excerpt":{"rendered":"<p>FARDIS \u2013 Alma Ayman Fakhr al-Din, uma animada crian\u00e7a de 11 anos que adorava basquete e aprender l\u00ednguas, estava jogando em um campo de futebol h\u00e1 uma semana em Majdal&hellip;<\/p>","protected":false},"author":1,"featured_media":16130,"comment_status":"closed","ping_status":"open","sticky":false,"template":"","format":"standard","meta":{"content-type":"","footnotes":""},"categories":[1],"tags":[1418,1419],"class_list":["post-16129","post","type-post","status-publish","format-standard","has-post-thumbnail","hentry","category-uncategorized","tag-benjamin-netanyahu","tag-noticias-do-mundo"],"_links":{"self":[{"href":"https:\/\/tvbrazilusa.com\/pt\/wp-json\/wp\/v2\/posts\/16129","targetHints":{"allow":["GET"]}}],"collection":[{"href":"https:\/\/tvbrazilusa.com\/pt\/wp-json\/wp\/v2\/posts"}],"about":[{"href":"https:\/\/tvbrazilusa.com\/pt\/wp-json\/wp\/v2\/types\/post"}],"author":[{"embeddable":true,"href":"https:\/\/tvbrazilusa.com\/pt\/wp-json\/wp\/v2\/users\/1"}],"replies":[{"embeddable":true,"href":"https:\/\/tvbrazilusa.com\/pt\/wp-json\/wp\/v2\/comments?post=16129"}],"version-history":[{"count":1,"href":"https:\/\/tvbrazilusa.com\/pt\/wp-json\/wp\/v2\/posts\/16129\/revisions"}],"predecessor-version":[{"id":16131,"href":"https:\/\/tvbrazilusa.com\/pt\/wp-json\/wp\/v2\/posts\/16129\/revisions\/16131"}],"wp:featuredmedia":[{"embeddable":true,"href":"https:\/\/tvbrazilusa.com\/pt\/wp-json\/wp\/v2\/media\/16130"}],"wp:attachment":[{"href":"https:\/\/tvbrazilusa.com\/pt\/wp-json\/wp\/v2\/media?parent=16129"}],"wp:term":[{"taxonomy":"category","embeddable":true,"href":"https:\/\/tvbrazilusa.com\/pt\/wp-json\/wp\/v2\/categories?post=16129"},{"taxonomy":"post_tag","embeddable":true,"href":"https:\/\/tvbrazilusa.com\/pt\/wp-json\/wp\/v2\/tags?post=16129"}],"curies":[{"name":"wp","href":"https:\/\/api.w.org\/{rel}","templated":true}]}}