{"id":16168,"date":"2024-08-03T15:48:26","date_gmt":"2024-08-03T15:48:26","guid":{"rendered":"https:\/\/tvbrazilusa.com\/2024\/08\/03\/moraes-da-5-dias-para-pf-ouvir-valdemar-por-reportagem-da-veja-paulo-figueiredo\/"},"modified":"2024-08-03T18:46:23","modified_gmt":"2024-08-03T18:46:23","slug":"moraes-da-5-dias-para-pf-ouvir-valdemar-por-reportagem-da-veja-paulo-figueiredo","status":"publish","type":"post","link":"https:\/\/tvbrazilusa.com\/pt\/2024\/08\/03\/moraes-da-5-dias-para-pf-ouvir-valdemar-por-reportagem-da-veja-paulo-figueiredo\/","title":{"rendered":"Moraes d\u00e1 5 dias para PF ouvir Valdemar por reportagem da \u201cVeja\u201d &#8211; Paulo Figueiredo"},"content":{"rendered":"<p> <script async src=\"https:\/\/pagead2.googlesyndication.com\/pagead\/js\/adsbygoogle.js?client=ca-pub-8864793242727901\"\r\n     crossorigin=\"anonymous\"><\/script><br \/>\n<\/p>\n<div id=\"wtr-content\" data-bg=\"#FFFFFF\" data-fg=\"#006d91\" data-width=\"25\" data-mute=\"1\" data-fgopacity=\"1.00\" data-mutedopacity=\"0.5\" data-placement=\"bottom\" data-placement-offset=\"0\" data-content-offset=\"262\" data-placement-touch=\"bottom\" data-placement-offset-touch=\"0\" data-transparent=\"\" data-shadow=\"0\" data-touch=\"1\" data-non-touch=\"1\" data-comments=\"0\" data-commentsbg=\"transparent\" data-location=\"page\" data-mutedfg=\"#006d91\" data-endfg=\"#006d91\" data-rtl=\"\">\n<h3 class=\"wp-block-heading\">Segundo o ministro do STF, o presidente do PL atribuiu \u201ccondutas inver\u00eddicas\u201d aos magistrados da Corte e delegados da corpora\u00e7\u00e3o<\/h3>\n<p>O ministro do STF (Supremo Tribunal Federal) Alexandre de Moraes determinou que a Pol\u00edcia Federal colha o depoimento em at\u00e9 5 dias do presidente do PL, Valdemar Costa Neto, por reportagem publicada na revista\u00a0<em>Veja<\/em>\u00a0em 27 de julho de 2024. A decis\u00e3o est\u00e1 em sigilo.<\/p>\n<p>A reportagem diz que Valdemar informou \u00e0 Justi\u00e7a da Fl\u00f3rida (EUA), em um processo contra sua ex-mulher, Maria Christhina, que o PL era perseguido pelo STF e por um ministro da Corte. <a href=\"https:\/\/paulofigueiredoshow.com\/valdemar-costa-neto-denuncia-estar-sendo-perseguido-politicamente-pelo-stf-em-processo-nos-eua\/\">Leia a reportagem sobre esse caso.<\/a><\/p>\n<p> N\u00e3o citou nomes. Para Moraes, o presidente do PL atribuiu<em>\u00a0\u201ccondutas inver\u00eddicas\u201d<\/em>\u00a0aos magistrados da Corte e delegados da PF.<\/p>\n<p>A decis\u00e3o de Moraes \u00e9 de 30 de julho, mas at\u00e9 a publica\u00e7\u00e3o desta reportagem neste s\u00e1bado (3.ago.2024), Valdemar ainda n\u00e3o tinha sido ouvido pela PF.<\/p>\n<p>Moraes cita o trecho da reportagem que embasou sua decis\u00e3o que teria sido dito por Valdemar: \u201cDada a natureza trivial das acusa\u00e7\u00f5es, eu acredito, e \u00e9 at\u00e9 de conhecimento geral no Brasil, que essa pris\u00e3o teve motiva\u00e7\u00e3o pol\u00edtica\u201d.<\/p>\n<p>Valdemar foi\u00a0preso\u00a0por posse ilegal de arma em 8 de fevereiro de 2024. Ele foi alvo de busca e apreens\u00e3o na opera\u00e7\u00e3o\u00a0<em>Tempus Veritatis<\/em>, que investiga uma suposta tentativa de golpe de Estado em 2022. Ele foi\u00a0solto\u00a0em 10 de fevereiro.<\/p>\n<h3 class=\"wp-block-heading\"><strong>O QUE DIZ A DEFESA DE VALDEMAR<\/strong><\/h3>\n<p>O\u00a0<strong>Poder360<\/strong>\u00a0procurou a defesa de Valdemar para perguntar se gostaria de se manifestar a respeito da decis\u00e3o de Moraes. Respondeu que n\u00e3o ir\u00e1 comentar.<\/p>\n<p><strong><a href=\"https:\/\/www.poder360.com.br\/poder-justica\/moraes-da-5-dias-para-pf-ouvir-valdemar-por-reportagem-da-veja\/\">Source link<\/a><\/strong><\/p>\n<\/div>\n<p><br \/>\n<br \/><a href=\"https:\/\/paulofigueiredoshow.com\/moraes-da-5-dias-para-pf-ouvir-valdemar-por-reportagem-da-veja\/\">Source link <\/a><\/p>","protected":false},"excerpt":{"rendered":"<p>Segundo o ministro do STF, o presidente do PL atribuiu \u201ccondutas inver\u00eddicas\u201d aos magistrados da Corte e delegados da corpora\u00e7\u00e3o O ministro do STF (Supremo Tribunal Federal) Alexandre de Moraes&hellip;<\/p>","protected":false},"author":1,"featured_media":16169,"comment_status":"closed","ping_status":"open","sticky":false,"template":"","format":"standard","meta":{"content-type":"","footnotes":""},"categories":[16],"tags":[592,6987,425,1603,2064,6988,871,3479,1754],"class_list":["post-16168","post","type-post","status-publish","format-standard","has-post-thumbnail","hentry","category-noticias","tag-eua","tag-ex-esposa","tag-moraes","tag-pl","tag-prazo","tag-reportagem","tag-stf","tag-valdemar","tag-veja"],"_links":{"self":[{"href":"https:\/\/tvbrazilusa.com\/pt\/wp-json\/wp\/v2\/posts\/16168","targetHints":{"allow":["GET"]}}],"collection":[{"href":"https:\/\/tvbrazilusa.com\/pt\/wp-json\/wp\/v2\/posts"}],"about":[{"href":"https:\/\/tvbrazilusa.com\/pt\/wp-json\/wp\/v2\/types\/post"}],"author":[{"embeddable":true,"href":"https:\/\/tvbrazilusa.com\/pt\/wp-json\/wp\/v2\/users\/1"}],"replies":[{"embeddable":true,"href":"https:\/\/tvbrazilusa.com\/pt\/wp-json\/wp\/v2\/comments?post=16168"}],"version-history":[{"count":1,"href":"https:\/\/tvbrazilusa.com\/pt\/wp-json\/wp\/v2\/posts\/16168\/revisions"}],"predecessor-version":[{"id":16170,"href":"https:\/\/tvbrazilusa.com\/pt\/wp-json\/wp\/v2\/posts\/16168\/revisions\/16170"}],"wp:featuredmedia":[{"embeddable":true,"href":"https:\/\/tvbrazilusa.com\/pt\/wp-json\/wp\/v2\/media\/16169"}],"wp:attachment":[{"href":"https:\/\/tvbrazilusa.com\/pt\/wp-json\/wp\/v2\/media?parent=16168"}],"wp:term":[{"taxonomy":"category","embeddable":true,"href":"https:\/\/tvbrazilusa.com\/pt\/wp-json\/wp\/v2\/categories?post=16168"},{"taxonomy":"post_tag","embeddable":true,"href":"https:\/\/tvbrazilusa.com\/pt\/wp-json\/wp\/v2\/tags?post=16168"}],"curies":[{"name":"wp","href":"https:\/\/api.w.org\/{rel}","templated":true}]}}