{"id":16204,"date":"2024-08-03T19:57:10","date_gmt":"2024-08-03T19:57:10","guid":{"rendered":"https:\/\/tvbrazilusa.com\/2024\/08\/03\/shacarri-richardson-corre-para-medalha-de-prata-nos-100-metros-rasos-e-ganha-primeira-medalha-olimpica\/"},"modified":"2024-08-03T19:59:16","modified_gmt":"2024-08-03T19:59:16","slug":"shacarri-richardson-corre-para-medalha-de-prata-nos-100-metros-rasos-e-ganha-primeira-medalha-olimpica","status":"publish","type":"post","link":"https:\/\/tvbrazilusa.com\/pt\/2024\/08\/03\/shacarri-richardson-corre-para-medalha-de-prata-nos-100-metros-rasos-e-ganha-primeira-medalha-olimpica\/","title":{"rendered":"Sha&#39;Carri Richardson corre para medalha de prata nos 100 metros rasos e ganha primeira medalha ol\u00edmpica"},"content":{"rendered":"<p> <script async src=\"https:\/\/pagead2.googlesyndication.com\/pagead\/js\/adsbygoogle.js?client=ca-pub-8864793242727901\"\r\n     crossorigin=\"anonymous\"><\/script><br \/>\n<\/p>\n<div id=\"\">\n<header class=\"m-article-header m-article-header--standard\">\n\t\t\t\t\t\t\t\t\t\t\t\t<span id=\"article-header-primary-term\"><br \/>\n\t\t\t\t\t\t\t\t<a class=\"a-term a-term--primary\" href=\"https:\/\/www.boston.com\/tag\/sports\/\"><\/p>\n<p>\t\t\t\t\t\t\t\tEsportes\t\t\t\t\t\t\t\t<\/a><br \/>\n\t\t\t\t\t\t\t<\/span><\/p>\n<h2 class=\"m-article-header__sub-headline\">Julien Alfred levou para casa o ouro, dando a Santa L\u00facia sua primeira medalha ol\u00edmpica.<\/h2>\n<figure class=\"a-photo m-article-header__photo\"><figcaption class=\"a-photo__caption\">\n<p>\tSha&#39;Carri Richardson (\u00e0 direita) posou com Julien Alfred (ao centro) e Melissa Jefferson (\u00e0 esquerda) ap\u00f3s a prova de 100 metros rasos feminina.<em> AP Photo\/Bernat Armangue<\/em>\t<\/figcaption><\/figure>\n<div class=\"m-article-header__meta\">\n<div class=\"m-article-header__byline\">\n<p class=\"m-article-header__author\">\n<p>\t\t\t\t\t\t\t\tPor EDDIE PELLS, Associated Press\t\t\t\t\t\t\t<\/p>\n<p>\t\t\t\t\t\t    \t\t\t\t\t\t\t<time class=\"m-article-header__date\"><\/p>\n<p>        \t\t\t\t\t\t\t3 de agosto de 2024 | 15h57    \t\t\t\t\t\t\t<\/time><\/p><\/div>\n<\/p><\/div>\n<\/header>\n<p>SAINT-DENIS, Fran\u00e7a (AP) \u2014 A hist\u00f3ria de retorno de Sha&#39;Carri Richardson foi interrompida no s\u00e1bado, quando Julien Alfred conquistou o t\u00edtulo dos 100 metros em 10,72 segundos, arrasando os concorrentes e trazendo a primeira medalha ol\u00edmpica para seu pa\u00eds insular, Santa L\u00facia.<\/p>\n<p>Correndo uma pista \u00e0 esquerda de Richardson, e com chuva acumulada na pista roxa do Stade de France, Alfred teve uma largada fant\u00e1stica e venceu Richardson por 0,15 segundos \u2014 cerca de tr\u00eas comprimentos corporais.<\/p>\n<p>A parceira de treino de Richardson, Melissa Jefferson, terminou em terceiro lugar em 10,92 segundos. <\/p>\n<figure class=\"wp-block-embed is-type-rich is-provider-twitter wp-block-embed-twitter\">\n<\/figure>\n<p>Mais cedo no s\u00e1bado, Richardson superou um come\u00e7o lento para se classificar para a final ol\u00edmpica dos 100 metros. Ela tamb\u00e9m terminou em segundo lugar para Alfred l\u00e1, correndo 0,05 segundos atr\u00e1s de seu tempo de 10,84 na semifinal. <\/p>\n<p>A jamaicana Shelly-Ann Fraser-Pryce foi inesperadamente eliminada daquela semifinal, o que significa que a bicampe\u00e3 ol\u00edmpica n\u00e3o correu pela terceira medalha de ouro no evento. <\/p>\n<p>Richardson e Alfred entraram na corrida como os \u00fanicos dois no campo ol\u00edmpico a quebrar o tempo de 10,8 segundos neste ano.<\/p>\n<p>A desist\u00eancia de Fraser-Pryce significou que todo o p\u00f3dio dos \u00faltimos 100 metros ol\u00edmpicos, incluindo Shericka Jackson e Elaine Thompson-Herah, n\u00e3o estava na final.<\/p>\n<p>Nenhuma mulher norte-americana conquistou o ouro ol\u00edmpico nos 100 metros rasos desde Gail Devers em 1996. Marion Jones venceu os 100 metros em 2000, mas depois teve a medalha retirada por doping.<\/p>\n<p>Outras medalhas em jogo no s\u00e1bado foram para o arremesso de peso masculino, o salto triplo feminino, o revezamento misto 4\u00d7400 e o decatlo.<\/p>\n<p>Mais cedo, Noah Lyles terminou em segundo (10.04) em uma lenta primeira rodada de qualifica\u00e7\u00e3o para chegar \u00e0s semifinais dos 100 metros masculino. As semifinais e finais est\u00e3o marcadas para domingo.<\/p>\n<div class=\"m-block m-generic-cta\t m-generic-cta--post-content\t m-generic-cta--dark\t m-generic-cta--homepage\t m-generic-cta--email-signup\t\t m-generic-cta-block-style--default \tt-amp__generic-cta\"><\/p>\n<div class=\"m-generic-cta__wrap\">\n<div class=\"m-generic-cta__content\">\n<h3 class=\"m-generic-cta__title\">Receba as \u00faltimas not\u00edcias esportivas de Boston<\/h3>\n<p class=\"m-generic-cta__subtitle\">Receba atualiza\u00e7\u00f5es sobre seus times favoritos de Boston, diretamente da nossa reda\u00e7\u00e3o para sua caixa de entrada.<\/p>\n<\/p><\/div>\n<\/p><\/div>\n<\/div><\/div>\n<p><script>\n\t\tvar consent=\"grant\";\n\t\t\/* The above code is parsing the JSON data from the local storage and storing it in a variable. *\/\n\t\t\t\t\tconst onetrustStorageConsent = JSON.parse(localStorage.getItem( 'consent_one_trust_bdc' ) );\n\t\t\tif ( ( onetrustStorageConsent !== null ) ) {\n\t\t\t\t\/* Checking to see if the user has consented to the use of cookies.\n\t\t\t\t* If they have not, it is deleting the cookie.\n\t\t\t\t* This will comment for now, until further notice.\n\t\t\t\t*\/\n\t\t\t\t\/\/if ( onetrustStorageConsent.C0002 === false ) {\n\t\t\t\t\/\/\tdocument.cookie=\"_fbp=;expires=Thu, 01 Jan 2010 00:00:00 UTC; path=\/; domain=.boston.com\";\n\t\t\t\t\/\/}\n\t\t\t\t\/* Checking if the user has given consent for the cookie C0002.\n\t\t\t\t* If the user has given consent, the variable consent will be set to 'grant'.\n\t\t\t\t* If the user has not given consent,the variable consent will be set to 'revoke'.\n\t\t\t\t* Documentation https:\/\/developers.facebook.com\/docs\/meta-pixel\/implementation\/gdpr\n\t\t\t\t*\/\n\t\t\t\tif ( onetrustStorageConsent.C0002 !== true ) {\n\t\t\t\t\tconsent=\"revoke\";\n\t\t\t\t}\n\t\t\t}\n\t\t\t\t!function(f,b,e,v,n,t,s)\n\t\t{if(f.fbq)return;n=f.fbq=function(){n.callMethod?\n\t\tn.callMethod.apply(n,arguments):n.queue.push(arguments)};\n\t\tif(!f._fbq)f._fbq=n;n.push=n;n.loaded=!0;n.version='2.0';\n\t\tn.queue=[];t=b.createElement(e);t.async=!0;\n\t\tt.src=v;s=b.getElementsByTagName(e)[0];\n\t\ts.parentNode.insertBefore(t,s)}(window, document,'script',\n\t\t'https:\/\/connect.facebook.net\/en_US\/fbevents.js');\n\t\tfbq('consent', consent);\n\t\tfbq('init', '989222871864976');\n\t\tfbq('track', 'PageView');\n\t<\/script><script type=\"module\">\n\t\tvar consent=\"grant\";\n\t\t\/* The above code is parsing the JSON data from the local storage and storing it in a variable. *\/\n\t\t\tconst onetrustStorageConsent = JSON.parse(localStorage.getItem( 'consent_one_trust_bdc' ) );\n\t\t\t\/* Checking to see if the user has consented to the use of cookies.\n\t\t\t* If they have not, it is deleting the cookie.\n\t\t\t* This will comment for now, until further notice.\n\t\t\t*\/\n\t\t\t\/\/if ( onetrustStorageConsent.C0002 === false ) {\n\t\t\t\/\/\tdocument.cookie=\"_fbp=;expires=Thu, 01 Jan 2010 00:00:00 UTC; path=\/; domain=.boston.com\";\n\t\t\t\/\/}\n\t\t\t\/* Checking if the user has given consent for the cookie C0002.\n\t\t\t* If the user has given consent, the variable consent will be set to 'grant'.\n\t\t\t* If the user has not given consent,the variable consent will be set to 'revoke'.\n\t\t\t* Documentation https:\/\/developers.facebook.com\/docs\/meta-pixel\/implementation\/gdpr\n\t\t\t*\/\n\t\t\tif ( ( onetrustStorageConsent !== null ) && (onetrustStorageConsent.C0002 !== true ) ) {\n\t\t\t\tconsent=\"revoke\";\n\t\t\t}\n\t\t\t\t!function(f,b,e,v,n,t,s){if(f.fbq)return;n=f.fbq=function()\n\t\t{n.callMethod? n.callMethod.apply(n,arguments):n.queue.push(arguments)}\n\t\t;if(!f._fbq)f._fbq=n;\n\t\tn.push=n;n.loaded=!0;n.version='2.0';n.queue=[];t=b.createElement(e);t.async=!0;\n\t\tt.src=v;s=b.getElementsByTagName(e)[0];s.parentNode.insertBefore(t,s)}(window,\n\t\tdocument,'script','https:\/\/connect.facebook.net\/en_US\/fbevents.js');\n\t\tfbq('consent', consent);\n\t\tfbq('init', '813236348753005');\n\t\tfbq('track', \"PageView\");\n\t<\/script><br \/>\n<br \/><br \/>\n<br \/><a href=\"https:\/\/www.boston.com\/sports\/sports\/2024\/08\/03\/shacarri-richardson-100-meter-dash-video-julien-alfred\/\">Source link <\/a><\/p>","protected":false},"excerpt":{"rendered":"<p>Esportes Julien Alfred levou para casa o ouro, dando a Santa L\u00facia sua primeira medalha ol\u00edmpica. Sha&#39;Carri Richardson (\u00e0 direita) posou com Julien Alfred (ao centro) e Melissa Jefferson (\u00e0&hellip;<\/p>","protected":false},"author":1,"featured_media":16205,"comment_status":"closed","ping_status":"open","sticky":false,"template":"","format":"standard","meta":{"content-type":"","footnotes":""},"categories":[1],"tags":[],"class_list":["post-16204","post","type-post","status-publish","format-standard","has-post-thumbnail","hentry","category-uncategorized"],"_links":{"self":[{"href":"https:\/\/tvbrazilusa.com\/pt\/wp-json\/wp\/v2\/posts\/16204","targetHints":{"allow":["GET"]}}],"collection":[{"href":"https:\/\/tvbrazilusa.com\/pt\/wp-json\/wp\/v2\/posts"}],"about":[{"href":"https:\/\/tvbrazilusa.com\/pt\/wp-json\/wp\/v2\/types\/post"}],"author":[{"embeddable":true,"href":"https:\/\/tvbrazilusa.com\/pt\/wp-json\/wp\/v2\/users\/1"}],"replies":[{"embeddable":true,"href":"https:\/\/tvbrazilusa.com\/pt\/wp-json\/wp\/v2\/comments?post=16204"}],"version-history":[{"count":1,"href":"https:\/\/tvbrazilusa.com\/pt\/wp-json\/wp\/v2\/posts\/16204\/revisions"}],"predecessor-version":[{"id":16206,"href":"https:\/\/tvbrazilusa.com\/pt\/wp-json\/wp\/v2\/posts\/16204\/revisions\/16206"}],"wp:featuredmedia":[{"embeddable":true,"href":"https:\/\/tvbrazilusa.com\/pt\/wp-json\/wp\/v2\/media\/16205"}],"wp:attachment":[{"href":"https:\/\/tvbrazilusa.com\/pt\/wp-json\/wp\/v2\/media?parent=16204"}],"wp:term":[{"taxonomy":"category","embeddable":true,"href":"https:\/\/tvbrazilusa.com\/pt\/wp-json\/wp\/v2\/categories?post=16204"},{"taxonomy":"post_tag","embeddable":true,"href":"https:\/\/tvbrazilusa.com\/pt\/wp-json\/wp\/v2\/tags?post=16204"}],"curies":[{"name":"wp","href":"https:\/\/api.w.org\/{rel}","templated":true}]}}