{"id":16232,"date":"2024-08-03T20:33:40","date_gmt":"2024-08-03T20:33:40","guid":{"rendered":"https:\/\/tvbrazilusa.com\/2024\/08\/03\/a-cidade-no-topo-da-lista-de-mais-habitaveis-do-mundo-pelo-terceiro-ano-consecutivo-tv-florida-usa-a-sua-tv-brasileira-nos-estados-unidos\/"},"modified":"2024-08-03T20:58:46","modified_gmt":"2024-08-03T20:58:46","slug":"a-cidade-no-topo-da-lista-de-mais-habitaveis-do-mundo-pelo-terceiro-ano-consecutivo-tv-florida-usa-a-sua-tv-brasileira-nos-estados-unidos","status":"publish","type":"post","link":"https:\/\/tvbrazilusa.com\/pt\/2024\/08\/03\/a-cidade-no-topo-da-lista-de-mais-habitaveis-do-mundo-pelo-terceiro-ano-consecutivo-tv-florida-usa-a-sua-tv-brasileira-nos-estados-unidos\/","title":{"rendered":"A cidade no topo da lista de mais habit\u00e1veis do mundo, pelo terceiro ano consecutivo \u2013 TV Florida USA \u2013 A sua TV Brasileira nos Estados Unidos"},"content":{"rendered":"<p> <script async src=\"https:\/\/pagead2.googlesyndication.com\/pagead\/js\/adsbygoogle.js?client=ca-pub-8864793242727901\"\r\n     crossorigin=\"anonymous\"><\/script><br \/>\n<\/p>\n<div>\n<p>Foto: Reprodu\u00e7\u00e3o.<\/p>\n<p>A migra\u00e7\u00e3o das popula\u00e7\u00f5es do campo para as cidades impulsionou o progresso da humanidade e foi fator essencial para avan\u00e7os cient\u00edficos e conquistas de direitos. Contudo, essa transi\u00e7\u00e3o tamb\u00e9m gerou desafios, como ruas congestionadas, polui\u00e7\u00e3o e falta de moradias. Em meio a esse cen\u00e1rio, algumas metr\u00f3poles se destacam pela qualidade de vida proporcionada a seus moradores. Entre elas, Viena se sobressai, conquistando o t\u00edtulo de cidade mais habit\u00e1vel do planeta pelo terceiro ano consecutivo, de acordo com o ranking da Economist Intelligence Unit (EIU).<\/p>\n<p>O estudo da EIU aplicou trinta crit\u00e9rios a 173 cidades, abrangendo \u00e1reas como estabilidade, sa\u00fade, cultura e meio ambiente, educa\u00e7\u00e3o e infraestrutura. Viena obteve a nota m\u00e1xima, 100, em quase todas essas \u00e1reas, exceto em cultura, onde alcan\u00e7ou 93,5 devido \u00e0 falta de grandes eventos esportivos. \u201cA capital austr\u00edaca se destaca pelos servi\u00e7os p\u00fablicos de alta qualidade em todos os setores\u201d, comentou Akshay Rathi, analista-s\u00eanior da EIU.<\/p>\n<figure class=\"wp-block-image size-full\"><picture decoding=\"async\" class=\"wp-image-167163\"><source type=\"image\/webp\" srcset=\"https:\/\/terrabrasilnoticias.com\/wp-content\/uploads\/2024\/08\/image-86.png.webp 957w, https:\/\/terrabrasilnoticias.com\/wp-content\/uploads\/2024\/08\/image-86-300x199.png.webp 300w, https:\/\/terrabrasilnoticias.com\/wp-content\/uploads\/2024\/08\/image-86-768x510.png.webp 768w, https:\/\/terrabrasilnoticias.com\/wp-content\/uploads\/2024\/08\/image-86-750x498.png.webp 750w\" sizes=\"(max-width: 957px) 100vw, 957px\"\/><\/picture>\n<\/figure>\n<h2 class=\"wp-block-heading\">O que faz de Viena a cidade mais habit\u00e1vel do mundo<\/h2>\n<p>O auge de Viena foi como capital do Imp\u00e9rio Austro-H\u00fangaro, mas a cidade n\u00e3o parou no tempo. Enquanto outras metr\u00f3poles batalhavam com a instabilidade p\u00f3s-guerra, Viena reinvestiu em desenvolvimento urbano e inclus\u00e3o social. Inicialmente, a capital foi palco de graves problemas, como fome e desemprego. No entanto, a recupera\u00e7\u00e3o foi organizada e consistente.<\/p>\n<p>Nos \u00faltimos cinco anos, a prefeitura de Viena, em parceria com a iniciativa privada, tem implementado um ambicioso projeto que segue os Objetivos de Desenvolvimento Sustent\u00e1vel (ODS) da ONU. Al\u00e9m disso, h\u00e1 metas para digitaliza\u00e7\u00e3o e inclus\u00e3o social a serem completadas at\u00e9 2050, conforme explicou a arquiteta Victoria Fern\u00e1ndez \u00c1\u00f1ez.<\/p>\n<figure class=\"wp-block-image size-large\"><\/figure>\n<h2 class=\"wp-block-heading\">Segredo do sucesso da Habita\u00e7\u00e3o Social em Viena<\/h2>\n<p>Uma das principais for\u00e7as de Viena \u00e9 sua pol\u00edtica de habita\u00e7\u00e3o social. A prefeitura transformou propriedades adquiridas em pr\u00e9dios de apartamentos para conter a crise imobili\u00e1ria dos anos 1920. Este modelo de habita\u00e7\u00e3o permitiu que metade da popula\u00e7\u00e3o, inclusive imigrantes, morasse em im\u00f3veis subsidiados.<\/p>\n<p>O financiamento \u00e9 dividido entre p\u00fablico e privado, mas a gest\u00e3o fica a cargo do governo e de cooperativas sem fins lucrativos. O ge\u00f3grafo Robert Musil destaca que o governo investe anualmente 500 milh\u00f5es de euros em moradia, garantindo que todos os habitantes tenham acesso a uma resid\u00eancia digna.<\/p>\n<figure class=\"wp-block-image size-large\"><picture loading=\"lazy\" decoding=\"async\" class=\"wp-image-167164\"><source type=\"image\/webp\" srcset=\"https:\/\/terrabrasilnoticias.com\/wp-content\/uploads\/2024\/08\/image-87-1024x644.png.webp 1024w, https:\/\/terrabrasilnoticias.com\/wp-content\/uploads\/2024\/08\/image-87-300x189.png.webp 300w, https:\/\/terrabrasilnoticias.com\/wp-content\/uploads\/2024\/08\/image-87-768x483.png.webp 768w, https:\/\/terrabrasilnoticias.com\/wp-content\/uploads\/2024\/08\/image-87-750x472.png.webp 750w, https:\/\/terrabrasilnoticias.com\/wp-content\/uploads\/2024\/08\/image-87-1140x717.png.webp 1140w, https:\/\/terrabrasilnoticias.com\/wp-content\/uploads\/2024\/08\/image-87.png.webp 1274w\" sizes=\"(max-width: 1024px) 100vw, 1024px\"\/><img loading=\"lazy\" decoding=\"async\" width=\"1024\" height=\"644\" src=\"https:\/\/terrabrasilnoticias.com\/wp-content\/uploads\/2024\/08\/image-87-1024x644.png\" alt=\"\" srcset=\"https:\/\/terrabrasilnoticias.com\/wp-content\/uploads\/2024\/08\/image-87-1024x644.png 1024w, https:\/\/terrabrasilnoticias.com\/wp-content\/uploads\/2024\/08\/image-87-300x189.png 300w, https:\/\/terrabrasilnoticias.com\/wp-content\/uploads\/2024\/08\/image-87-768x483.png 768w, https:\/\/terrabrasilnoticias.com\/wp-content\/uploads\/2024\/08\/image-87-750x472.png 750w, https:\/\/terrabrasilnoticias.com\/wp-content\/uploads\/2024\/08\/image-87-1140x717.png 1140w, https:\/\/terrabrasilnoticias.com\/wp-content\/uploads\/2024\/08\/image-87.png 1274w\" sizes=\"auto, (max-width: 1024px) 100vw, 1024px\"\/>\n<\/picture>\n<\/figure>\n<h2 class=\"wp-block-heading\">Como a cultura e a mobilidade contribuem para a habitabilidade de Viena?<\/h2>\n<p>A vida cultural de Viena \u00e9 efervescente, com atra\u00e7\u00f5es que v\u00e3o desde a m\u00fasica cl\u00e1ssica at\u00e9 eventos contempor\u00e2neos. Para Camila Carivali, estudante de arquitetura, a oferta cultural \u00e9 um dos maiores atrativos: \u201cNo Brasil, eu ficava em casa nos fins de semana. Aqui, sempre tem algo que te tira do apartamento\u201d, diz ela.<\/p>\n<p>A capital austr\u00edaca tamb\u00e9m \u00e9 um exemplo em termos de mobilidade. O transporte p\u00fablico eficiente e acess\u00edvel faz com que muitos moradores dispensem o uso de autom\u00f3veis. Let\u00edcia Diethelm, terapeuta brasiliense que reside em Viena h\u00e1 doze anos, afirma: \u201cNem se compara com Bras\u00edlia. N\u00e3o tenho carro, fa\u00e7o tudo de metr\u00f4, trem de superf\u00edcie e \u00f4nibus. A vida \u00e9 mais tranquila\u201d.<\/p>\n<p>Em suma, Viena se destaca como um modelo de planejamento urbano bem-sucedido, onde a qualidade de vida e o bem-estar dos moradores s\u00e3o prioridades m\u00e1ximas. Essa combina\u00e7\u00e3o de fatores faz de Viena a cidade mais habit\u00e1vel do mundo pelo terceiro ano consecutivo.<\/p>\n<\/div>\n<p><br \/>\n<br \/><a href=\"https:\/\/tvfloridausa.com\/2024\/08\/03\/a-cidade-no-topo-da-lista-de-mais-habitaveis-do-mundo-pelo-terceiro-ano-consecutivo\/\">Source link <\/a><\/p>","protected":false},"excerpt":{"rendered":"<p>Foto: Reprodu\u00e7\u00e3o. A migra\u00e7\u00e3o das popula\u00e7\u00f5es do campo para as cidades impulsionou o progresso da humanidade e foi fator essencial para avan\u00e7os cient\u00edficos e conquistas de direitos. Contudo, essa transi\u00e7\u00e3o&hellip;<\/p>","protected":false},"author":1,"featured_media":16233,"comment_status":"closed","ping_status":"open","sticky":false,"template":"","format":"standard","meta":{"content-type":"","footnotes":""},"categories":[22],"tags":[],"class_list":["post-16232","post","type-post","status-publish","format-standard","has-post-thumbnail","hentry","category-tv-florida-usa"],"_links":{"self":[{"href":"https:\/\/tvbrazilusa.com\/pt\/wp-json\/wp\/v2\/posts\/16232","targetHints":{"allow":["GET"]}}],"collection":[{"href":"https:\/\/tvbrazilusa.com\/pt\/wp-json\/wp\/v2\/posts"}],"about":[{"href":"https:\/\/tvbrazilusa.com\/pt\/wp-json\/wp\/v2\/types\/post"}],"author":[{"embeddable":true,"href":"https:\/\/tvbrazilusa.com\/pt\/wp-json\/wp\/v2\/users\/1"}],"replies":[{"embeddable":true,"href":"https:\/\/tvbrazilusa.com\/pt\/wp-json\/wp\/v2\/comments?post=16232"}],"version-history":[{"count":1,"href":"https:\/\/tvbrazilusa.com\/pt\/wp-json\/wp\/v2\/posts\/16232\/revisions"}],"predecessor-version":[{"id":16234,"href":"https:\/\/tvbrazilusa.com\/pt\/wp-json\/wp\/v2\/posts\/16232\/revisions\/16234"}],"wp:featuredmedia":[{"embeddable":true,"href":"https:\/\/tvbrazilusa.com\/pt\/wp-json\/wp\/v2\/media\/16233"}],"wp:attachment":[{"href":"https:\/\/tvbrazilusa.com\/pt\/wp-json\/wp\/v2\/media?parent=16232"}],"wp:term":[{"taxonomy":"category","embeddable":true,"href":"https:\/\/tvbrazilusa.com\/pt\/wp-json\/wp\/v2\/categories?post=16232"},{"taxonomy":"post_tag","embeddable":true,"href":"https:\/\/tvbrazilusa.com\/pt\/wp-json\/wp\/v2\/tags?post=16232"}],"curies":[{"name":"wp","href":"https:\/\/api.w.org\/{rel}","templated":true}]}}