{"id":16235,"date":"2024-08-03T21:00:00","date_gmt":"2024-08-03T21:00:00","guid":{"rendered":"https:\/\/tvbrazilusa.com\/2024\/08\/03\/golf-volta-ao-brasil-com-preco-de-porsche\/"},"modified":"2024-08-03T21:01:54","modified_gmt":"2024-08-03T21:01:54","slug":"golf-volta-ao-brasil-com-preco-de-porsche","status":"publish","type":"post","link":"https:\/\/tvbrazilusa.com\/pt\/2024\/08\/03\/golf-volta-ao-brasil-com-preco-de-porsche\/","title":{"rendered":"Golf volta ao Brasil com pre\u00e7o de Porsche"},"content":{"rendered":"<p> <script async src=\"https:\/\/pagead2.googlesyndication.com\/pagead\/js\/adsbygoogle.js?client=ca-pub-8864793242727901\"\r\n     crossorigin=\"anonymous\"><\/script><br \/>\n<\/p>\n<div>\n<p>Em dezembro de 2020, a <a href=\"https:\/\/terrabrasilnoticias.com\/2024\/07\/volkswagen-desmente-relancamento-do-gol-em-2025\/\">Volkswagen<\/a> parou de comercializar o Golf de s\u00e9tima gera\u00e7\u00e3o no Brasil, incluindo o famoso esportivo Golf GTI. No entanto, novos rumores indicam que o cen\u00e1rio pode mudar em breve. Com a introdu\u00e7\u00e3o de modelos de alta performance como o Honda Civic Type R e o Toyota GR Corolla, a montadora percebeu que h\u00e1 um mercado promissor para carros esportivos derivados de modelos m\u00e9dios. Em uma entrevista concedida por Ciro Possobom, CEO da Volkswagen Brasil, algumas revela\u00e7\u00f5es sobre esse poss\u00edvel retorno foram feitas.<\/p>\n<p>Recente, Possobom declarou que tanto o Golf GTI quanto a vers\u00e3o mais potente, Golf R, est\u00e3o sendo estudados para o mercado brasileiro. O executivo confirmou que h\u00e1 um interesse crescente em trazer carros importados para o Brasil, inclusive no pr\u00f3ximo ano. Esta not\u00edcia pode acalentar o cora\u00e7\u00e3o dos entusiastas de autom\u00f3veis esportivos que sentem falta do ic\u00f4nico Golf GTI nas ruas brasileiras.<\/p>\n<h2>Por que considerar a reintrodu\u00e7\u00e3o do Volkswagen Golf R no Brasil?<\/h2>\n<p>O mercado brasileiro j\u00e1 tem demonstrado interesse em esportivos de alta performance, exemplificado pelo sucesso do Civic Type R e do GR Corolla. Ambos entregam cerca de 300 cv de pot\u00eancia e possuem caracter\u00edsticas t\u00e9cnicas que os fazem atrativos para amantes da velocidade e da dire\u00e7\u00e3o esportiva. Esse movimento fez com que a Volkswagen percebesse uma oportunidade no mercado.<\/p>\n<p>O atual Golf GTI oferece 235 cv com um motor 2.0 turbo e tra\u00e7\u00e3o dianteira, sendo uma op\u00e7\u00e3o interessante, mas o Golf R vai ainda mais al\u00e9m. Esta vers\u00e3o \u00e9 equipada com um motor capaz de gerar 315 cv de pot\u00eancia e tra\u00e7\u00e3o integral, caracter\u00edsticas que o colocam em um patamar superior em termos de performance.<\/p>\n<h2>O Golf R seria a escolha ideal para o novo cen\u00e1rio de esportivos?<\/h2>\n<p>Apesar de o Golf GTI ser o mais conhecido da linha, o Golf R poderia se destacar mais no atual mercado brasileiro de esportivos. Assim como o Civic Type R e GR Corolla, que possuem tra\u00e7\u00e3o integral e c\u00e2mbio manual, o Golf R tamb\u00e9m traria essas mesmas qualidades. No entanto, um ponto a ser considerado \u00e9 que h\u00e1 rumores de que a Volkswagen planeja lan\u00e7ar o Golf R com c\u00e2mbio DSG de dupla embreagem e sete velocidades, abandonando a transmiss\u00e3o manual.<\/p>\n<h2>Como fariam os pre\u00e7os do Novo Volkswagen Golf GTI e Golf R no mercado brasileiro?<\/h2>\n<p>O pre\u00e7o \u00e9 sempre um fator decisivo no mercado automotivo. Espera-se que, sendo importados, tanto o novo Golf GTI quanto o Golf R cheguem com pre\u00e7os elevados. Os concorrentes, Civic Type R e GR Corolla, s\u00e3o vendidos acima de R$ 400 mil, focando em um p\u00fablico mais entusiasta. Portanto, n\u00e3o seria surpresa se o Golf GTI e o Golf R chegassem ao Brasil com uma faixa de pre\u00e7o similar.<\/p>\n<p>A quest\u00e3o do volume de vendas \u00e9 crucial para que a Volkswagen decida pela importa\u00e7\u00e3o desses modelos. O mercado de carros esportivos no Brasil, embora pequeno, \u00e9 formador de opini\u00e3o e pode incentivar a montadora a explorar esse segmento com mais afinco. Al\u00e9m disso, a adi\u00e7\u00e3o desses modelos ao portf\u00f3lio ajudaria a manter a marca Volkswagen relevante e desejada entre os consumidores brasileiros.<\/p>\n<h2>O que esperar do futuro do Volkswagen Golf no Brasil?<\/h2>\n<p>A possibilidade de reintrodu\u00e7\u00e3o do Golf GTI e do Golf R traz uma nova esperan\u00e7a para os entusiastas de esportivos no Brasil. Com a tend\u00eancia crescente de modelos de alta performance, a Volkswagen pode estar em um bom caminho para fortalecer sua presen\u00e7a nesse nicho. Ainda que desafios como a quest\u00e3o da transmiss\u00e3o e os pre\u00e7os elevados existam, a marca tem o potencial de conquistar novamente seu espa\u00e7o no cora\u00e7\u00e3o dos brasileiros.<\/p>\n<\/p><\/div>\n<p><br \/>\n<br \/><a href=\"https:\/\/terrabrasilnoticias.com\/2024\/08\/golf-volta-ao-brasil-com-preco-de-porsche\/\">Source link <\/a><\/p>","protected":false},"excerpt":{"rendered":"<p>Em dezembro de 2020, a Volkswagen parou de comercializar o Golf de s\u00e9tima gera\u00e7\u00e3o no Brasil, incluindo o famoso esportivo Golf GTI. No entanto, novos rumores indicam que o cen\u00e1rio&hellip;<\/p>","protected":false},"author":1,"featured_media":16236,"comment_status":"closed","ping_status":"open","sticky":false,"template":"","format":"standard","meta":{"content-type":"","footnotes":""},"categories":[16],"tags":[123,1751],"class_list":["post-16235","post","type-post","status-publish","format-standard","has-post-thumbnail","hentry","category-noticias","tag-brasil","tag-carros"],"_links":{"self":[{"href":"https:\/\/tvbrazilusa.com\/pt\/wp-json\/wp\/v2\/posts\/16235","targetHints":{"allow":["GET"]}}],"collection":[{"href":"https:\/\/tvbrazilusa.com\/pt\/wp-json\/wp\/v2\/posts"}],"about":[{"href":"https:\/\/tvbrazilusa.com\/pt\/wp-json\/wp\/v2\/types\/post"}],"author":[{"embeddable":true,"href":"https:\/\/tvbrazilusa.com\/pt\/wp-json\/wp\/v2\/users\/1"}],"replies":[{"embeddable":true,"href":"https:\/\/tvbrazilusa.com\/pt\/wp-json\/wp\/v2\/comments?post=16235"}],"version-history":[{"count":1,"href":"https:\/\/tvbrazilusa.com\/pt\/wp-json\/wp\/v2\/posts\/16235\/revisions"}],"predecessor-version":[{"id":16237,"href":"https:\/\/tvbrazilusa.com\/pt\/wp-json\/wp\/v2\/posts\/16235\/revisions\/16237"}],"wp:featuredmedia":[{"embeddable":true,"href":"https:\/\/tvbrazilusa.com\/pt\/wp-json\/wp\/v2\/media\/16236"}],"wp:attachment":[{"href":"https:\/\/tvbrazilusa.com\/pt\/wp-json\/wp\/v2\/media?parent=16235"}],"wp:term":[{"taxonomy":"category","embeddable":true,"href":"https:\/\/tvbrazilusa.com\/pt\/wp-json\/wp\/v2\/categories?post=16235"},{"taxonomy":"post_tag","embeddable":true,"href":"https:\/\/tvbrazilusa.com\/pt\/wp-json\/wp\/v2\/tags?post=16235"}],"curies":[{"name":"wp","href":"https:\/\/api.w.org\/{rel}","templated":true}]}}