{"id":16241,"date":"2024-08-03T21:06:57","date_gmt":"2024-08-03T21:06:57","guid":{"rendered":"https:\/\/tvbrazilusa.com\/2024\/08\/03\/unhas-que-se-curvam-em-direcao-a-ponta-dos-dedos-podem-ser-um-sinal-de-cancer-de-pulmao-entenda-esse-e-outros-sintomas\/"},"modified":"2024-08-03T21:14:40","modified_gmt":"2024-08-03T21:14:40","slug":"unhas-que-se-curvam-em-direcao-a-ponta-dos-dedos-podem-ser-um-sinal-de-cancer-de-pulmao-entenda-esse-e-outros-sintomas","status":"publish","type":"post","link":"https:\/\/tvbrazilusa.com\/pt\/2024\/08\/03\/unhas-que-se-curvam-em-direcao-a-ponta-dos-dedos-podem-ser-um-sinal-de-cancer-de-pulmao-entenda-esse-e-outros-sintomas\/","title":{"rendered":"Unhas que se curvam em dire\u00e7\u00e3o \u00e0 ponta dos dedos podem ser um sinal de c\u00e2ncer de pulm\u00e3o; Entenda esse e outros sintomas"},"content":{"rendered":"<p> <script async src=\"https:\/\/pagead2.googlesyndication.com\/pagead\/js\/adsbygoogle.js?client=ca-pub-8864793242727901\"\r\n     crossorigin=\"anonymous\"><\/script><br \/>\n<\/p>\n<div>\n<p>Foto: Reprodu\u00e7\u00e3o.<\/p>\n<p>O c\u00e2ncer de pulm\u00e3o \u00e9 uma das principais causas de mortalidade no mundo, como destacado pela Organiza\u00e7\u00e3o Mundial da Sa\u00fade (OMS). Identificar precocemente os sinais dessa doen\u00e7a pode salvar vidas. Entre esses sinais, um frequentemente negligenciado \u00e9 a mudan\u00e7a nos dedos das m\u00e3os, conhecida como baqueteamento digital.<\/p>\n<p>O baqueteamento digital, tamb\u00e9m denominado hipocratismo digital, \u00e9 uma condi\u00e7\u00e3o na qual as extremidades dos dedos se alargam e as unhas se curvam em dire\u00e7\u00e3o \u00e0 ponta dos dedos. Este fen\u00f4meno \u00e9 muitas vezes associado a doen\u00e7as pulmonares, incluindo o c\u00e2ncer de pulm\u00e3o. Descrita pela primeira vez h\u00e1 aproximadamente 2.400 anos por Hip\u00f3crates, esta condi\u00e7\u00e3o tem sido ligada a diversas doen\u00e7as ao longo dos anos.<\/p>\n<h2 class=\"wp-block-heading\">O que \u00e9 o baqueteamento digital?<\/h2>\n<p>O baqueteamento digital est\u00e1 frequentemente relacionado a doen\u00e7as pulmonares. Reconhecer esta condi\u00e7\u00e3o pode ser vital para o diagn\u00f3stico precoce de doen\u00e7as graves. Os sinais incluem:<\/p>\n<ul class=\"wp-block-list\">\n<li>Incha\u00e7o e arredondamento nas pontas dos dedos;<\/li>\n<li>Alargamento das unhas, que podem tamb\u00e9m se curvar para baixo;<\/li>\n<li>Unhas amolecidas;<\/li>\n<li>Apar\u00eancia brilhante da pele ao redor das unhas.<\/li>\n<\/ul>\n<p>\u00a0<\/p>\n<figure class=\"wp-block-image size-full\"><picture decoding=\"async\" class=\"wp-image-167177\"><source type=\"image\/webp\" srcset=\"https:\/\/terrabrasilnoticias.com\/wp-content\/uploads\/2024\/08\/image-92.png.webp 400w, https:\/\/terrabrasilnoticias.com\/wp-content\/uploads\/2024\/08\/image-92-300x240.png.webp 300w\" sizes=\"(max-width: 400px) 100vw, 400px\"\/><\/picture>\n<\/figure>\n<figure class=\"wp-block-image size-full\"><picture decoding=\"async\" class=\"wp-image-167178\"><source type=\"image\/webp\" srcset=\"https:\/\/terrabrasilnoticias.com\/wp-content\/uploads\/2024\/08\/image-93.png.webp 929w, https:\/\/terrabrasilnoticias.com\/wp-content\/uploads\/2024\/08\/image-93-300x159.png.webp 300w, https:\/\/terrabrasilnoticias.com\/wp-content\/uploads\/2024\/08\/image-93-768x406.png.webp 768w, https:\/\/terrabrasilnoticias.com\/wp-content\/uploads\/2024\/08\/image-93-750x396.png.webp 750w\" sizes=\"(max-width: 929px) 100vw, 929px\"\/><img fetchpriority=\"high\" decoding=\"async\" width=\"929\" height=\"491\" src=\"https:\/\/terrabrasilnoticias.com\/wp-content\/uploads\/2024\/08\/image-93.png\" alt=\"\" srcset=\"https:\/\/terrabrasilnoticias.com\/wp-content\/uploads\/2024\/08\/image-93.png 929w, https:\/\/terrabrasilnoticias.com\/wp-content\/uploads\/2024\/08\/image-93-300x159.png 300w, https:\/\/terrabrasilnoticias.com\/wp-content\/uploads\/2024\/08\/image-93-768x406.png 768w, https:\/\/terrabrasilnoticias.com\/wp-content\/uploads\/2024\/08\/image-93-750x396.png 750w\" sizes=\"(max-width: 929px) 100vw, 929px\"\/>\n<\/picture>\n<\/figure>\n<h2 class=\"wp-block-heading\">Outros sintomas do c\u00e2ncer de pulm\u00e3o<\/h2>\n<p>Al\u00e9m do baqueteamento digital, outros sinais e sintomas do c\u00e2ncer de pulm\u00e3o incluem:<\/p>\n<ul class=\"wp-block-list\">\n<li>Tosse persistente;<\/li>\n<li>Dor no peito que piora com a respira\u00e7\u00e3o profunda;<\/li>\n<li>Rouquid\u00e3o;<\/li>\n<li>Perda de peso sem explica\u00e7\u00e3o;<\/li>\n<li>Fadiga constante;<\/li>\n<li>Infec\u00e7\u00f5es respirat\u00f3rias frequentes.<\/li>\n<\/ul>\n<h2 class=\"wp-block-heading\">Import\u00e2ncia do diagn\u00f3stico precoce<\/h2>\n<p>Detectar o c\u00e2ncer de pulm\u00e3o em seus est\u00e1gios iniciais pode aumentar significativamente as chances de um tratamento bem-sucedido. Se houver qualquer mudan\u00e7a nos dedos ou outros sintomas associados, \u00e9 crucial procurar um m\u00e9dico. O processo de diagn\u00f3stico pode envolver exames de imagem, como radiografias de t\u00f3rax ou tomografias computadorizadas, al\u00e9m de testes de fun\u00e7\u00e3o pulmonar.<\/p>\n<h2 class=\"wp-block-heading\">Tratamentos para o c\u00e2ncer de pulm\u00e3o<\/h2>\n<p>O tratamento do c\u00e2ncer de pulm\u00e3o varia conforme o tipo e o est\u00e1gio da doen\u00e7a, bem como a sa\u00fade geral do paciente. Abaixo est\u00e3o algumas das abordagens mais comuns:<\/p>\n<h3 class=\"wp-block-heading\">Cirurgia<\/h3>\n<p>\u00a0A cirurgia \u00e9 uma op\u00e7\u00e3o comum nos est\u00e1gios iniciais do c\u00e2ncer de pulm\u00e3o. Dependendo da localiza\u00e7\u00e3o e do tamanho do tumor, os cirurgi\u00f5es podem optar por remover uma parte do pulm\u00e3o (lobectomia) ou, em casos mais graves, o pulm\u00e3o inteiro (pneumonectomia).<\/p>\n<h3 class=\"wp-block-heading\">Radioterapia<\/h3>\n<p>\u00a0A radioterapia utiliza radia\u00e7\u00e3o de alta energia para destruir as c\u00e9lulas cancer\u00edgenas. Esse tratamento pode ser empregado isoladamente ou em combina\u00e7\u00e3o com outros tratamentos, especialmente quando a cirurgia n\u00e3o \u00e9 vi\u00e1vel.<\/p>\n<h3 class=\"wp-block-heading\">Quimioterapia<\/h3>\n<p>\u00a0A quimioterapia \u00e9 amplamente utilizada, especialmente em est\u00e1gios avan\u00e7ados do c\u00e2ncer de pulm\u00e3o. Este tratamento envolve medicamentos que matam as c\u00e9lulas cancer\u00edgenas ou impedem seu crescimento.<\/p>\n<h3 class=\"wp-block-heading\">Terapias Direcionadas<\/h3>\n<p>\u00a0As terapias direcionadas s\u00e3o tratamentos mais recentes que atacam especificamente as c\u00e9lulas cancer\u00edgenas com menos danos \u00e0s c\u00e9lulas normais. Medicamentos como os inibidores de tirosina-quinase t\u00eam demonstrado grande efic\u00e1cia em certos tipos de c\u00e2ncer de pulm\u00e3o.<\/p>\n<h3 class=\"wp-block-heading\">Imunoterapia<\/h3>\n<p>\u00a0A imunoterapia \u00e9 uma inova\u00e7\u00e3o promissora no tratamento do c\u00e2ncer de pulm\u00e3o. Esse tratamento estimula o sistema imunol\u00f3gico do paciente a reconhecer e atacar as c\u00e9lulas cancer\u00edgenas, oferecendo nova esperan\u00e7a, especialmente para casos avan\u00e7ados da doen\u00e7a.<\/p>\n<p>Portanto, estar atento aos sinais e sintomas do c\u00e2ncer de pulm\u00e3o, especialmente ao baqueteamento digital, pode fazer uma diferen\u00e7a significativa na detec\u00e7\u00e3o precoce e no tratamento da doen\u00e7a. N\u00e3o ignore esses sintomas e consulte um m\u00e9dico se perceber qualquer mudan\u00e7a suspeita.<\/p>\n<\/p><\/div>\n<p><br \/>\n<br \/><a href=\"https:\/\/terrabrasilnoticias.com\/2024\/08\/unhas-que-se-curvam-em-direcao-a-ponta-dos-dedos-podem-ser-um-sinal-de-cancer-de-pulmao-entenda-esse-e-outros-sintomas\/\">Source link <\/a><\/p>","protected":false},"excerpt":{"rendered":"<p>Foto: Reprodu\u00e7\u00e3o. O c\u00e2ncer de pulm\u00e3o \u00e9 uma das principais causas de mortalidade no mundo, como destacado pela Organiza\u00e7\u00e3o Mundial da Sa\u00fade (OMS). Identificar precocemente os sinais dessa doen\u00e7a pode&hellip;<\/p>","protected":false},"author":1,"featured_media":16242,"comment_status":"closed","ping_status":"open","sticky":false,"template":"","format":"standard","meta":{"content-type":"","footnotes":""},"categories":[16],"tags":[],"class_list":["post-16241","post","type-post","status-publish","format-standard","has-post-thumbnail","hentry","category-noticias"],"_links":{"self":[{"href":"https:\/\/tvbrazilusa.com\/pt\/wp-json\/wp\/v2\/posts\/16241","targetHints":{"allow":["GET"]}}],"collection":[{"href":"https:\/\/tvbrazilusa.com\/pt\/wp-json\/wp\/v2\/posts"}],"about":[{"href":"https:\/\/tvbrazilusa.com\/pt\/wp-json\/wp\/v2\/types\/post"}],"author":[{"embeddable":true,"href":"https:\/\/tvbrazilusa.com\/pt\/wp-json\/wp\/v2\/users\/1"}],"replies":[{"embeddable":true,"href":"https:\/\/tvbrazilusa.com\/pt\/wp-json\/wp\/v2\/comments?post=16241"}],"version-history":[{"count":1,"href":"https:\/\/tvbrazilusa.com\/pt\/wp-json\/wp\/v2\/posts\/16241\/revisions"}],"predecessor-version":[{"id":16243,"href":"https:\/\/tvbrazilusa.com\/pt\/wp-json\/wp\/v2\/posts\/16241\/revisions\/16243"}],"wp:featuredmedia":[{"embeddable":true,"href":"https:\/\/tvbrazilusa.com\/pt\/wp-json\/wp\/v2\/media\/16242"}],"wp:attachment":[{"href":"https:\/\/tvbrazilusa.com\/pt\/wp-json\/wp\/v2\/media?parent=16241"}],"wp:term":[{"taxonomy":"category","embeddable":true,"href":"https:\/\/tvbrazilusa.com\/pt\/wp-json\/wp\/v2\/categories?post=16241"},{"taxonomy":"post_tag","embeddable":true,"href":"https:\/\/tvbrazilusa.com\/pt\/wp-json\/wp\/v2\/tags?post=16241"}],"curies":[{"name":"wp","href":"https:\/\/api.w.org\/{rel}","templated":true}]}}