{"id":16261,"date":"2024-08-03T20:12:41","date_gmt":"2024-08-03T20:12:41","guid":{"rendered":"https:\/\/tvbrazilusa.com\/2024\/08\/03\/novas-prisoes-feitas-no-tiroteio-de-um-adolescente-em-norwalk\/"},"modified":"2024-08-03T21:51:56","modified_gmt":"2024-08-03T21:51:56","slug":"novas-prisoes-feitas-no-tiroteio-de-um-adolescente-em-norwalk","status":"publish","type":"post","link":"https:\/\/tvbrazilusa.com\/pt\/2024\/08\/03\/novas-prisoes-feitas-no-tiroteio-de-um-adolescente-em-norwalk\/","title":{"rendered":"Novas pris\u00f5es feitas no tiroteio de um adolescente em Norwalk"},"content":{"rendered":"<p> <script async src=\"https:\/\/pagead2.googlesyndication.com\/pagead\/js\/adsbygoogle.js?client=ca-pub-8864793242727901\"\r\n     crossorigin=\"anonymous\"><\/script><br \/>\n<\/p>\n<p>NORWALK, Connecticut (WTNH) \u2013 A pol\u00edcia de Norwalk prendeu mais duas pessoas envolvidas no assassinato de um jovem de 15 anos em julho. <\/p>\n<p>A pol\u00edcia atendeu diversas chamadas no dia 13 de julho \u00e0s 18h45 sobre tiros disparados perto do Complexo Habitacional P\u00fablico Roodner Court, na 261 Ely Avenue. <\/p>\n<p>Mais tarde naquela noite, a pol\u00edcia soube que um jovem de 15 anos havia sido deixado no Hospital Norwalk sofrendo de ferimentos de bala sem risco de vida. Pouco tempo depois, o atirador, tamb\u00e9m menor de idade, foi preso e encaminhado para a Deten\u00e7\u00e3o Juvenil. <\/p>\n<div class=\"wp-block-columns is-layout-flex wp-container-core-columns-layout-1 wp-block-columns-is-layout-flex\">\n<div class=\"wp-block-column is-layout-flow wp-block-column-is-layout-flow\" style=\"flex-basis:100%\">\n<figure class=\"wp-block-gallery has-nested-images columns-default is-cropped wp-block-gallery-1 is-layout-flex wp-block-gallery-is-layout-flex\">\n<figure class=\"wp-block-image size-full\"><figcaption class=\"wp-element-caption\">Latrel Stewart, 24. Foto da pris\u00e3o fornecida pelo Departamento de Pol\u00edcia de Norwalk. <\/figcaption><\/figure>\n<figure class=\"wp-block-image size-full\"><img loading=\"lazy\" decoding=\"async\" width=\"428\" height=\"540\" src=\"https:\/\/www.wtnh.com\/wp-content\/uploads\/sites\/100\/2024\/08\/Broome-Essence-2024-08-03-152307-1.png?strip=1\" alt=\"\" class=\"wp-image-1919537\" \/><figcaption class=\"wp-element-caption\">Essence Broome, 33. Foto da pris\u00e3o fornecida pelo Departamento de Pol\u00edcia de Norwalk. <\/figcaption><\/figure>\n<\/figure>\n<\/div>\n<\/div>\n<p>Investiga\u00e7\u00f5es posteriores levaram a pol\u00edcia a determinar que outros participantes estavam envolvidos no tiroteio e mandados de pris\u00e3o foram emitidos para Essence Broome, 33, de Darien, e Latrel Stewart, 24, de Norwalk. <\/p>\n<p>Broome e Stewart foram detidos na sexta-feira e ambos devem comparecer ao tribunal em 16 de agosto. <\/p>\n<p><br \/>\n<br \/><a href=\"https:\/\/www.wtnh.com\/news\/connecticut\/fairfield\/new-arrests-made-in-the-shooting-of-a-teenager-in-norwalk\/\">Source link <\/a><\/p>","protected":false},"excerpt":{"rendered":"<p>NORWALK, Connecticut (WTNH) \u2013 A pol\u00edcia de Norwalk prendeu mais duas pessoas envolvidas no assassinato de um jovem de 15 anos em julho. A pol\u00edcia atendeu diversas chamadas no dia&hellip;<\/p>","protected":false},"author":1,"featured_media":16262,"comment_status":"closed","ping_status":"open","sticky":false,"template":"","format":"standard","meta":{"content-type":"","footnotes":""},"categories":[1],"tags":[],"class_list":["post-16261","post","type-post","status-publish","format-standard","has-post-thumbnail","hentry","category-uncategorized"],"_links":{"self":[{"href":"https:\/\/tvbrazilusa.com\/pt\/wp-json\/wp\/v2\/posts\/16261","targetHints":{"allow":["GET"]}}],"collection":[{"href":"https:\/\/tvbrazilusa.com\/pt\/wp-json\/wp\/v2\/posts"}],"about":[{"href":"https:\/\/tvbrazilusa.com\/pt\/wp-json\/wp\/v2\/types\/post"}],"author":[{"embeddable":true,"href":"https:\/\/tvbrazilusa.com\/pt\/wp-json\/wp\/v2\/users\/1"}],"replies":[{"embeddable":true,"href":"https:\/\/tvbrazilusa.com\/pt\/wp-json\/wp\/v2\/comments?post=16261"}],"version-history":[{"count":1,"href":"https:\/\/tvbrazilusa.com\/pt\/wp-json\/wp\/v2\/posts\/16261\/revisions"}],"predecessor-version":[{"id":16263,"href":"https:\/\/tvbrazilusa.com\/pt\/wp-json\/wp\/v2\/posts\/16261\/revisions\/16263"}],"wp:featuredmedia":[{"embeddable":true,"href":"https:\/\/tvbrazilusa.com\/pt\/wp-json\/wp\/v2\/media\/16262"}],"wp:attachment":[{"href":"https:\/\/tvbrazilusa.com\/pt\/wp-json\/wp\/v2\/media?parent=16261"}],"wp:term":[{"taxonomy":"category","embeddable":true,"href":"https:\/\/tvbrazilusa.com\/pt\/wp-json\/wp\/v2\/categories?post=16261"},{"taxonomy":"post_tag","embeddable":true,"href":"https:\/\/tvbrazilusa.com\/pt\/wp-json\/wp\/v2\/tags?post=16261"}],"curies":[{"name":"wp","href":"https:\/\/api.w.org\/{rel}","templated":true}]}}