{"id":16361,"date":"2024-08-04T01:04:59","date_gmt":"2024-08-04T01:04:59","guid":{"rendered":"https:\/\/tvbrazilusa.com\/2024\/08\/04\/cristina-kirchner-pede-transparencia-nas-eleicoes-da-venezuela-e-segue-o-tom-de-seus-amigos-comunistas-paulo-figueiredo\/"},"modified":"2024-08-04T01:20:24","modified_gmt":"2024-08-04T01:20:24","slug":"cristina-kirchner-pede-transparencia-nas-eleicoes-da-venezuela-e-segue-o-tom-de-seus-amigos-comunistas-paulo-figueiredo","status":"publish","type":"post","link":"https:\/\/tvbrazilusa.com\/pt\/2024\/08\/04\/cristina-kirchner-pede-transparencia-nas-eleicoes-da-venezuela-e-segue-o-tom-de-seus-amigos-comunistas-paulo-figueiredo\/","title":{"rendered":"Cristina Kirchner Pede &#8220;Transpar\u00eancia&#8221; nas Elei\u00e7\u00f5es da Venezuela e Segue o Tom de Seus Amigos Comunistas &#8211; Paulo Figueiredo"},"content":{"rendered":"<p> <script async src=\"https:\/\/pagead2.googlesyndication.com\/pagead\/js\/adsbygoogle.js?client=ca-pub-8864793242727901\"\r\n     crossorigin=\"anonymous\"><\/script><br \/>\n<\/p>\n<div id=\"wtr-content\" data-bg=\"#FFFFFF\" data-fg=\"#006d91\" data-width=\"25\" data-mute=\"1\" data-fgopacity=\"1.00\" data-mutedopacity=\"0.5\" data-placement=\"bottom\" data-placement-offset=\"0\" data-content-offset=\"262\" data-placement-touch=\"bottom\" data-placement-offset-touch=\"0\" data-transparent=\"\" data-shadow=\"0\" data-touch=\"1\" data-non-touch=\"1\" data-comments=\"0\" data-commentsbg=\"transparent\" data-location=\"page\" data-mutedfg=\"#006d91\" data-endfg=\"#006d91\" data-rtl=\"\">\n<pre class=\"wp-block-preformatted has-small-font-size\">Foto - Agustin Marcarian\/Reuters<\/pre>\n<h4 class=\"wp-block-heading\">Em um ato do partido de Manuel L\u00f3pez Obrador, a ex-presidente valorizou a situa\u00e7\u00e3o da Venezuela devido ao bloqueio, reconheceu a legitimidade do ato eleitoral, mas pediu transpar\u00eancia.<\/h4>\n<p>Em seu discurso, Cristina Kirchner afirmou: \u201cNa Venezuela n\u00e3o h\u00e1 dem\u00f4nios nem anjos, se olharmos o processo iniciado em 1999, com um golpe de estado, assumiu Pedro Carmona, que foi reconhecido pelos EUA, e se gerou um clima de viol\u00eancia muito grande.\u201d<\/p>\n<p>\u201cH\u00e1 dois pa\u00edses bloqueados no mundo, Cuba e Venezuela. Em nenhum lugar conseguem explicar como um pa\u00eds que faz uso de seus recursos n\u00e3o pode vender e comprar nada. Ningu\u00e9m no mundo explica como se aborda uma economia bloqueada,\u201d sustentou CFK.<\/p>\n<p><strong>Nesse contexto, Cristina pediu e seguindo o tom de seus amigos:<\/strong> \u201cEm rela\u00e7\u00e3o \u00e0s \u00faltimas elei\u00e7\u00f5es na Venezuela, compartilho o comunicado de Petro e Lula, acredito que a responsabilidade na inten\u00e7\u00e3o \u00e9 vital. Ao ouvir a totaliza\u00e7\u00e3o dos votos de forma oral, porque o poder constitucional havia sido hackeado, que foi meticulosamente lido, porque h\u00e1 um suporte de atas que foram remetidas e aqui pe\u00e7o pelo pr\u00f3prio legado de Ch\u00e1vez que se publiquem as atas.\u201d<\/p>\n<p>\u201cA l\u00edder da oposi\u00e7\u00e3o disse que estava na clandestinidade, mas hoje estava em uma marcha,\u201d afirmou e acrescentou: \u201cSomos a \u00fanica for\u00e7a na Argentina que foi derrubada por golpes militares.\u201d<\/p>\n<p>Em outro aspecto, destacou: \u201c\u00c9 necess\u00e1rio se informar diante de uma cultura instant\u00e2nea das redes sociais,\u201d disse CFK e tamb\u00e9m felicitou \u201ca primeira mulher presidente do M\u00e9xico, Claudia Sheinbaum, a maturidade da companheira em continuar com as pol\u00edticas de Manuel L\u00f3pez Obrador.\u201d<\/p>\n<p>\u201cHugo Chavez venceu as elei\u00e7\u00f5es de 1999, depois Lula no Brasil, N\u00e9stor Kirchner na Argentina, Evo Morales na Bol\u00edvia e Lugo no Paraguai. Embora sejam todos modelos diferentes, o ponto comum era que prezavam seus povos e representavam seus interesses,\u201d lembrou Cristina.<\/p>\n<p>Al\u00e9m disso, acrescentou: \u201cContra esses governos populares n\u00e3o eram necess\u00e1rias torturas e militares, a principal derrota do partido militar ocorreu nas Malvinas. J\u00e1 n\u00e3o serve uma interven\u00e7\u00e3o nesses governos.\u201d<\/p>\n<h4 class=\"wp-block-heading\"><strong>Cristina Kirchner voltou a criticar a Justi\u00e7a<\/strong><\/h4>\n<p>Cristina Kirchner voltou a criticar a Justi\u00e7a: \u201cMe sentaram no julgamento um m\u00eas antes das elei\u00e7\u00f5es de 2019. Montaram um cen\u00e1rio condicionado com Donald Trump nos EUA e Lula preso. A verdade \u00e9 que precisamos de pessoas que possam ler melhor a pol\u00edtica. A utopia que temos que propor do sul \u00e9 a Justi\u00e7a.\u201d<\/p>\n<p>\u201cNo meu caso, o poder judicial \u00e9 de persegui\u00e7\u00e3o, me salvou que o disparo n\u00e3o saiu. Acredito mais na virgem do que acreditava antes e nos militantes que capturaram meu atacante. A corte suprema \u00e9 vital\u00edcia, uma r\u00e9mora mon\u00e1rquica absoluta,\u201d indicou a ex-mandat\u00e1ria.<\/p>\n<p>\u201cEu tentei uma reforma profunda para remover isso no meu segundo mandato com a democratiza\u00e7\u00e3o da justi\u00e7a, mas n\u00e3o teve sucesso,\u201d afirmou.<\/p>\n<p>Cristina Kirchner viajou ao M\u00e9xico junto a uma pequena comitiva de dirigentes composta pelas prefeitas Mayra Mendoza (Quilmes) e Mariel Fern\u00e1ndez (Moreno), o ex-secret\u00e1rio presidencial Oscar Parrilli e a senadora nacional Anabel Fern\u00e1ndez Sagasti. A ex-presidente chegou ao Distrito Federal na sexta-feira de manh\u00e3 e ficar\u00e1 at\u00e9 quarta-feira.<\/p>\n<p><strong><a href=\"https:\/\/www.a24.com\/politica\/cristina-kirchner-hablo-primera-vez-la-eleccion-venezuela-por-legado-chavez-publiquen-las-actas-n1340428\">Source link<\/a><\/strong><\/p>\n<\/div>\n<p><br \/>\n<br \/><a href=\"https:\/\/paulofigueiredoshow.com\/cristina-kirchner-pede-transparencia-nas-eleicoes-da-venezuela-e-segue-o-tom-de-seus-amigos-comunistas\/\">Source link <\/a><\/p>","protected":false},"excerpt":{"rendered":"<p>Foto &#8211; Agustin Marcarian\/Reuters Em um ato do partido de Manuel L\u00f3pez Obrador, a ex-presidente valorizou a situa\u00e7\u00e3o da Venezuela devido ao bloqueio, reconheceu a legitimidade do ato eleitoral, mas&hellip;<\/p>","protected":false},"author":1,"featured_media":16362,"comment_status":"closed","ping_status":"open","sticky":false,"template":"","format":"standard","meta":{"content-type":"","footnotes":""},"categories":[16],"tags":[529,7120,1736,7121,1633,1408,227,1590,7122,1773],"class_list":["post-16361","post","type-post","status-publish","format-standard","has-post-thumbnail","hentry","category-noticias","tag-america","tag-amigos","tag-argentina","tag-cometario","tag-cristina-kirchner","tag-eleicoes","tag-esquerda","tag-maduro","tag-socialistas","tag-urnas"],"_links":{"self":[{"href":"https:\/\/tvbrazilusa.com\/pt\/wp-json\/wp\/v2\/posts\/16361","targetHints":{"allow":["GET"]}}],"collection":[{"href":"https:\/\/tvbrazilusa.com\/pt\/wp-json\/wp\/v2\/posts"}],"about":[{"href":"https:\/\/tvbrazilusa.com\/pt\/wp-json\/wp\/v2\/types\/post"}],"author":[{"embeddable":true,"href":"https:\/\/tvbrazilusa.com\/pt\/wp-json\/wp\/v2\/users\/1"}],"replies":[{"embeddable":true,"href":"https:\/\/tvbrazilusa.com\/pt\/wp-json\/wp\/v2\/comments?post=16361"}],"version-history":[{"count":1,"href":"https:\/\/tvbrazilusa.com\/pt\/wp-json\/wp\/v2\/posts\/16361\/revisions"}],"predecessor-version":[{"id":16363,"href":"https:\/\/tvbrazilusa.com\/pt\/wp-json\/wp\/v2\/posts\/16361\/revisions\/16363"}],"wp:featuredmedia":[{"embeddable":true,"href":"https:\/\/tvbrazilusa.com\/pt\/wp-json\/wp\/v2\/media\/16362"}],"wp:attachment":[{"href":"https:\/\/tvbrazilusa.com\/pt\/wp-json\/wp\/v2\/media?parent=16361"}],"wp:term":[{"taxonomy":"category","embeddable":true,"href":"https:\/\/tvbrazilusa.com\/pt\/wp-json\/wp\/v2\/categories?post=16361"},{"taxonomy":"post_tag","embeddable":true,"href":"https:\/\/tvbrazilusa.com\/pt\/wp-json\/wp\/v2\/tags?post=16361"}],"curies":[{"name":"wp","href":"https:\/\/api.w.org\/{rel}","templated":true}]}}