{"id":16431,"date":"2024-08-04T03:15:58","date_gmt":"2024-08-04T03:15:58","guid":{"rendered":"https:\/\/tvbrazilusa.com\/2024\/08\/04\/2-mortos-em-tiroteio-no-condado-de-marion-dizem-deputados\/"},"modified":"2024-08-04T03:20:39","modified_gmt":"2024-08-04T03:20:39","slug":"2-mortos-em-tiroteio-no-condado-de-marion-dizem-deputados","status":"publish","type":"post","link":"https:\/\/tvbrazilusa.com\/pt\/2024\/08\/04\/2-mortos-em-tiroteio-no-condado-de-marion-dizem-deputados\/","title":{"rendered":"2 mortos em tiroteio no Condado de Marion, dizem deputados"},"content":{"rendered":"<script async src=\"https:\/\/pagead2.googlesyndication.com\/pagead\/js\/adsbygoogle.js?client=ca-pub-8864793242727901\"\r\n     crossorigin=\"anonymous\"><\/script>\n<div id=\"\">\n<p class=\"dist__Box-sc-1fnzlkn-0 dist__TextBase-sc-1fnzlkn-3 CGHCP htMUPQ article-text\"><strong>CONDADO DE MARION, Fl\u00f3rida.<\/strong> \u2013 Duas pessoas morreram ap\u00f3s um tiroteio na noite de s\u00e1bado, de acordo com o Gabinete do Xerife do Condado de Marion.<\/p>\n<p class=\"dist__Box-sc-1fnzlkn-0 dist__TextBase-sc-1fnzlkn-3 CGHCP htMUPQ article-text\">Os deputados disseram que responderam ao tiroteio no bloco 14200 da SE 30th Terrace em Summerfield por volta das 19h48.<\/p>\n<p class=\"dist__Box-sc-1fnzlkn-0 dist__TextBase-sc-1fnzlkn-3 CGHCP htMUPQ article-text\">De acordo com um <a href=\"https:\/\/www.facebook.com\/mcsoflorida\/posts\/pfbid0c48XZx31E8tkbV8zi93evXumeK6tdMfmtXoVWXt15Azazkr1Wof2is7SLiheQsCkl\" target=\"_blank\" rel=\"noopener\">comunicado de imprensa,<\/a> \u201cdois indiv\u00edduos morreram devido a ferimentos de bala.\u201d Nenhum outro detalhe foi divulgado.<\/p>\n<p class=\"dist__Box-sc-1fnzlkn-0 dist__TextBase-sc-1fnzlkn-3 CGHCP htMUPQ article-text\"><b>[EXCLUSIVE: <\/b><a href=\"https:\/\/www.clickorlando.com\/features\/2021\/07\/28\/heres-what-it-means-to-become-a-news-6-insider-its-cool-and-free\/\"><b>Become a News 6 Insider (it\u2019s FREE)<\/b><\/a><b> | PINIT! <\/b><a href=\"https:\/\/www.clickorlando.com\/news\/local\/2023\/04\/12\/changes-have-arrived-to-pinit-heres-what-you-need-to-know\/\"><b>Share your photos<\/b><\/a><b>]<\/b><\/p>\n<p class=\"dist__Box-sc-1fnzlkn-0 dist__TextBase-sc-1fnzlkn-3 CGHCP htMUPQ article-text\">Os delegados disseram que ambas as v\u00edtimas foram identificadas, mas por respeito \u00e0s fam\u00edlias, os nomes n\u00e3o ser\u00e3o divulgados at\u00e9 que os parentes mais pr\u00f3ximos sejam identificados.<\/p>\n<p class=\"dist__Box-sc-1fnzlkn-0 dist__TextBase-sc-1fnzlkn-3 CGHCP htMUPQ article-text\">De acordo com o comunicado, o tiroteio parece ser um incidente isolado. <\/p>\n<p class=\"dist__Box-sc-1fnzlkn-0 dist__TextBase-sc-1fnzlkn-3 CGHCP htMUPQ article-text\">Os detetives do Departamento de Crimes Graves do MCSO est\u00e3o no local conduzindo as investiga\u00e7\u00f5es da morte.<\/p>\n<hr class=\"dist__Box-sc-1fnzlkn-0 dist__BaseDivider-sc-1fnzlkn-8 NJMqq\"\/>\n<p class=\"dist__Box-sc-1fnzlkn-0 dist__TextBase-sc-1fnzlkn-3 CGHCP htMUPQ article-text\"><b>Receba as manchetes de hoje em minutos com <\/b><a href=\"https:\/\/podcasts.apple.com\/us\/podcast\/your-florida-daily\/id1632084191\"><b>Seu di\u00e1rio da Fl\u00f3rida<\/b><\/a><b>:<\/b><\/p>\n<\/div>\n<p>Copyright 2024 por WKMG ClickOrlando &#8211; Todos os direitos reservados.<\/p>\n<p><br \/>\n<br \/><a href=\"https:\/\/www.clickorlando.com\/news\/local\/2024\/08\/04\/2-dead-in-marion-county-shooting-deputies-say\/\">Source link <\/a><\/p>","protected":false},"excerpt":{"rendered":"<p>CONDADO DE MARION, Fl\u00f3rida. \u2013 Duas pessoas morreram ap\u00f3s um tiroteio na noite de s\u00e1bado, de acordo com o Gabinete do Xerife do Condado de Marion. Os deputados disseram que&hellip;<\/p>","protected":false},"author":1,"featured_media":16432,"comment_status":"closed","ping_status":"open","sticky":false,"template":"","format":"standard","meta":{"content-type":"","footnotes":""},"categories":[1],"tags":[7191,1520,2246,2721,4554],"class_list":["post-16431","post","type-post","status-publish","format-standard","has-post-thumbnail","hentry","category-uncategorized","tag-campo-de-verao","tag-condado-de-marion","tag-crime","tag-tiroteio","tag-tiroteio-fatal"],"_links":{"self":[{"href":"https:\/\/tvbrazilusa.com\/pt\/wp-json\/wp\/v2\/posts\/16431","targetHints":{"allow":["GET"]}}],"collection":[{"href":"https:\/\/tvbrazilusa.com\/pt\/wp-json\/wp\/v2\/posts"}],"about":[{"href":"https:\/\/tvbrazilusa.com\/pt\/wp-json\/wp\/v2\/types\/post"}],"author":[{"embeddable":true,"href":"https:\/\/tvbrazilusa.com\/pt\/wp-json\/wp\/v2\/users\/1"}],"replies":[{"embeddable":true,"href":"https:\/\/tvbrazilusa.com\/pt\/wp-json\/wp\/v2\/comments?post=16431"}],"version-history":[{"count":1,"href":"https:\/\/tvbrazilusa.com\/pt\/wp-json\/wp\/v2\/posts\/16431\/revisions"}],"predecessor-version":[{"id":16433,"href":"https:\/\/tvbrazilusa.com\/pt\/wp-json\/wp\/v2\/posts\/16431\/revisions\/16433"}],"wp:featuredmedia":[{"embeddable":true,"href":"https:\/\/tvbrazilusa.com\/pt\/wp-json\/wp\/v2\/media\/16432"}],"wp:attachment":[{"href":"https:\/\/tvbrazilusa.com\/pt\/wp-json\/wp\/v2\/media?parent=16431"}],"wp:term":[{"taxonomy":"category","embeddable":true,"href":"https:\/\/tvbrazilusa.com\/pt\/wp-json\/wp\/v2\/categories?post=16431"},{"taxonomy":"post_tag","embeddable":true,"href":"https:\/\/tvbrazilusa.com\/pt\/wp-json\/wp\/v2\/tags?post=16431"}],"curies":[{"name":"wp","href":"https:\/\/api.w.org\/{rel}","templated":true}]}}