{"id":16439,"date":"2024-08-04T03:03:56","date_gmt":"2024-08-04T03:03:56","guid":{"rendered":"https:\/\/tvbrazilusa.com\/2024\/08\/04\/jornalista-espanhol-ou-espiao-russo-o-misterio-em-torno-da-vida-dupla-de-pablo-gonzalez\/"},"modified":"2024-08-04T03:33:08","modified_gmt":"2024-08-04T03:33:08","slug":"jornalista-espanhol-ou-espiao-russo-o-misterio-em-torno-da-vida-dupla-de-pablo-gonzalez","status":"publish","type":"post","link":"https:\/\/tvbrazilusa.com\/pt\/2024\/08\/04\/jornalista-espanhol-ou-espiao-russo-o-misterio-em-torno-da-vida-dupla-de-pablo-gonzalez\/","title":{"rendered":"Jornalista espanhol ou espi\u00e3o russo? O mist\u00e9rio em torno da vida dupla de Pablo Gonz\u00e1lez"},"content":{"rendered":"<script async src=\"https:\/\/pagead2.googlesyndication.com\/pagead\/js\/adsbygoogle.js?client=ca-pub-8864793242727901\"\r\n     crossorigin=\"anonymous\"><\/script>\n<div id=\"\">\n<p class=\"dist__Box-sc-1fnzlkn-0 dist__TextBase-sc-1fnzlkn-3 CGHCP htMUPQ article-text\"><strong>VARS\u00d3VIA<\/strong> \u2013 Quando a R\u00fassia invadiu a Ucr\u00e2nia em fevereiro de 2022, rep\u00f3rteres do mundo todo correram para a fronteira entre a Pol\u00f4nia e a Ucr\u00e2nia para cobrir um \u00eaxodo de refugiados fugindo das bombas russas.<\/p>\n<p class=\"dist__Box-sc-1fnzlkn-0 dist__TextBase-sc-1fnzlkn-3 CGHCP htMUPQ article-text\">Entre eles estava Pablo Gonz\u00e1lez, um jornalista freelancer da Espanha que estava baseado na Pol\u00f4nia desde 2019, trabalhando para a ag\u00eancia de not\u00edcias espanhola EFE, Voice of America e outros ve\u00edculos. Rep\u00f3rteres baseados em Vars\u00f3via o conheciam como um colega extrovertido que gostava de beber cerveja e cantar karaok\u00ea at\u00e9 altas horas da madrugada. <\/p>\n<p class=\"dist__Box-sc-1fnzlkn-0 dist__TextBase-sc-1fnzlkn-3 CGHCP htMUPQ article-text\">Dois anos e meio depois, ele foi enviado a Moscou como parte de uma troca de prisioneiros, deixando para tr\u00e1s mist\u00e9rios sobre quem ele realmente era e preocupa\u00e7\u00f5es sobre como a Pol\u00f4nia lidou com um caso no qual ele foi acusado de ser um agente russo.<\/p>\n<p class=\"dist__Box-sc-1fnzlkn-0 dist__TextBase-sc-1fnzlkn-3 CGHCP htMUPQ article-text\">Nos primeiros dias da guerra, Gonz\u00e1lez fez reportagens stand-up para telespectadores na Espanha, tendo como pano de fundo refugiados chegando \u00e0 esta\u00e7\u00e3o de trem na cidade fronteiri\u00e7a polonesa de Przemysl.<\/p>\n<p class=\"dist__Box-sc-1fnzlkn-0 dist__TextBase-sc-1fnzlkn-3 CGHCP htMUPQ article-text\">Mas menos de uma semana depois do in\u00edcio da guerra, agentes de seguran\u00e7a poloneses entraram no quarto em que ele estava hospedado e o prenderam. Eles o acusaram de \u201cparticipar de atividades de intelig\u00eancia estrangeira contra a Pol\u00f4nia\u201d e disseram que ele era um agente do GRU, a intelig\u00eancia militar russa.<\/p>\n<p class=\"dist__Box-sc-1fnzlkn-0 dist__TextBase-sc-1fnzlkn-3 CGHCP htMUPQ article-text\">Amigos ficaram at\u00f4nitos \u2014 e, enquanto a Pol\u00f4nia mantinha Gonz\u00e1lez sem julgamento por meses que se transformaram em anos, alguns ficaram c\u00e9ticos e organizaram protestos na Espanha exigindo sua liberta\u00e7\u00e3o. As autoridades nunca detalharam as acusa\u00e7\u00f5es.<\/p>\n<p class=\"dist__Box-sc-1fnzlkn-0 dist__TextBase-sc-1fnzlkn-3 CGHCP htMUPQ article-text\">Mas na noite de quinta-feira, o corpulento homem de 42 anos, com a cabe\u00e7a raspada e barba, foi recebido em casa pelo presidente Vladimir Putin ap\u00f3s ser libertado na maior troca de prisioneiros desde a era sovi\u00e9tica.<\/p>\n<p class=\"dist__Box-sc-1fnzlkn-0 dist__TextBase-sc-1fnzlkn-3 CGHCP htMUPQ article-text\">Sua inclus\u00e3o no acordo parece confirmar as suspeitas de que Gonz\u00e1lez era um agente russo usando seu disfarce de jornalista. <\/p>\n<p class=\"dist__Box-sc-1fnzlkn-0 dist__TextBase-sc-1fnzlkn-3 CGHCP htMUPQ article-text\">Nascido Pavel Rubtsov em 1982 na ent\u00e3o Moscou sovi\u00e9tica, Gonz\u00e1lez foi para a Espanha com sua m\u00e3e espanhola aos 9 anos, onde se tornou cidad\u00e3o e recebeu o nome espanhol de Pablo Gonz\u00e1lez Yag\u00fce. Ele entrou para o jornalismo, trabalhando para os ve\u00edculos P\u00fablico, La Sexta e Gara, um jornal nacionalista basco.<\/p>\n<p class=\"dist__Box-sc-1fnzlkn-0 dist__TextBase-sc-1fnzlkn-3 CGHCP htMUPQ article-text\">N\u00e3o est\u00e1 claro o que levou a Pol\u00f4nia a prend\u00ea-lo. A investiga\u00e7\u00e3o continua confidencial e o porta-voz dos servi\u00e7os secretos disse \u00e0 Associated Press que n\u00e3o poderia dizer nada al\u00e9m do que estava em uma breve declara\u00e7\u00e3o. A Pol\u00f4nia est\u00e1 em alerta m\u00e1ximo ap\u00f3s uma s\u00e9rie de pris\u00f5es de suspeitos de espionagem e sabotagem, parte do que as autoridades veem como uma guerra h\u00edbrida da R\u00fassia e Belarus contra o Ocidente.<\/p>\n<p class=\"dist__Box-sc-1fnzlkn-0 dist__TextBase-sc-1fnzlkn-3 CGHCP htMUPQ article-text\">Os servi\u00e7os de seguran\u00e7a poloneses disseram que a Pol\u00f4nia o incluiu no acordo devido \u00e0 estreita alian\u00e7a polaco-americana e aos \u201cinteresses comuns de seguran\u00e7a\u201d. Em sua declara\u00e7\u00e3o, eles disseram que \u201cPavel Rubtsov, um oficial do GRU preso na Pol\u00f4nia em 2022, (estava) realizando tarefas de intelig\u00eancia na Europa\u201d.<\/p>\n<p class=\"dist__Box-sc-1fnzlkn-0 dist__TextBase-sc-1fnzlkn-3 CGHCP htMUPQ article-text\">O chefe da ag\u00eancia MI6 da Gr\u00e3-Bretanha, Sir Richard Moore, <a href=\"https:\/\/www.youtube.com\/watch?v=sPe6GW8GUks\">disse no F\u00f3rum de Seguran\u00e7a de Aspen em 2022<\/a> que Gonz\u00e1lez era um \u201cilegal\u201d que foi preso na Pol\u00f4nia ap\u00f3s \u201cse passar por jornalista espanhol\u201d.<\/p>\n<p class=\"dist__Box-sc-1fnzlkn-0 dist__TextBase-sc-1fnzlkn-3 CGHCP htMUPQ article-text\">\u201cEle estava tentando ir para a Ucr\u00e2nia para fazer parte dos esfor\u00e7os desestabilizadores l\u00e1\u201d, disse Moore.<\/p>\n<p class=\"dist__Box-sc-1fnzlkn-0 dist__TextBase-sc-1fnzlkn-3 CGHCP htMUPQ article-text\">Outra pista sobre suas atividades veio do canal russo independente Agentstvo, que relatou que em 2016 Rubtsov fez amizade e espionou <a href=\"https:\/\/apnews.com\/general-news-f6f98290219c4126978607d42641c897\">Zhanna Nemtsova<\/a>filha do l\u00edder da oposi\u00e7\u00e3o russa <a href=\"https:\/\/apnews.com\/hub\/boris-nemtsov\">Boris Nemtsov<\/a>que foi assassinado em Moscou em 2015.<\/p>\n<p class=\"dist__Box-sc-1fnzlkn-0 dist__TextBase-sc-1fnzlkn-3 CGHCP htMUPQ article-text\">Jornalistas baseados na Pol\u00f4nia que conheciam Gonz\u00e1lez disseram que ele usou sua base na Pol\u00f4nia para viajar para antigos pa\u00edses sovi\u00e9ticos, incluindo Ucr\u00e2nia e Ge\u00f3rgia. Ele tinha uma licen\u00e7a para operar um drone e o usou para filmar Auschwitz-Birkenau do ar para cobertura sobre o <a href=\"https:\/\/apnews.com\/article\/israel-united-states-poland-race-and-ethnicity-united-nations-d503019511da4f2580c12f3199ddab79\">75\u00ba anivers\u00e1rio da liberta\u00e7\u00e3o do campo de exterm\u00ednio<\/a> em 2020.<\/p>\n<p class=\"dist__Box-sc-1fnzlkn-0 dist__TextBase-sc-1fnzlkn-3 CGHCP htMUPQ article-text\">A Voice of America, uma organiza\u00e7\u00e3o financiada pelo governo dos EUA, confirmou que ele trabalhou brevemente para eles, mas desde ent\u00e3o eles removeram todo o seu trabalho do site.<\/p>\n<p class=\"dist__Box-sc-1fnzlkn-0 dist__TextBase-sc-1fnzlkn-3 CGHCP htMUPQ article-text\">&#8220;Pablo Gonz\u00e1lez contribuiu para algumas hist\u00f3rias da VOA como freelancer por um per\u00edodo relativamente curto de tempo, come\u00e7ando no final de 2020&#8221;, disse a porta-voz Emily Webb em resposta a uma consulta por e-mail. &#8220;Como freelancer que forneceu conte\u00fado para v\u00e1rios ve\u00edculos de comunica\u00e7\u00e3o, seus servi\u00e7os foram organizados por meio de uma empresa terceirizada usada por organiza\u00e7\u00f5es de not\u00edcias ao redor do mundo.&#8221;<\/p>\n<p class=\"dist__Box-sc-1fnzlkn-0 dist__TextBase-sc-1fnzlkn-3 CGHCP htMUPQ article-text\">\u201cEm nenhum momento ele teve acesso a quaisquer sistemas da VOA ou credenciais da VOA\u201d, disse Webb. \u201cAssim que a VOA soube das alega\u00e7\u00f5es, removemos seu material.\u201d<\/p>\n<p class=\"dist__Box-sc-1fnzlkn-0 dist__TextBase-sc-1fnzlkn-3 CGHCP htMUPQ article-text\">Como o sistema de justi\u00e7a da Pol\u00f4nia foi politizado sob um governo populista que governou em 2015-23, alguns ativistas se preocuparam se seus direitos foram respeitados. Rep\u00f3rteres Sem Fronteiras estava entre os grupos que pediram que ele fosse levado a julgamento ou libertado.<\/p>\n<p class=\"dist__Box-sc-1fnzlkn-0 dist__TextBase-sc-1fnzlkn-3 CGHCP htMUPQ article-text\">O grupo mant\u00e9m sua posi\u00e7\u00e3o de que ele n\u00e3o deveria ter sido mantido preso por tanto tempo sem julgamento. &#8220;Voc\u00ea \u00e9 inocente at\u00e9 que um julgamento prove que voc\u00ea \u00e9 culpado&#8221;, disse Alfonso Bauluz, chefe do escrit\u00f3rio do grupo na Espanha, \u00e0 AP na sexta-feira. Ele expressou frustra\u00e7\u00e3o com o sil\u00eancio em torno do caso e o fato de que aparentemente n\u00e3o haver\u00e1 julgamento algum, dizendo que a Pol\u00f4nia n\u00e3o apresentou as evid\u00eancias que tem contra ele. <\/p>\n<p class=\"dist__Box-sc-1fnzlkn-0 dist__TextBase-sc-1fnzlkn-3 CGHCP htMUPQ article-text\">Mas o grupo tamb\u00e9m diz que espera que Gonz\u00e1lez d\u00ea uma explica\u00e7\u00e3o agora que est\u00e1 livre.<\/p>\n<p class=\"dist__Box-sc-1fnzlkn-0 dist__TextBase-sc-1fnzlkn-3 CGHCP htMUPQ article-text\">Jaap Arriens, um videojornalista holand\u00eas baseado em Vars\u00f3via, conviveu com o homem que conhecia como Pablo em Vars\u00f3via e Kiev, bem como em Przemysl, pouco antes de sua pris\u00e3o. <\/p>\n<p class=\"dist__Box-sc-1fnzlkn-0 dist__TextBase-sc-1fnzlkn-3 CGHCP htMUPQ article-text\">Arriens o descreveu como um homem amig\u00e1vel e engra\u00e7ado, com um comportamento machista e um peito coberto de tatuagens que ele certa vez exibiu em um bar. <\/p>\n<p class=\"dist__Box-sc-1fnzlkn-0 dist__TextBase-sc-1fnzlkn-3 CGHCP htMUPQ article-text\">Gonz\u00e1lez se encaixava, mas parecia melhor do que o jornalista freelancer m\u00e9dio. Ele sempre parecia ter os telefones e computadores mais novos e caros, trabalhando na fronteira Pol\u00f4nia-Ucr\u00e2nia com o mais novo MacBook Pro de 14 polegadas. Ele tinha muito dinheiro para gastar em bares.<\/p>\n<p class=\"dist__Box-sc-1fnzlkn-0 dist__TextBase-sc-1fnzlkn-3 CGHCP htMUPQ article-text\">Ele lembrou que Gonz\u00e1lez disse uma vez: \u201cA vida \u00e9 boa, a vida \u00e9 quase boa demais\u201d.<\/p>\n<p class=\"dist__Box-sc-1fnzlkn-0 dist__TextBase-sc-1fnzlkn-3 CGHCP htMUPQ article-text\">&#8220;E eu pensei: &#39;Cara, a vida de freelancer nunca \u00e9 boa demais. Do que voc\u00ea est\u00e1 falando?&#39; N\u00e3o conhe\u00e7o nenhum freelancer que fale assim.\u201d<\/p>\n<p class=\"dist__Box-sc-1fnzlkn-0 dist__TextBase-sc-1fnzlkn-3 CGHCP htMUPQ article-text\">Gonz\u00e1lez, cujo av\u00f4 emigrou da Espanha para a Uni\u00e3o Sovi\u00e9tica quando crian\u00e7a, durante a Guerra Civil Espanhola, era conhecido como um nacionalista basco com liga\u00e7\u00f5es ao movimento de independ\u00eancia da regi\u00e3o. <\/p>\n<p class=\"dist__Box-sc-1fnzlkn-0 dist__TextBase-sc-1fnzlkn-3 CGHCP htMUPQ article-text\">A R\u00fassia \u00e9 suspeita de <a href=\"https:\/\/apnews.com\/article\/police-spain-barcelona-2fc97ed44c9cf8d6ac62bcd71b2bcc20\">apoiando movimentos separatistas<\/a> na Espanha e em outros lugares, num esfor\u00e7o para desestabilizar a Europa.<\/p>\n<p class=\"dist__Box-sc-1fnzlkn-0 dist__TextBase-sc-1fnzlkn-3 CGHCP htMUPQ article-text\">A esposa de Gonz\u00e1lez na Espanha advogou em nome dele durante sua deten\u00e7\u00e3o na Pol\u00f4nia, embora eles n\u00e3o estivessem morando juntos no momento de sua pris\u00e3o.<\/p>\n<p class=\"dist__Box-sc-1fnzlkn-0 dist__TextBase-sc-1fnzlkn-3 CGHCP htMUPQ article-text\">Nos \u00faltimos anos, os apoiadores do suspeito criaram uma conta no Twitter, agora X, para defender sua liberta\u00e7\u00e3o.<\/p>\n<p class=\"dist__Box-sc-1fnzlkn-0 dist__TextBase-sc-1fnzlkn-3 CGHCP htMUPQ article-text\">Quando foi enviado para Moscovo na quinta-feira, o <a href=\"https:\/\/x.com\/FreePabloGonz\">@FreePabloGonz\u00e1lez<\/a> conta tuitou: \u201cEste \u00e9 nosso \u00faltimo tu\u00edte: Pablo est\u00e1 finalmente livre. Agradecimentos infinitos a todos.\u201d<\/p>\n<p class=\"dist__Box-sc-1fnzlkn-0 dist__TextBase-sc-1fnzlkn-3 CGHCP htMUPQ article-text\">Aqueles que acompanharam o caso agora aguardam os pr\u00f3ximos passos de Gonz\u00e1lez. <\/p>\n<p class=\"dist__Box-sc-1fnzlkn-0 dist__TextBase-sc-1fnzlkn-3 CGHCP htMUPQ article-text\">Ele tem cidadania espanhola \u2014 e o direito de retornar \u00e0 Uni\u00e3o Europeia. Sua esposa foi citada na m\u00eddia espanhola dizendo que espera que ele possa retornar \u00e0 Espanha.<\/p>\n<\/div>\n<p>Copyright 2024 The Associated Press. Todos os direitos reservados. Este material n\u00e3o pode ser publicado, transmitido, reescrito ou redistribu\u00eddo sem permiss\u00e3o.<\/p>\n<p><br \/>\n<br \/><a href=\"https:\/\/www.clickorlando.com\/news\/2024\/08\/04\/spanish-journalist-or-russian-spy-the-mystery-around-pablo-gonzalezs-double-life\/\">Source link <\/a><\/p>","protected":false},"excerpt":{"rendered":"<p>VARS\u00d3VIA \u2013 Quando a R\u00fassia invadiu a Ucr\u00e2nia em fevereiro de 2022, rep\u00f3rteres do mundo todo correram para a fronteira entre a Pol\u00f4nia e a Ucr\u00e2nia para cobrir um \u00eaxodo&hellip;<\/p>","protected":false},"author":1,"featured_media":16440,"comment_status":"closed","ping_status":"open","sticky":false,"template":"","format":"standard","meta":{"content-type":"","footnotes":""},"categories":[1],"tags":[1419,3372],"class_list":["post-16439","post","type-post","status-publish","format-standard","has-post-thumbnail","hentry","category-uncategorized","tag-noticias-do-mundo","tag-vladimir-putin"],"_links":{"self":[{"href":"https:\/\/tvbrazilusa.com\/pt\/wp-json\/wp\/v2\/posts\/16439","targetHints":{"allow":["GET"]}}],"collection":[{"href":"https:\/\/tvbrazilusa.com\/pt\/wp-json\/wp\/v2\/posts"}],"about":[{"href":"https:\/\/tvbrazilusa.com\/pt\/wp-json\/wp\/v2\/types\/post"}],"author":[{"embeddable":true,"href":"https:\/\/tvbrazilusa.com\/pt\/wp-json\/wp\/v2\/users\/1"}],"replies":[{"embeddable":true,"href":"https:\/\/tvbrazilusa.com\/pt\/wp-json\/wp\/v2\/comments?post=16439"}],"version-history":[{"count":1,"href":"https:\/\/tvbrazilusa.com\/pt\/wp-json\/wp\/v2\/posts\/16439\/revisions"}],"predecessor-version":[{"id":16441,"href":"https:\/\/tvbrazilusa.com\/pt\/wp-json\/wp\/v2\/posts\/16439\/revisions\/16441"}],"wp:featuredmedia":[{"embeddable":true,"href":"https:\/\/tvbrazilusa.com\/pt\/wp-json\/wp\/v2\/media\/16440"}],"wp:attachment":[{"href":"https:\/\/tvbrazilusa.com\/pt\/wp-json\/wp\/v2\/media?parent=16439"}],"wp:term":[{"taxonomy":"category","embeddable":true,"href":"https:\/\/tvbrazilusa.com\/pt\/wp-json\/wp\/v2\/categories?post=16439"},{"taxonomy":"post_tag","embeddable":true,"href":"https:\/\/tvbrazilusa.com\/pt\/wp-json\/wp\/v2\/tags?post=16439"}],"curies":[{"name":"wp","href":"https:\/\/api.w.org\/{rel}","templated":true}]}}