{"id":16500,"date":"2024-08-04T01:50:32","date_gmt":"2024-08-04T01:50:32","guid":{"rendered":"https:\/\/tvbrazilusa.com\/2024\/08\/04\/35-consideram-seu-governo-otimo-bom-enquanto-33-avaliam-como-ruim-pessimo-revela-datafolha-paulo-figueiredo-tv-florida-usa-a-sua-tv-b\/"},"modified":"2024-08-04T07:11:48","modified_gmt":"2024-08-04T07:11:48","slug":"35-consideram-seu-governo-otimo-bom-enquanto-33-avaliam-como-ruim-pessimo-revela-datafolha-paulo-figueiredo-tv-florida-usa-a-sua-tv-b","status":"publish","type":"post","link":"https:\/\/tvbrazilusa.com\/pt\/2024\/08\/04\/35-consideram-seu-governo-otimo-bom-enquanto-33-avaliam-como-ruim-pessimo-revela-datafolha-paulo-figueiredo-tv-florida-usa-a-sua-tv-b\/","title":{"rendered":"35% Consideram Seu Governo \u201c\u00d3timo\/Bom\u201d Enquanto 33% Avaliam Como \u201cRuim\/P\u00e9ssimo\u201d, Revela Datafolha \u2013 Paulo Figueiredo \u2013 TV Florida USA \u2013 A sua TV Brasileira nos Estados Unidos"},"content":{"rendered":"<p> <script async src=\"https:\/\/pagead2.googlesyndication.com\/pagead\/js\/adsbygoogle.js?client=ca-pub-8864793242727901\"\r\n     crossorigin=\"anonymous\"><\/script><br \/>\n<\/p>\n<div id=\"wtr-content\" data-bg=\"#FFFFFF\" data-fg=\"#006d91\" data-width=\"25\" data-mute=\"1\" data-fgopacity=\"1.00\" data-mutedopacity=\"0.5\" data-placement=\"bottom\" data-placement-offset=\"0\" data-content-offset=\"262\" data-placement-touch=\"bottom\" data-placement-offset-touch=\"0\" data-transparent=\"\" data-shadow=\"0\" data-touch=\"1\" data-non-touch=\"1\" data-comments=\"0\" data-commentsbg=\"transparent\" data-location=\"page\" data-mutedfg=\"#006d91\" data-endfg=\"#006d91\" data-rtl=\"\">\n<h3 class=\"wp-block-heading\">Pesquisa mostra que taxas oscilaram dentro da margem de erro em rela\u00e7\u00e3o ao \u00faltimo levantamento, de junho de 2024<\/h3>\n<p>Pesquisa\u00a0Datafolha\u00a0divulgada neste s\u00e1bado (3.ago.2024) mostra que 35% dos brasileiros avaliam o trabalho do governo do presidente\u00a0Luiz In\u00e1cio Lula da Silva\u00a0(PT) como\u00a0<em>\u201c\u00f3timo\/bom\u201d<\/em>, e 33%, como\u00a0<em>\u201cruim\/p\u00e9ssimo\u201d<\/em>. Os que avaliam a atual administra\u00e7\u00e3o como\u00a0<em>\u201cregular\u201d<\/em>\u00a0s\u00e3o 30. E 3% n\u00e3o souberam responder.<\/p>\n<p>As taxas oscilaram dentro da margem de erro de 2 pontos percentuais, para mais ou para menos, em rela\u00e7\u00e3o ao\u00a0\u00faltimo levantamento, realizado em junho de 2024.<\/p>\n<h3 class=\"wp-block-heading\"><strong>AVALIA\u00c7\u00c3O DE LULA<\/strong><\/h3>\n<p>Compare os dados divulgados agora com os de junho:<\/p>\n<ul class=\"wp-block-list\">\n<li><strong>avaliam<\/strong>\u00a0<strong>o governo Lula como\u00a0<\/strong><em><strong>\u201c\u00f3timo\/bom\u201d<\/strong>\u00a0\u2013\u00a0<\/em>35% (eram 36%);<\/li>\n<li><strong>avaliam o governo Lula como\u00a0<em>\u201cruim\/p\u00e9ssimo\u201d\u00a0<\/em><\/strong>\u2013 33% (eram 31%);<\/li>\n<li><strong>avaliam<\/strong>\u00a0<strong>o governo Lula como\u00a0<em>\u201cregular\u201d\u00a0<\/em><\/strong>\u2013 30% (eram 31%);<\/li>\n<li><strong>n\u00e3o<\/strong>\u00a0<strong>souberam responder<\/strong>\u00a0<em>\u2013\u00a0<\/em>3% (eram 2%).<\/li>\n<\/ul>\n<p>O Datafolha realizou 2.040 entrevistas com eleitores de 146 cidades, de 29 a 31 de julho de 2024. O intervalo de confian\u00e7a \u00e9 de 95%.<\/p>\n<p>O Datafolha fez sua 1\u00aa pesquisa sobre o governo Lula apenas no final de mar\u00e7o de 2023. Por essa raz\u00e3o, \u00e9 imposs\u00edvel dizer se Lula est\u00e1 pior ou melhor do que em janeiro de 2023, quando iniciou seu mandato. Na s\u00e9rie do\u00a0<strong>PoderData<\/strong>, h\u00e1 uma pesquisa realizada em janeiro de 2023 e os dados permitem visualizar de maneira mais clara como e quando o governo e o petista perderam popularidade no 1\u00ba ano de seu 3\u00ba mandato.<\/p>\n<p>O\u00a0<strong>PoderData<\/strong>\u00a0faz duas perguntas para avaliar a administra\u00e7\u00e3o petista.<\/p>\n<p>Primeiro, pergunta de maneira direta se o eleitor aprova ou desaprova o governo (como \u00e9 a tradi\u00e7\u00e3o de pesquisas nos Estados Unidos). Nesse caso, n\u00e3o h\u00e1 a op\u00e7\u00e3o de dizer que o governo \u00e9 regular, mas apenas se o entrevistado \u201caprova\u201d ou \u201cdesaprova\u201d a gest\u00e3o presidencial. A seguir o gr\u00e1fico do\u00a0estudo de 27 a 29 de julho, com 47% de aprova\u00e7\u00e3o e 43% de desaprova\u00e7\u00e3o (4 pontos percentuais de diferen\u00e7a). Como se observa, em janeiro de 2023 havia 52% de aprova\u00e7\u00e3o e 39% de desaprova\u00e7\u00e3o (13 pontos percentuais de diferen\u00e7a):<\/p>\n<div class=\"wp-block-image\">\n<figure class=\"aligncenter size-large is-resized\"><\/figure>\n<\/div>\n<p>O\u00a0<strong>PoderData<\/strong>\u00a0tamb\u00e9m pergunta ao eleitor sobre a avalia\u00e7\u00e3o do trabalho pessoal do presidente. Nesse caso, h\u00e1 mais op\u00e7\u00f5es de resposta. Para 31%, Lula tem um desempenho \u00f3timo ou bom (contra 43% do in\u00edcio do mandato). Outros 31% optaram por responder que o petista faz um mandato ruim ou p\u00e9ssimo. E 32% responderam que \u00e9 regular.<\/p>\n<div class=\"wp-block-image\">\n<figure class=\"aligncenter size-large is-resized\"><img decoding=\"async\" src=\"https:\/\/static.poder360.com.br\/2024\/07\/pd-avaliacao-lula-27-jul-2024-01-1-1536x1536.png\" alt=\"\" style=\"width:524px;height:auto\"\/><\/figure>\n<\/div>\n<p><strong><a rel=\"nofollow noopener\" target=\"_blank\" href=\"https:\/\/www.poder360.com.br\/poder-governo\/lula-e-otimo-bom-para-35-e-ruim-pessimo-para-33-diz-datafolha\/\">Source link<\/a><\/strong><\/p>\n<\/div>\n<p><br \/>\n<br \/><a href=\"https:\/\/tvfloridausa.com\/2024\/08\/04\/aprovacao-de-lula-cai-35-consideram-seu-governo-otimo-bom-enquanto-33-avaliam-como-ruim-pessimo-revela-datafolha-paulo-figueiredo\/\">Source link <\/a><\/p>","protected":false},"excerpt":{"rendered":"<p>Pesquisa mostra que taxas oscilaram dentro da margem de erro em rela\u00e7\u00e3o ao \u00faltimo levantamento, de junho de 2024 Pesquisa\u00a0Datafolha\u00a0divulgada neste s\u00e1bado (3.ago.2024) mostra que 35% dos brasileiros avaliam o&hellip;<\/p>","protected":false},"author":1,"featured_media":16501,"comment_status":"closed","ping_status":"open","sticky":false,"template":"","format":"standard","meta":{"content-type":"","footnotes":""},"categories":[22],"tags":[],"class_list":["post-16500","post","type-post","status-publish","format-standard","has-post-thumbnail","hentry","category-tv-florida-usa"],"_links":{"self":[{"href":"https:\/\/tvbrazilusa.com\/pt\/wp-json\/wp\/v2\/posts\/16500","targetHints":{"allow":["GET"]}}],"collection":[{"href":"https:\/\/tvbrazilusa.com\/pt\/wp-json\/wp\/v2\/posts"}],"about":[{"href":"https:\/\/tvbrazilusa.com\/pt\/wp-json\/wp\/v2\/types\/post"}],"author":[{"embeddable":true,"href":"https:\/\/tvbrazilusa.com\/pt\/wp-json\/wp\/v2\/users\/1"}],"replies":[{"embeddable":true,"href":"https:\/\/tvbrazilusa.com\/pt\/wp-json\/wp\/v2\/comments?post=16500"}],"version-history":[{"count":1,"href":"https:\/\/tvbrazilusa.com\/pt\/wp-json\/wp\/v2\/posts\/16500\/revisions"}],"predecessor-version":[{"id":16502,"href":"https:\/\/tvbrazilusa.com\/pt\/wp-json\/wp\/v2\/posts\/16500\/revisions\/16502"}],"wp:featuredmedia":[{"embeddable":true,"href":"https:\/\/tvbrazilusa.com\/pt\/wp-json\/wp\/v2\/media\/16501"}],"wp:attachment":[{"href":"https:\/\/tvbrazilusa.com\/pt\/wp-json\/wp\/v2\/media?parent=16500"}],"wp:term":[{"taxonomy":"category","embeddable":true,"href":"https:\/\/tvbrazilusa.com\/pt\/wp-json\/wp\/v2\/categories?post=16500"},{"taxonomy":"post_tag","embeddable":true,"href":"https:\/\/tvbrazilusa.com\/pt\/wp-json\/wp\/v2\/tags?post=16500"}],"curies":[{"name":"wp","href":"https:\/\/api.w.org\/{rel}","templated":true}]}}