{"id":16543,"date":"2024-08-04T10:25:33","date_gmt":"2024-08-04T10:25:33","guid":{"rendered":"https:\/\/tvbrazilusa.com\/2024\/08\/04\/incendio-no-pantanal-chega-a-pista-e-carros-precisam-passar-por-dentro-da-fumaca-veja-video\/"},"modified":"2024-08-04T10:29:04","modified_gmt":"2024-08-04T10:29:04","slug":"incendio-no-pantanal-chega-a-pista-e-carros-precisam-passar-por-dentro-da-fumaca-veja-video","status":"publish","type":"post","link":"https:\/\/tvbrazilusa.com\/pt\/2024\/08\/04\/incendio-no-pantanal-chega-a-pista-e-carros-precisam-passar-por-dentro-da-fumaca-veja-video\/","title":{"rendered":"Inc\u00eandio no Pantanal chega a pista e carros precisam passar por dentro da fuma\u00e7a; VEJA V\u00cdDEO"},"content":{"rendered":"<p> <script async src=\"https:\/\/pagead2.googlesyndication.com\/pagead\/js\/adsbygoogle.js?client=ca-pub-8864793242727901\"\r\n     crossorigin=\"anonymous\"><\/script><br \/>\n<\/p>\n<div>\n<p>Foto: Reprodu\u00e7\u00e3o.<\/p>\n<p>Um v\u00eddeo feito pela empres\u00e1ria Beverlyn Andrade dos Reis, na tarde de s\u00e1bado (3), revela a gravidade das queimadas no Pantanal. Ao passar de carro pelo trecho logo ap\u00f3s a ponte sobre o rio Paraguai, em dire\u00e7\u00e3o a Corumb\u00e1, Beverlyn registrou a chegada das labaredas ao acostamento da estrada.<\/p>\n<p>\u201cEst\u00e1 terr\u00edvel aquele peda\u00e7o. Nossa. Muito perigoso. Assustador. O carro esquentou todo e os caminh\u00f5es vindo\u2026 tentando desviar do fogo acabam vindo na contram\u00e3o\u201d, relata a empres\u00e1ria. Ela estava acompanhada pelo marido e pelos dois filhos quando passou pelo trecho em chamas.<\/p>\n<blockquote class=\"twitter-tweet\" data-media-max-width=\"560\">\n<p lang=\"pt\" dir=\"ltr\">Inc\u00eandio no Pantanal chega a rodovia: &#8216;esquenta carros e caminh\u00f5es na contram\u00e3o&#8217; <a href=\"https:\/\/t.co\/jgyGbpDA4x\">https:\/\/t.co\/jgyGbpDA4x<\/a> <a href=\"https:\/\/twitter.com\/hashtag\/g1?src=hash&#038;ref_src=twsrc%5Etfw\">#g1<\/a> <a href=\"https:\/\/t.co\/zC3HWCIYNV\">pic.twitter.com\/zC3HWCIYNV<\/a><\/p>\n<p>\u2014 g1 (@g1) <a href=\"https:\/\/twitter.com\/g1\/status\/1819916166959407205?ref_src=twsrc%5Etfw\">August 4, 2024<\/a><\/p><\/blockquote>\n<h2 class=\"wp-block-heading\">Dados alarmantes sobre os inc\u00eandios no Pantanal<\/h2>\n<p>Segundo o Laborat\u00f3rio de Aplica\u00e7\u00f5es de Sat\u00e9lites Ambientais da Universidade Federal do Rio de Janeiro (Lasa-UFRJ), os inc\u00eandios no Pantanal j\u00e1 destru\u00edram, somente em 2024, 1,058 milh\u00e3o de hectares. Essa \u00e1rea \u00e9 quase do tamanho da Jamaica (1,099 milh\u00e3o de hectares), considerando as \u00e1reas em Mato Grosso do Sul (825,1 mil hectares) e Mato Grosso (232,9 mil hectares).<\/p>\n<h2 class=\"wp-block-heading\">Qual \u00e9 a origem dos inc\u00eandios no Pantanal<\/h2>\n<p>De acordo com o Instituto Nacional de Pesquisas Espaciais (INPE), neste s\u00e1bado, dos tr\u00eas munic\u00edpios que registraram o maior n\u00famero de focos de calor no pa\u00eds, dois eram de Mato Grosso do Sul: Aquidauana, em primeiro, com 116, e Corumb\u00e1, em segundo, com 97. No Pantanal sul-mato-grossense, foram registrados 269 focos, e em todo o bioma, 339.<\/p>\n<p>O fogo consome o bioma h\u00e1 mais de tr\u00eas meses. Quase 1 milh\u00e3o de hectares foram destru\u00eddos, deixando um rastro de devasta\u00e7\u00e3o ambiental e morte de animais. Para se ter uma dimens\u00e3o, a \u00e1rea destru\u00edda representa mais de 6% de todo o territ\u00f3rio pantaneiro. Neste momento, 241 focos de calor est\u00e3o ativos em todo Pantanal, sendo que 55% dos inc\u00eandios ocorrem em Miranda e Aquidauana, cidades margeadas pelo rio Negro.<\/p>\n<p>Segundo o Lasa-UFRJ, cerca de 7% do bioma j\u00e1 foi afetado pelas queimadas em 2024. O Pantanal possui 16 milh\u00f5es de hectares. Especialistas alertam que a escalada do fogo este ano caminha para um cen\u00e1rio semelhante ou pior ao de 2020, considerado o pior ano para o Pantanal desde a d\u00e9cada de 1990.<\/p>\n<p>Um estudo realizado por 30 pesquisadores de \u00f3rg\u00e3os p\u00fablicos, universidades e ONGs estimou que, naquele ano, ao menos 17 milh\u00f5es de animais vertebrados morreram devido \u00e0s queimadas no Pantanal. Pesquisadores do Lasa fizeram proje\u00e7\u00f5es matem\u00e1ticas para o cen\u00e1rio de destrui\u00e7\u00e3o em 2024. Eles estimam que ao menos 3 milh\u00f5es de hectares podem ser queimados pelo fogo ainda este ano.<\/p>\n<h3 class=\"wp-block-heading\">Estat\u00edsticas de Queimadas<\/h3>\n<ul class=\"wp-block-list\">\n<li>1,058 milh\u00e3o de hectares destru\u00eddos em 2024<\/li>\n<li>269 focos de calor no Pantanal sul-mato-grossense<\/li>\n<li>55% das queimadas em Miranda e Aquidauana<\/li>\n<li>At\u00e9 3 milh\u00f5es de hectares podem ser queimados em 2024<\/li>\n<\/ul>\n<h2 class=\"wp-block-heading\">Seca agravada e impactos no bioma<\/h2>\n<p>Conforme o Lasa, desde o final de 2023 e in\u00edcio de 2024, a regi\u00e3o apresenta o maior \u00edndice de \u201craridade de seca\u201d desde 1951, superando o ano de 2020, at\u00e9 ent\u00e3o o pior em termos de secas. O especialista em conserva\u00e7\u00e3o ambiental e bi\u00f3logo da ONG SOS Pantanal, Gustavo Figueir\u00f4a, explica que o modelo apresentado pelo Lasa considera o hist\u00f3rico de fogo no bioma desde 2001. A partir do padr\u00e3o do fogo e as condi\u00e7\u00f5es clim\u00e1ticas, os pesquisadores conseguem prever um poss\u00edvel panorama para 2024.<\/p>\n<\/p><\/div>\n<p><script async src=\"\/\/platform.twitter.com\/widgets.js\" charset=\"utf-8\"><\/script><br \/>\n<br \/><br \/>\n<br \/><a href=\"https:\/\/terrabrasilnoticias.com\/2024\/08\/incendio-no-pantanal-chega-a-pista-e-carros-precisam-passar-por-dentro-da-fumaca-veja-video\/\">Source link <\/a><\/p>","protected":false},"excerpt":{"rendered":"<p>Foto: Reprodu\u00e7\u00e3o. Um v\u00eddeo feito pela empres\u00e1ria Beverlyn Andrade dos Reis, na tarde de s\u00e1bado (3), revela a gravidade das queimadas no Pantanal. Ao passar de carro pelo trecho logo&hellip;<\/p>","protected":false},"author":1,"featured_media":16544,"comment_status":"closed","ping_status":"open","sticky":false,"template":"","format":"standard","meta":{"content-type":"","footnotes":""},"categories":[16],"tags":[],"class_list":["post-16543","post","type-post","status-publish","format-standard","has-post-thumbnail","hentry","category-noticias"],"_links":{"self":[{"href":"https:\/\/tvbrazilusa.com\/pt\/wp-json\/wp\/v2\/posts\/16543","targetHints":{"allow":["GET"]}}],"collection":[{"href":"https:\/\/tvbrazilusa.com\/pt\/wp-json\/wp\/v2\/posts"}],"about":[{"href":"https:\/\/tvbrazilusa.com\/pt\/wp-json\/wp\/v2\/types\/post"}],"author":[{"embeddable":true,"href":"https:\/\/tvbrazilusa.com\/pt\/wp-json\/wp\/v2\/users\/1"}],"replies":[{"embeddable":true,"href":"https:\/\/tvbrazilusa.com\/pt\/wp-json\/wp\/v2\/comments?post=16543"}],"version-history":[{"count":1,"href":"https:\/\/tvbrazilusa.com\/pt\/wp-json\/wp\/v2\/posts\/16543\/revisions"}],"predecessor-version":[{"id":16545,"href":"https:\/\/tvbrazilusa.com\/pt\/wp-json\/wp\/v2\/posts\/16543\/revisions\/16545"}],"wp:featuredmedia":[{"embeddable":true,"href":"https:\/\/tvbrazilusa.com\/pt\/wp-json\/wp\/v2\/media\/16544"}],"wp:attachment":[{"href":"https:\/\/tvbrazilusa.com\/pt\/wp-json\/wp\/v2\/media?parent=16543"}],"wp:term":[{"taxonomy":"category","embeddable":true,"href":"https:\/\/tvbrazilusa.com\/pt\/wp-json\/wp\/v2\/categories?post=16543"},{"taxonomy":"post_tag","embeddable":true,"href":"https:\/\/tvbrazilusa.com\/pt\/wp-json\/wp\/v2\/tags?post=16543"}],"curies":[{"name":"wp","href":"https:\/\/api.w.org\/{rel}","templated":true}]}}