{"id":16561,"date":"2024-08-04T11:11:49","date_gmt":"2024-08-04T11:11:49","guid":{"rendered":"https:\/\/tvbrazilusa.com\/2024\/08\/04\/glenn-greenwald-diz-que-ex-assessor-de-bolsonaro-felipe-martins-esta-preso-injustamente\/"},"modified":"2024-08-04T11:16:16","modified_gmt":"2024-08-04T11:16:16","slug":"glenn-greenwald-diz-que-ex-assessor-de-bolsonaro-felipe-martins-esta-preso-injustamente","status":"publish","type":"post","link":"https:\/\/tvbrazilusa.com\/pt\/2024\/08\/04\/glenn-greenwald-diz-que-ex-assessor-de-bolsonaro-felipe-martins-esta-preso-injustamente\/","title":{"rendered":"Glenn Greenwald diz que ex-assessor de Bolsonaro, Felipe Martins, est\u00e1 preso injustamente"},"content":{"rendered":"<p> <script async src=\"https:\/\/pagead2.googlesyndication.com\/pagead\/js\/adsbygoogle.js?client=ca-pub-8864793242727901\"\r\n     crossorigin=\"anonymous\"><\/script><br \/>\n<\/p>\n<div>\n<p>Foto: Reprodu\u00e7\u00e3o.<\/p>\n<p>Filipe Martins, ex-assessor de assuntos internacionais de Jair Bolsonaro (PL), est\u00e1 preso desde 8 de fevereiro de 2024. Sua pris\u00e3o preventiva foi decretada pelo ministro do STF, Alexandre de Moraes. Martins permanece encarcerado por quase seis meses, sem ter sido condenado ou mesmo formalmente acusado de qualquer crime.<\/p>\n<p>A PGR (Procuradoria-Geral da Rep\u00fablica), que inicialmente havia defendido a pris\u00e3o de Martins, mudou sua postura pouco tempo depois. Em um parecer emitido no in\u00edcio de mar\u00e7o de 2024, a PGR declarou que a principal alega\u00e7\u00e3o usada por Moraes para decretar a pris\u00e3o havia sido amplamente refutada. A PGR recomendou novamente a liberta\u00e7\u00e3o de Martins nesta semana, afirmando que \u201cn\u00e3o h\u00e1 indicativos\u201d de que ele tenha tentado fugir do pa\u00eds, justificativa original para a sua pris\u00e3o.<\/p>\n<h2 class=\"wp-block-heading\">Pol\u00eamica pris\u00e3o preventiva de Filipe Martins<\/h2>\n<p>O princ\u00edpio de que um cidad\u00e3o s\u00f3 pode ser preso depois de um julgamento justo \u00e9 fundamental para qualquer sociedade livre. Esse \u00e9 um dos pilares que sustentou as reportagens da Vaza Jato no The Intercept e levou o STF a anular as condena\u00e7\u00f5es de Lula proferidas por Sergio Moro.<\/p>\n<p>A pris\u00e3o sem julgamento justo \u00e9 considerada uma das a\u00e7\u00f5es mais graves que um Estado pode cometer. Em casos muito espec\u00edficos e raros, isso pode ocorrer. A pris\u00e3o preventiva \u00e9 uma \u201cmedida de car\u00e1ter excepcional\u201d e s\u00f3 se justifica para \u201cprevenir situa\u00e7\u00f5es que podem colocar em risco um resultado judicial justo\u201d, como quando um acusado pode obstruir uma investiga\u00e7\u00e3o ou apresenta alto risco de fuga do pa\u00eds.<\/p>\n<h2 class=\"wp-block-heading\">Alega\u00e7\u00e3o central contra Filipe Martins<\/h2>\n<p>Moraes justificou a pris\u00e3o preventiva com base na acusa\u00e7\u00e3o de que Martins havia deixado o Brasil \u201ca bordo do avi\u00e3o presidencial em 30 de dezembro de 2022 rumo a Orlando\/EUA\u201d. Em outubro de 2023, um colunista do Metr\u00f3poles afirmou que Martins deixou Bras\u00edlia e \u201cevaporou\u201d. Essa alega\u00e7\u00e3o foi usada pela Pol\u00edcia Federal e por Moraes para concluir que Martins representava risco de fuga.<\/p>\n<p>Contudo, ficou claro desde o in\u00edcio que essa afirma\u00e7\u00e3o era completamente falsa. O Metr\u00f3poles inseriu uma grande corre\u00e7\u00e3o em seu artigo original em junho, admitindo que a alega\u00e7\u00e3o central era improcedente. A corre\u00e7\u00e3o reconhece que \u201cMartins forneceu informa\u00e7\u00e3o ao STF mostrando que ele estava no Brasil naquela data\u201d. Ele nunca esteve no avi\u00e3o nem entrou nos EUA em dezembro.<\/p>\n<h2 class=\"wp-block-heading\">Que evid\u00eancias existem sobre a presen\u00e7a de Martins no Brasil?<\/h2>\n<p>H\u00e1 um conjunto robusto de evid\u00eancias que comprovam que Martins esteve no Brasil o tempo todo:<\/p>\n<ul class=\"wp-block-list\">\n<li>A Latam confirmou que Martins viajou a Curitiba em um voo da empresa em 31 de dezembro de 2022.<\/li>\n<li>Recibos do iFood e da Uber atestam sua presen\u00e7a no Brasil durante o per\u00edodo.<\/li>\n<li>Dados de geolocaliza\u00e7\u00e3o do telefone celular de Martins mostram que o aparelho estava no Brasil entre 30 de dezembro de 2022 e 9 de janeiro de 2023.<\/li>\n<li>O governo atual respondeu a um pedido de acesso \u00e0 informa\u00e7\u00e3o, fornecendo a lista completa de quem viajou no voo da FAB que levou Bolsonaro a Orlando em 30 de dezembro de 2022, e o nome de Martins n\u00e3o estava inclu\u00eddo.<\/li>\n<\/ul>\n<p>\u00a0Essas evid\u00eancias levaram a PGR a recomendar duas vezes a liberta\u00e7\u00e3o de Martins. Contudo, Moraes ignorou todas essas evid\u00eancias e, em maio, rejeitou um pedido de soltura do ex-assessor, aparentemente ansioso para manter Martins preso sob condi\u00e7\u00f5es severas.<\/p>\n<h2 class=\"wp-block-heading\">Posicionamento da PGR<\/h2>\n<p>Com o surgimento de mais evid\u00eancias, a PGR se manifestou novamente nesta semana pela liberta\u00e7\u00e3o de Martins. O procurador-geral declarou que a recomenda\u00e7\u00e3o visa \u201crefor\u00e7ar o pedido de soltura de Martins porque n\u00e3o h\u00e1 indicativos de que o r\u00e9u tenha tentado fugir do Brasil no final de 2022\u201d.<\/p>\n<h2 class=\"wp-block-heading\">Por que Filipe Martins ainda est\u00e1 preso?<\/h2>\n<p>Martins est\u00e1 na pris\u00e3o h\u00e1 quase seis meses com base em uma alega\u00e7\u00e3o que se provou falsa. Ele n\u00e3o foi condenado por qualquer crime e nem sequer formalmente acusado. A base para sua pris\u00e3o preventiva antes do julgamento, sustentada por Alexandre de Moraes, \u00e9 manifestamente equivocada.<\/p>\n<p>\u00c9 essencial que Martins, assim como qualquer outro cidad\u00e3o, seja punido apenas se for provado em um julgamento justo que ele cometeu algum crime. No entanto, a situa\u00e7\u00e3o de Martins revela falhas graves no sistema judicial e refor\u00e7a a necessidade de uma revis\u00e3o imediata de sua pris\u00e3o preventiva. J\u00e1 passou da hora de Filipe Martins ser libertado.<\/p>\n<\/p><\/div>\n<p><br \/>\n<br \/><a href=\"https:\/\/terrabrasilnoticias.com\/2024\/08\/glenn-greenwald-diz-que-ex-assessor-de-bolsonaro-felipe-martins-esta-preso-injustamente\/\">Source link <\/a><\/p>","protected":false},"excerpt":{"rendered":"<p>Foto: Reprodu\u00e7\u00e3o. Filipe Martins, ex-assessor de assuntos internacionais de Jair Bolsonaro (PL), est\u00e1 preso desde 8 de fevereiro de 2024. Sua pris\u00e3o preventiva foi decretada pelo ministro do STF, Alexandre&hellip;<\/p>","protected":false},"author":1,"featured_media":16562,"comment_status":"closed","ping_status":"open","sticky":false,"template":"","format":"standard","meta":{"content-type":"","footnotes":""},"categories":[16],"tags":[],"class_list":["post-16561","post","type-post","status-publish","format-standard","has-post-thumbnail","hentry","category-noticias"],"_links":{"self":[{"href":"https:\/\/tvbrazilusa.com\/pt\/wp-json\/wp\/v2\/posts\/16561","targetHints":{"allow":["GET"]}}],"collection":[{"href":"https:\/\/tvbrazilusa.com\/pt\/wp-json\/wp\/v2\/posts"}],"about":[{"href":"https:\/\/tvbrazilusa.com\/pt\/wp-json\/wp\/v2\/types\/post"}],"author":[{"embeddable":true,"href":"https:\/\/tvbrazilusa.com\/pt\/wp-json\/wp\/v2\/users\/1"}],"replies":[{"embeddable":true,"href":"https:\/\/tvbrazilusa.com\/pt\/wp-json\/wp\/v2\/comments?post=16561"}],"version-history":[{"count":1,"href":"https:\/\/tvbrazilusa.com\/pt\/wp-json\/wp\/v2\/posts\/16561\/revisions"}],"predecessor-version":[{"id":16563,"href":"https:\/\/tvbrazilusa.com\/pt\/wp-json\/wp\/v2\/posts\/16561\/revisions\/16563"}],"wp:featuredmedia":[{"embeddable":true,"href":"https:\/\/tvbrazilusa.com\/pt\/wp-json\/wp\/v2\/media\/16562"}],"wp:attachment":[{"href":"https:\/\/tvbrazilusa.com\/pt\/wp-json\/wp\/v2\/media?parent=16561"}],"wp:term":[{"taxonomy":"category","embeddable":true,"href":"https:\/\/tvbrazilusa.com\/pt\/wp-json\/wp\/v2\/categories?post=16561"},{"taxonomy":"post_tag","embeddable":true,"href":"https:\/\/tvbrazilusa.com\/pt\/wp-json\/wp\/v2\/tags?post=16561"}],"curies":[{"name":"wp","href":"https:\/\/api.w.org\/{rel}","templated":true}]}}