{"id":16632,"date":"2024-08-04T13:27:25","date_gmt":"2024-08-04T13:27:25","guid":{"rendered":"https:\/\/tvbrazilusa.com\/2024\/08\/04\/em-carta-mordaz-o-prefeito-wu-insiste-que-o-local-de-steward-continue-sendo-usado-para-assistencia-medica\/"},"modified":"2024-08-04T13:32:13","modified_gmt":"2024-08-04T13:32:13","slug":"em-carta-mordaz-o-prefeito-wu-insiste-que-o-local-de-steward-continue-sendo-usado-para-assistencia-medica","status":"publish","type":"post","link":"https:\/\/tvbrazilusa.com\/pt\/2024\/08\/04\/em-carta-mordaz-o-prefeito-wu-insiste-que-o-local-de-steward-continue-sendo-usado-para-assistencia-medica\/","title":{"rendered":"Em carta mordaz, o prefeito Wu insiste que o local de Steward continue sendo usado para assist\u00eancia m\u00e9dica"},"content":{"rendered":"<p> <script async src=\"https:\/\/pagead2.googlesyndication.com\/pagead\/js\/adsbygoogle.js?client=ca-pub-8864793242727901\"\r\n     crossorigin=\"anonymous\"><\/script><br \/>\n<\/p>\n<div id=\"\">\n<header class=\"m-article-header m-article-header--standard\">\n\t\t\t\t\t\t\t\t\t\t\t\t<span id=\"article-header-primary-term\"><br \/>\n\t\t\t\t\t\t\t\t<a class=\"a-term a-term--primary\" href=\"https:\/\/www.boston.com\/tag\/local-news\/\"><\/p>\n<p>\t\t\t\t\t\t\t\tNot\u00edcias locais\t\t\t\t\t\t\t\t<\/a><br \/>\n\t\t\t\t\t\t\t<\/span><\/p>\n<h2 class=\"m-article-header__sub-headline\">A prefeita de Boston disse que sua administra\u00e7\u00e3o se oporia veementemente a qualquer esfor\u00e7o para reconstruir o Hospital Carney e transform\u00e1-lo em algo que n\u00e3o fosse um local de assist\u00eancia m\u00e9dica.<\/h2>\n<figure class=\"a-photo m-article-header__photo\"><figcaption class=\"a-photo__caption\">\n\t<em> <\/em>\t<\/figcaption><\/figure>\n<\/header>\n<p>Em uma carta contundente, a prefeita Michelle Wu disse aos propriet\u00e1rios do Hospital Carney que ela lutaria contra qualquer tentativa de reconstruir a propriedade para qualquer coisa que n\u00e3o fosse um local de assist\u00eancia m\u00e9dica.<\/p>\n<p>Stewart Health Care, que opera Carney, planeja fechar o centro de sa\u00fade at\u00e9 31 de agosto como parte de seus procedimentos de fal\u00eancia. Stewart tamb\u00e9m fechar\u00e1 o Nashoba Valley Medical Center em Ayer. Ap\u00f3s esse an\u00fancio, Wu se juntou a outros funcion\u00e1rios eleitos e manifestantes para <a href=\"https:\/\/www.boston.com\/news\/health\/2024\/07\/29\/mass-officials-look-to-stymie-expedited-closures-of-steward-hospitals-in-dorchester-and-ayer\/\" target=\"_blank\" rel=\"noreferrer noopener\">opor-se ao encerramento dos hospitais<\/a>.<\/p>\n<p>Na carta, datada de 1\u00ba de agosto e endere\u00e7ada aos CEOs dos copropriet\u00e1rios de Carney, Medical Properties Trust Inc. e Macquarie Infrastructure Partners, Wu disse que &#8220;se oporia a qualquer esfor\u00e7o dos propriet\u00e1rios para rezonear a propriedade para usos diferentes do fornecimento de assist\u00eancia m\u00e9dica&#8221;.<\/p>\n<p>\u201cNossa comunidade est\u00e1 justamente preocupada que suas empresas, n\u00e3o satisfeitas com as centenas de milh\u00f5es em valor j\u00e1 extra\u00eddo dos hospitais Steward, esperam capitalizar o fechamento do Hospital Carney por meio da reconstru\u00e7\u00e3o da propriedade\u201d, ela escreveu. <\/p>\n<p>\u201cAl\u00e9m disso, monitoraremos de perto as propostas para a propriedade para garantir a conformidade com todos os processos aplic\u00e1veis \u200b\u200b\u2014 e para garantir que a voz da comunidade seja representada em rela\u00e7\u00e3o ao futuro do Carney Hospital\u201d, escreveu Wu.<\/p>\n<p>Na carta, Wu tamb\u00e9m disse aos propriet\u00e1rios que eles n\u00e3o t\u00eam o direito legal de reconstruir a propriedade al\u00e9m do seu atual c\u00f3digo de zoneamento como uma zona residencial multifamiliar. <\/p>\n<p>\u201cEste zoneamento apoia a manuten\u00e7\u00e3o do local como um hospital\/unidade de sa\u00fade devido \u00e0 dificuldade que seria obter um uso alternativo financeiramente vi\u00e1vel que esteja em conformidade com o zoneamento existente, que permite apenas moradias residenciais com altura m\u00e1xima de constru\u00e7\u00e3o de 3 andares ou 35 p\u00e9s e uma taxa m\u00e1xima de \u00e1rea \u00fatil (a taxa entre a \u00e1rea bruta \u00fatil de uma estrutura e a \u00e1rea total do lote) de 1,0\u201d, escreveu Wu na carta.<\/p>\n<p>Ela disse que qualquer mudan\u00e7a de zoneamento exigiria revis\u00e3o por v\u00e1rios conselhos e comiss\u00f5es.<\/p>\n<p>\u201cE minha administra\u00e7\u00e3o se opor\u00e1 a quaisquer esfor\u00e7os de seus representantes para garantir um\u201d, ela escreveu. <\/p>\n<p>Wu finalizou dizendo que a cidade cooperaria com qualquer investiga\u00e7\u00e3o estadual e federal de \u201cconduta ilegal sua e de outras entidades envolvidas no colapso de Steward\u201d.<\/p>\n<p>\u201cEnquanto isso, gostar\u00edamos de comunicar claramente que, quanto \u00e0 propriedade do hospital, minha Administra\u00e7\u00e3o se op\u00f5e a quaisquer propostas que permitam que voc\u00eas aproveitem ainda mais esta comunidade\u201d, escreveu Wu. <\/p>\n<p>O Carney Hospital \u00e9 especializado em sa\u00fade mental e cuidados psiqui\u00e1tricos. De acordo com autoridades estaduais, a unidade teve 30.000 visitas no ano passado. A deputada Ayanna Pressley disse que o hospital tamb\u00e9m fornece cuidados psiqui\u00e1tricos para veteranos e tem um dos menores tempos de espera no pronto-socorro de Boston. Os servi\u00e7os de emerg\u00eancia e EMS transportaram mais de 600 residentes para Carney no ano passado, de acordo com Wu.<\/p>\n<div class=\"m-block m-generic-cta\t m-generic-cta--post-content\t m-generic-cta--dark\t m-generic-cta--homepage\t m-generic-cta--email-signup\t\t m-generic-cta-block-style--default \tt-amp__generic-cta\"><\/p>\n<div class=\"m-generic-cta__wrap\">\n<div class=\"m-generic-cta__content\">\n<h3 class=\"m-generic-cta__title\">Inscri\u00e7\u00e3o no boletim informativo<\/h3>\n<p class=\"m-generic-cta__subtitle\">Fique por dentro das \u00faltimas not\u00edcias do Boston.com<\/p>\n<\/p><\/div>\n<\/p><\/div>\n<\/div><\/div>\n<p><script>\n\t\tvar consent=\"grant\";\n\t\t\/* The above code is parsing the JSON data from the local storage and storing it in a variable. *\/\n\t\t\t\t\tconst onetrustStorageConsent = JSON.parse(localStorage.getItem( 'consent_one_trust_bdc' ) );\n\t\t\tif ( ( onetrustStorageConsent !== null ) ) {\n\t\t\t\t\/* Checking to see if the user has consented to the use of cookies.\n\t\t\t\t* If they have not, it is deleting the cookie.\n\t\t\t\t* This will comment for now, until further notice.\n\t\t\t\t*\/\n\t\t\t\t\/\/if ( onetrustStorageConsent.C0002 === false ) {\n\t\t\t\t\/\/\tdocument.cookie=\"_fbp=;expires=Thu, 01 Jan 2010 00:00:00 UTC; path=\/; domain=.boston.com\";\n\t\t\t\t\/\/}\n\t\t\t\t\/* Checking if the user has given consent for the cookie C0002.\n\t\t\t\t* If the user has given consent, the variable consent will be set to 'grant'.\n\t\t\t\t* If the user has not given consent,the variable consent will be set to 'revoke'.\n\t\t\t\t* Documentation https:\/\/developers.facebook.com\/docs\/meta-pixel\/implementation\/gdpr\n\t\t\t\t*\/\n\t\t\t\tif ( onetrustStorageConsent.C0002 !== true ) {\n\t\t\t\t\tconsent=\"revoke\";\n\t\t\t\t}\n\t\t\t}\n\t\t\t\t!function(f,b,e,v,n,t,s)\n\t\t{if(f.fbq)return;n=f.fbq=function(){n.callMethod?\n\t\tn.callMethod.apply(n,arguments):n.queue.push(arguments)};\n\t\tif(!f._fbq)f._fbq=n;n.push=n;n.loaded=!0;n.version='2.0';\n\t\tn.queue=[];t=b.createElement(e);t.async=!0;\n\t\tt.src=v;s=b.getElementsByTagName(e)[0];\n\t\ts.parentNode.insertBefore(t,s)}(window, document,'script',\n\t\t'https:\/\/connect.facebook.net\/en_US\/fbevents.js');\n\t\tfbq('consent', consent);\n\t\tfbq('init', '989222871864976');\n\t\tfbq('track', 'PageView');\n\t<\/script><script type=\"module\">\n\t\tvar consent=\"grant\";\n\t\t\/* The above code is parsing the JSON data from the local storage and storing it in a variable. *\/\n\t\t\tconst onetrustStorageConsent = JSON.parse(localStorage.getItem( 'consent_one_trust_bdc' ) );\n\t\t\t\/* Checking to see if the user has consented to the use of cookies.\n\t\t\t* If they have not, it is deleting the cookie.\n\t\t\t* This will comment for now, until further notice.\n\t\t\t*\/\n\t\t\t\/\/if ( onetrustStorageConsent.C0002 === false ) {\n\t\t\t\/\/\tdocument.cookie=\"_fbp=;expires=Thu, 01 Jan 2010 00:00:00 UTC; path=\/; domain=.boston.com\";\n\t\t\t\/\/}\n\t\t\t\/* Checking if the user has given consent for the cookie C0002.\n\t\t\t* If the user has given consent, the variable consent will be set to 'grant'.\n\t\t\t* If the user has not given consent,the variable consent will be set to 'revoke'.\n\t\t\t* Documentation https:\/\/developers.facebook.com\/docs\/meta-pixel\/implementation\/gdpr\n\t\t\t*\/\n\t\t\tif ( ( onetrustStorageConsent !== null ) && (onetrustStorageConsent.C0002 !== true ) ) {\n\t\t\t\tconsent=\"revoke\";\n\t\t\t}\n\t\t\t\t!function(f,b,e,v,n,t,s){if(f.fbq)return;n=f.fbq=function()\n\t\t{n.callMethod? n.callMethod.apply(n,arguments):n.queue.push(arguments)}\n\t\t;if(!f._fbq)f._fbq=n;\n\t\tn.push=n;n.loaded=!0;n.version='2.0';n.queue=[];t=b.createElement(e);t.async=!0;\n\t\tt.src=v;s=b.getElementsByTagName(e)[0];s.parentNode.insertBefore(t,s)}(window,\n\t\tdocument,'script','https:\/\/connect.facebook.net\/en_US\/fbevents.js');\n\t\tfbq('consent', consent);\n\t\tfbq('init', '813236348753005');\n\t\tfbq('track', \"PageView\");\n\t<\/script><br \/>\n<br \/><br \/>\n<br \/><a href=\"https:\/\/www.boston.com\/news\/local-news\/2024\/08\/04\/in-scathing-letter-mayor-wu-insists-steward-site-remains-used-for-health-care\/\">Source link <\/a><\/p>","protected":false},"excerpt":{"rendered":"<p>Not\u00edcias locais A prefeita de Boston disse que sua administra\u00e7\u00e3o se oporia veementemente a qualquer esfor\u00e7o para reconstruir o Hospital Carney e transform\u00e1-lo em algo que n\u00e3o fosse um local&hellip;<\/p>","protected":false},"author":1,"featured_media":7825,"comment_status":"closed","ping_status":"open","sticky":false,"template":"","format":"standard","meta":{"content-type":"","footnotes":""},"categories":[1],"tags":[],"class_list":["post-16632","post","type-post","status-publish","format-standard","has-post-thumbnail","hentry","category-uncategorized"],"_links":{"self":[{"href":"https:\/\/tvbrazilusa.com\/pt\/wp-json\/wp\/v2\/posts\/16632","targetHints":{"allow":["GET"]}}],"collection":[{"href":"https:\/\/tvbrazilusa.com\/pt\/wp-json\/wp\/v2\/posts"}],"about":[{"href":"https:\/\/tvbrazilusa.com\/pt\/wp-json\/wp\/v2\/types\/post"}],"author":[{"embeddable":true,"href":"https:\/\/tvbrazilusa.com\/pt\/wp-json\/wp\/v2\/users\/1"}],"replies":[{"embeddable":true,"href":"https:\/\/tvbrazilusa.com\/pt\/wp-json\/wp\/v2\/comments?post=16632"}],"version-history":[{"count":1,"href":"https:\/\/tvbrazilusa.com\/pt\/wp-json\/wp\/v2\/posts\/16632\/revisions"}],"predecessor-version":[{"id":16633,"href":"https:\/\/tvbrazilusa.com\/pt\/wp-json\/wp\/v2\/posts\/16632\/revisions\/16633"}],"wp:featuredmedia":[{"embeddable":true,"href":"https:\/\/tvbrazilusa.com\/pt\/wp-json\/wp\/v2\/media\/7825"}],"wp:attachment":[{"href":"https:\/\/tvbrazilusa.com\/pt\/wp-json\/wp\/v2\/media?parent=16632"}],"wp:term":[{"taxonomy":"category","embeddable":true,"href":"https:\/\/tvbrazilusa.com\/pt\/wp-json\/wp\/v2\/categories?post=16632"},{"taxonomy":"post_tag","embeddable":true,"href":"https:\/\/tvbrazilusa.com\/pt\/wp-json\/wp\/v2\/tags?post=16632"}],"curies":[{"name":"wp","href":"https:\/\/api.w.org\/{rel}","templated":true}]}}