{"id":16648,"date":"2024-08-04T14:30:55","date_gmt":"2024-08-04T14:30:55","guid":{"rendered":"https:\/\/tvbrazilusa.com\/2024\/08\/04\/nova-onda-tropical-sendo-observada-no-atlantico\/"},"modified":"2024-08-04T14:35:41","modified_gmt":"2024-08-04T14:35:41","slug":"nova-onda-tropical-sendo-observada-no-atlantico","status":"publish","type":"post","link":"https:\/\/tvbrazilusa.com\/pt\/2024\/08\/04\/nova-onda-tropical-sendo-observada-no-atlantico\/","title":{"rendered":"Nova onda tropical sendo observada no Atl\u00e2ntico"},"content":{"rendered":"<script async src=\"https:\/\/pagead2.googlesyndication.com\/pagead\/js\/adsbygoogle.js?client=ca-pub-8864793242727901\"\r\n     crossorigin=\"anonymous\"><\/script>\n<div id=\"\">\n<p class=\"dist__Box-sc-1fnzlkn-0 dist__TextBase-sc-1fnzlkn-3 CGHCP htMUPQ article-text\"><strong>ORLANDO, Fl\u00f3rida.<\/strong> \u2013 Desde a manh\u00e3 de domingo, o Centro Nacional de Furac\u00f5es est\u00e1 monitorando <a href=\"https:\/\/www.clickorlando.com\/topic\/Tropical_Storm_Debby\/\" target=\"_blank\" rel=\"noopener\">Tempestade tropical Debby<\/a> no leste do Golfo e outra onda tropical no Atl\u00e2ntico Central. <\/p>\n<p class=\"dist__Box-sc-1fnzlkn-0 dist__TextBase-sc-1fnzlkn-3 CGHCP htMUPQ article-text\">Essa onda tem 10% de chance de se transformar em um sistema tropical nos pr\u00f3ximos dois dias e 20% de chance nos pr\u00f3ximos sete dias.<\/p>\n<figure class=\"dist__Box-sc-1fnzlkn-0 dist__StackBase-sc-1fnzlkn-7 kmaKPB lOECr full-width\" id=\"6VH5U2SHPJBIRHKUDW5QNEBND4\"><figcaption class=\"dist__Box-sc-1fnzlkn-0 gIqPVR\"><span class=\"dist__Box-sc-1fnzlkn-0 dist__TextBase-sc-1fnzlkn-3 gUNunF\">Perspectiva tropical do NHC<\/span><\/figcaption><\/figure>\n<p class=\"dist__Box-sc-1fnzlkn-0 dist__TextBase-sc-1fnzlkn-3 CGHCP htMUPQ article-text\"><b>[EXCLUSIVE: <\/b><a href=\"https:\/\/www.clickorlando.com\/features\/2021\/07\/28\/heres-what-it-means-to-become-a-news-6-insider-its-cool-and-free\/\"><b>Become a News 6 Insider (it\u2019s FREE)<\/b><\/a><b> | PINIT! <\/b><a href=\"https:\/\/www.clickorlando.com\/news\/local\/2023\/04\/12\/changes-have-arrived-to-pinit-heres-what-you-need-to-know\/\"><b>Share your photos<\/b><\/a><b>]<\/b><\/p>\n<p class=\"dist__Box-sc-1fnzlkn-0 dist__TextBase-sc-1fnzlkn-3 CGHCP htMUPQ article-text\">Atualmente, ele est\u00e1 a centenas de quil\u00f4metros a leste das Ilhas de Barlavento e deve se desenvolver gradualmente esta semana \u00e0 medida que se move para o oeste em dire\u00e7\u00e3o ao Mar do Caribe, podendo atingir o centro ou o oeste do Caribe no final desta semana.<\/p>\n<figure class=\"dist__Box-sc-1fnzlkn-0 dist__StackBase-sc-1fnzlkn-7 kmaKPB lOECr full-width\" id=\"6THQYTAQ2JBKNDEA2ENAIMNPEA\"><figcaption class=\"dist__Box-sc-1fnzlkn-0 gIqPVR\"><span class=\"dist__Box-sc-1fnzlkn-0 dist__TextBase-sc-1fnzlkn-3 gUNunF\">Onda tropical<\/span><\/figcaption><\/figure>\n<p class=\"dist__Box-sc-1fnzlkn-0 dist__TextBase-sc-1fnzlkn-3 CGHCP htMUPQ article-text\">A temporada de furac\u00f5es vai at\u00e9 novembro.<\/p>\n<p class=\"dist__Box-sc-1fnzlkn-0 dist__TextBase-sc-1fnzlkn-3 CGHCP htMUPQ article-text\">Mantenha-se atualizado com as \u00faltimas novidades sobre os tr\u00f3picos <a href=\"https:\/\/www.clickorlando.com\/hurricane\/\">clicando aqui.<\/a><\/p>\n<div class=\"dist__Box-sc-1fnzlkn-0 dist__StackBase-sc-1fnzlkn-7 cREaVc dgEFEb customEmbed newsletter-signup\">\n<figure class=\"dist__Box-sc-1fnzlkn-0 dist__StackBase-sc-1fnzlkn-7 dHfTZi cblvkA\"><!--$--><!--\/$--><\/figure>\n<p class=\"dist__Box-sc-1fnzlkn-0 dist__TextBase-sc-1fnzlkn-3 hYKTaq\">Mais hist\u00f3rias como esta em nosso boletim informativo por e-mail<\/p>\n<\/div>\n<hr class=\"dist__Box-sc-1fnzlkn-0 dist__BaseDivider-sc-1fnzlkn-8 NJMqq\"\/>\n<p class=\"dist__Box-sc-1fnzlkn-0 dist__TextBase-sc-1fnzlkn-3 CGHCP htMUPQ article-text\"><b>Receba as manchetes de hoje em minutos com <\/b><a href=\"https:\/\/podcasts.apple.com\/us\/podcast\/your-florida-daily\/id1632084191\"><b>Seu di\u00e1rio da Fl\u00f3rida<\/b><\/a><b>:<\/b><\/p>\n<\/div>\n<p>Copyright 2024 por WKMG ClickOrlando &#8211; Todos os direitos reservados.<\/p>\n<p><br \/>\n<br \/><a href=\"https:\/\/www.clickorlando.com\/weather\/2024\/08\/04\/new-tropical-wave-being-watched-in-atlantic\/\">Source link <\/a><\/p>","protected":false},"excerpt":{"rendered":"<p>ORLANDO, Fl\u00f3rida. \u2013 Desde a manh\u00e3 de domingo, o Centro Nacional de Furac\u00f5es est\u00e1 monitorando Tempestade tropical Debby no leste do Golfo e outra onda tropical no Atl\u00e2ntico Central. Essa&hellip;<\/p>","protected":false},"author":1,"featured_media":16649,"comment_status":"closed","ping_status":"open","sticky":false,"template":"","format":"standard","meta":{"content-type":"","footnotes":""},"categories":[1],"tags":[7411,1360,2716,2119],"class_list":["post-16648","post","type-post","status-publish","format-standard","has-post-thumbnail","hentry","category-uncategorized","tag-atlantico","tag-clima","tag-noticias-do-tempo","tag-tropicos"],"_links":{"self":[{"href":"https:\/\/tvbrazilusa.com\/pt\/wp-json\/wp\/v2\/posts\/16648","targetHints":{"allow":["GET"]}}],"collection":[{"href":"https:\/\/tvbrazilusa.com\/pt\/wp-json\/wp\/v2\/posts"}],"about":[{"href":"https:\/\/tvbrazilusa.com\/pt\/wp-json\/wp\/v2\/types\/post"}],"author":[{"embeddable":true,"href":"https:\/\/tvbrazilusa.com\/pt\/wp-json\/wp\/v2\/users\/1"}],"replies":[{"embeddable":true,"href":"https:\/\/tvbrazilusa.com\/pt\/wp-json\/wp\/v2\/comments?post=16648"}],"version-history":[{"count":1,"href":"https:\/\/tvbrazilusa.com\/pt\/wp-json\/wp\/v2\/posts\/16648\/revisions"}],"predecessor-version":[{"id":16650,"href":"https:\/\/tvbrazilusa.com\/pt\/wp-json\/wp\/v2\/posts\/16648\/revisions\/16650"}],"wp:featuredmedia":[{"embeddable":true,"href":"https:\/\/tvbrazilusa.com\/pt\/wp-json\/wp\/v2\/media\/16649"}],"wp:attachment":[{"href":"https:\/\/tvbrazilusa.com\/pt\/wp-json\/wp\/v2\/media?parent=16648"}],"wp:term":[{"taxonomy":"category","embeddable":true,"href":"https:\/\/tvbrazilusa.com\/pt\/wp-json\/wp\/v2\/categories?post=16648"},{"taxonomy":"post_tag","embeddable":true,"href":"https:\/\/tvbrazilusa.com\/pt\/wp-json\/wp\/v2\/tags?post=16648"}],"curies":[{"name":"wp","href":"https:\/\/api.w.org\/{rel}","templated":true}]}}