{"id":16713,"date":"2024-08-04T16:39:46","date_gmt":"2024-08-04T16:39:46","guid":{"rendered":"https:\/\/tvbrazilusa.com\/2024\/08\/04\/maduro-diz-que-nao-aceitara-tentativa-da-oposicao-de-tomar-a-presidencia-da-venezuela-paulo-figueiredo\/"},"modified":"2024-08-04T16:42:48","modified_gmt":"2024-08-04T16:42:48","slug":"maduro-diz-que-nao-aceitara-tentativa-da-oposicao-de-tomar-a-presidencia-da-venezuela-paulo-figueiredo","status":"publish","type":"post","link":"https:\/\/tvbrazilusa.com\/pt\/2024\/08\/04\/maduro-diz-que-nao-aceitara-tentativa-da-oposicao-de-tomar-a-presidencia-da-venezuela-paulo-figueiredo\/","title":{"rendered":"Maduro diz que n\u00e3o aceitar\u00e1 tentativa da oposi\u00e7\u00e3o de \u2018tomar\u2019 a Presid\u00eancia da Venezuela &#8211; Paulo Figueiredo"},"content":{"rendered":"<p> <script async src=\"https:\/\/pagead2.googlesyndication.com\/pagead\/js\/adsbygoogle.js?client=ca-pub-8864793242727901\"\r\n     crossorigin=\"anonymous\"><\/script><br \/>\n<\/p>\n<div id=\"wtr-content\" data-bg=\"#FFFFFF\" data-fg=\"#006d91\" data-width=\"25\" data-mute=\"1\" data-fgopacity=\"1.00\" data-mutedopacity=\"0.5\" data-placement=\"bottom\" data-placement-offset=\"0\" data-content-offset=\"262\" data-placement-touch=\"bottom\" data-placement-offset-touch=\"0\" data-transparent=\"\" data-shadow=\"0\" data-touch=\"1\" data-non-touch=\"1\" data-comments=\"0\" data-commentsbg=\"transparent\" data-location=\"page\" data-mutedfg=\"#006d91\" data-endfg=\"#006d91\" data-rtl=\"\">\n<h3 class=\"wp-block-heading\">O ditador da Venezuela, Nicol\u00e1s Maduro, afirmou em um com\u00edcio que n\u00e3o vai aceitar que a oposi\u00e7\u00e3o \u201cusurpe\u201d sua presid\u00eancia.<\/h3>\n<p>O ditador da\u00a0Venezuela,\u00a0<strong>Nicol\u00e1s Maduro<\/strong>, declarou no s\u00e1bado 3, que n\u00e3o aceitar\u00e1 que a oposi\u00e7\u00e3o tente \u201cusurpar\u201d a Presid\u00eancia. O pa\u00eds enfrenta protestos impulsionados por d\u00favidas quanto a \u201creelei\u00e7\u00e3o\u201d do ditador desde o domingo 28.<\/p>\n<p>\u201cN\u00e3o ser\u00e1 aceito, com as leis nacionais, que tentem usurpar novamente a Presid\u00eancia\u201d, afirmou Maduro, em um com\u00edcio em Caracas. Ele comparou o opositor\u00a0<strong>Edmundo Gonz\u00e1lez Urrutia<\/strong>, que reivindica vit\u00f3ria nas elei\u00e7\u00f5es de 28, com Juan Guaid\u00f3, reconhecido internacionalmente como \u201cpresidente interino\u201d em 2019.<\/p>\n<p>\u201cEles querem impor novamente a triste hist\u00f3ria de Guaid\u00f3\u201d, prosseguiu. \u201cGuaid\u00f3 2.0 [\u2026] Hoje ele estava com medo\u201d. Edmundo Gonz\u00e1lez n\u00e3o compareceu a uma manifesta\u00e7\u00e3o liderada pela l\u00edder da oposi\u00e7\u00e3o,\u00a0<strong>Mar\u00eda Corina Machado<\/strong>, em Caracas.<\/p>\n<p>Mar\u00eda Corina reapareceu em p\u00fablico depois de se declarar escondida na quinta-feira 1\u00ba. Maduro informou que cerca de 2 mil pessoas j\u00e1 foram detidas e ser\u00e3o mantidas em pris\u00f5es de seguran\u00e7a m\u00e1xima.<\/p>\n<p>Na sexta-feira, o Conselho Nacional Eleitoral (CNE) ratificou Maduro como vencedor com 52% dos votos, enquanto Gonz\u00e1lez Urrutia obteve 43%. A oposi\u00e7\u00e3o alega fraude e o CNE ainda n\u00e3o publicou os resultados detalhados.<\/p>\n<h3 class=\"wp-block-heading\">Quem \u00e9 Juan Guaid\u00f3, citado por Maduro<\/h3>\n<p>Juan Guaid\u00f3, atualmente exilado nos Estados Unidos, era chefe do parlamento em 2019 quando foi reconhecido como \u201cpresidente interino\u201d por Washington e por diversos governos da Am\u00e9rica Latina e Europa, que consideraram fraudulenta a reelei\u00e7\u00e3o de Maduro no ano anterior.<\/p>\n<p>Os Estados Unidos alegam haver \u201cprovas contundentes\u201d da vit\u00f3ria de Gonz\u00e1lez Urrutia, e v\u00e1rios governos latino-americanos e europeus pedem a divulga\u00e7\u00e3o dos resultados completos.<\/p>\n<h2 class=\"wp-block-heading\">Manifestantes presos<\/h2>\n<p>Desde segunda-feira, os protestos resultaram na morte de 11 civis, de acordo com organiza\u00e7\u00f5es de direitos humanos. Maduro afirmou que cerca de 2 mil pessoas foram detidas e ser\u00e3o mantidas em pris\u00f5es de seguran\u00e7a m\u00e1xima.<\/p>\n<p>\u201cTemos 2 mil pessoas capturadas e elas v\u00e3o para Tocor\u00f3n e Tocuyito, com m\u00e1ximo castigo\u201d, afirmou o l\u00edder chavista. Tocor\u00f3n e Tocuyito s\u00e3o pris\u00f5es de seguran\u00e7a m\u00e1xima, localizadas no centro do pa\u00eds.<\/p>\n<figure class=\"wp-block-embed is-type-rich is-provider-twitter wp-block-embed-twitter\">\n<div class=\"wp-block-embed__wrapper\">\n<blockquote class=\"twitter-tweet\" data-width=\"550\" data-dnt=\"true\">\n<p lang=\"pt\" dir=\"ltr\">\ud83d\udea8URGENTE \u2013 Nicol\u00e1s Maduro fica revoltado com sucesso da manifesta\u00e7\u00e3o da Maria Corina e diz que tem 2 mil prisioneiros! <\/p>\n<p>\u201cTemos 2.000 prisioneiros capturados e de l\u00e1 v\u00e3o para Tocor\u00f3n e Tocuyito, desta vez n\u00e3o haver\u00e1 perd\u00e3o. Ir\u00e3o para pris\u00e3o de seguran\u00e7a m\u00e1xima\u201d <a href=\"https:\/\/t.co\/yf5dksPxf5\">pic.twitter.com\/yf5dksPxf5<\/a><\/p>\n<p>\u2014 SPACE LIBERDADE \uea00 (@NewsLiberdade) <a href=\"https:\/\/twitter.com\/NewsLiberdade\/status\/1819869074559517044?ref_src=twsrc%5Etfw\">August 3, 2024<\/a><\/p><\/blockquote>\n<\/div>\n<\/figure>\n<p>Segundo Maduro, os detidos s\u00e3o \u201cterroristas que est\u00e3o atentando contra o governo\u201d. Desde a segunda-feira, 29, quando o ditador foi proclamado vencedor pelo CNE, cerca de 400 pessoas s\u00e3o presas diariamente.<\/p>\n<p>Al\u00e9m disso, o ditador alertou que \u201cpatrulhas militares e policiais\u201d continuar\u00e3o a operar em todo o pa\u00eds para proteger a popula\u00e7\u00e3o. Maduro tamb\u00e9m afirma que uma tentativa de \u201cgolpe de Estado\u201d est\u00e1 em andamento e declarou que Machado e Gonz\u00e1lez deveriam estar presos.<\/p>\n<p><strong><a href=\"https:\/\/revistaoeste.com\/mundo\/maduro-diz-que-nao-aceitara-tentativa-da-oposicao-de-tomar-a-presidencia-da-venezuela\/\">Source link<\/a><\/strong><\/p>\n<\/div>\n<p><script async src=\"\/\/platform.twitter.com\/widgets.js\" charset=\"utf-8\"><\/script><br \/>\n<br \/><br \/>\n<br \/><a href=\"https:\/\/paulofigueiredoshow.com\/maduro-diz-que-nao-aceitara-tentativa-da-oposicao-de-tomar-a-presidencia-da-venezuela\/\">Source link <\/a><\/p>","protected":false},"excerpt":{"rendered":"<p>O ditador da Venezuela, Nicol\u00e1s Maduro, afirmou em um com\u00edcio que n\u00e3o vai aceitar que a oposi\u00e7\u00e3o \u201cusurpe\u201d sua presid\u00eancia. O ditador da\u00a0Venezuela,\u00a0Nicol\u00e1s Maduro, declarou no s\u00e1bado 3, que n\u00e3o&hellip;<\/p>","protected":false},"author":1,"featured_media":12459,"comment_status":"closed","ping_status":"open","sticky":false,"template":"","format":"standard","meta":{"content-type":"","footnotes":""},"categories":[16],"tags":[7467,4745,5396,1408,1590,2221,1101],"class_list":["post-16713","post","type-post","status-publish","format-standard","has-post-thumbnail","hentry","category-noticias","tag-comicio","tag-corina","tag-edmundo-gonzalez-urrutia","tag-eleicoes","tag-maduro","tag-presidencia","tag-venezuela"],"_links":{"self":[{"href":"https:\/\/tvbrazilusa.com\/pt\/wp-json\/wp\/v2\/posts\/16713","targetHints":{"allow":["GET"]}}],"collection":[{"href":"https:\/\/tvbrazilusa.com\/pt\/wp-json\/wp\/v2\/posts"}],"about":[{"href":"https:\/\/tvbrazilusa.com\/pt\/wp-json\/wp\/v2\/types\/post"}],"author":[{"embeddable":true,"href":"https:\/\/tvbrazilusa.com\/pt\/wp-json\/wp\/v2\/users\/1"}],"replies":[{"embeddable":true,"href":"https:\/\/tvbrazilusa.com\/pt\/wp-json\/wp\/v2\/comments?post=16713"}],"version-history":[{"count":1,"href":"https:\/\/tvbrazilusa.com\/pt\/wp-json\/wp\/v2\/posts\/16713\/revisions"}],"predecessor-version":[{"id":16714,"href":"https:\/\/tvbrazilusa.com\/pt\/wp-json\/wp\/v2\/posts\/16713\/revisions\/16714"}],"wp:featuredmedia":[{"embeddable":true,"href":"https:\/\/tvbrazilusa.com\/pt\/wp-json\/wp\/v2\/media\/12459"}],"wp:attachment":[{"href":"https:\/\/tvbrazilusa.com\/pt\/wp-json\/wp\/v2\/media?parent=16713"}],"wp:term":[{"taxonomy":"category","embeddable":true,"href":"https:\/\/tvbrazilusa.com\/pt\/wp-json\/wp\/v2\/categories?post=16713"},{"taxonomy":"post_tag","embeddable":true,"href":"https:\/\/tvbrazilusa.com\/pt\/wp-json\/wp\/v2\/tags?post=16713"}],"curies":[{"name":"wp","href":"https:\/\/api.w.org\/{rel}","templated":true}]}}