{"id":16780,"date":"2024-08-04T15:32:05","date_gmt":"2024-08-04T15:32:05","guid":{"rendered":"https:\/\/tvbrazilusa.com\/2024\/08\/04\/comite-olimpico-admite-ter-recebido-e-ignorado-a-informacao-de-que-atletas-nao-passaram-em-teste-de-genero\/"},"modified":"2024-08-04T18:48:34","modified_gmt":"2024-08-04T18:48:34","slug":"comite-olimpico-admite-ter-recebido-e-ignorado-a-informacao-de-que-atletas-nao-passaram-em-teste-de-genero","status":"publish","type":"post","link":"https:\/\/tvbrazilusa.com\/pt\/2024\/08\/04\/comite-olimpico-admite-ter-recebido-e-ignorado-a-informacao-de-que-atletas-nao-passaram-em-teste-de-genero\/","title":{"rendered":"Comit\u00ea Ol\u00edmpico admite ter recebido e ignorado a informa\u00e7\u00e3o de que atletas n\u00e3o passaram em teste de g\u00eanero"},"content":{"rendered":"<p> <script async src=\"https:\/\/pagead2.googlesyndication.com\/pagead\/js\/adsbygoogle.js?client=ca-pub-8864793242727901\"\r\n     crossorigin=\"anonymous\"><\/script><br \/>\n<\/p>\n<div>\n<p>Foto: Reprodu\u00e7\u00e3o.<\/p>\n<p>Uma pol\u00eamica tomou conta das Olimp\u00edadas de Paris 2024 em torno das pugilistas Imane Khelif, da Arg\u00e9lia, e Lin Yu-ting, de Taiwan. As duas atletas foram acusadas de falharem em testes de g\u00eanero realizados pela Associa\u00e7\u00e3o Internacional de Boxe (IBA), gerando grande controv\u00e9rsia nas redes sociais. No entanto, ambas continuam a competir no torneio ol\u00edmpico de boxe organizado pelo Comit\u00ea Ol\u00edmpico Internacional (COI), apesar de terem sido exclu\u00eddas das competi\u00e7\u00f5es da IBA.<\/p>\n<p>A presen\u00e7a de Khelif e Lin nas Olimp\u00edadas causou um alvoro\u00e7o mundial, com muitas pessoas questionando a legitimidade de suas participa\u00e7\u00f5es. O COI, no entanto, manteve-se firme na decis\u00e3o de permitir que as duas pugilistas competissem, baseando-se no g\u00eanero declarado em seus passaportes. Esta a\u00e7\u00e3o foi vista como um gesto de respeito \u00e0 privacidade das atletas.<\/p>\n<figure class=\"wp-block-image size-full\"><figcaption class=\"wp-element-caption\">Imane Khelif, da Arg\u00e9lia<\/figcaption><\/figure>\n<figure class=\"wp-block-image size-full\"><figcaption class=\"wp-element-caption\">Lin Yu-ting, de Taiwan<\/figcaption><\/figure>\n<h2 class=\"wp-block-heading\">Resultados dos testes de g\u00eanero<\/h2>\n<p>Segundo Mark Adams, diretor de comunica\u00e7\u00e3o do COI, os testes de g\u00eanero realizados pela IBA n\u00e3o s\u00e3o considerados leg\u00edtimos. Adams explicou que o modo como os resultados foram compartilhados \u00e9 contr\u00e1rio \u00e0 \u00e9tica e representa uma viola\u00e7\u00e3o grave dos direitos das mulheres envolvidas. \u201cO m\u00e9todo, a ideia do teste, feito da noite para o dia, nada disso \u00e9 leg\u00edtimo\u201d, afirmou.<\/p>\n<h2 class=\"wp-block-heading\">Resposta do COI<\/h2>\n<p>O COI decidiu ignorar a carta enviada pela IBA em junho de 2023, que continha os supostos resultados dos testes de g\u00eanero. A decis\u00e3o foi tomada para proteger a privacidade e os direitos das atletas. \u201cS\u00e3o ataques graves aos direitos das mulheres envolvidas\u201d, afirmou Adams. O COI sustentou que as pugilistas n\u00e3o s\u00e3o homens nem trans, e reafirmou que o crit\u00e9rio para autoriz\u00e1-las a competir foi o g\u00eanero no passaporte.<\/p>\n<figure class=\"wp-block-image size-large\"><picture loading=\"lazy\" decoding=\"async\" class=\"wp-image-167602\"><source type=\"image\/webp\" srcset=\"https:\/\/terrabrasilnoticias.com\/wp-content\/uploads\/2024\/08\/image-166-1024x792.png.webp 1024w, https:\/\/terrabrasilnoticias.com\/wp-content\/uploads\/2024\/08\/image-166-300x232.png.webp 300w, https:\/\/terrabrasilnoticias.com\/wp-content\/uploads\/2024\/08\/image-166-768x594.png.webp 768w, https:\/\/terrabrasilnoticias.com\/wp-content\/uploads\/2024\/08\/image-166-750x580.png.webp 750w, https:\/\/terrabrasilnoticias.com\/wp-content\/uploads\/2024\/08\/image-166.png.webp 1065w\" sizes=\"(max-width: 1024px) 100vw, 1024px\"\/><img loading=\"lazy\" decoding=\"async\" width=\"1024\" height=\"792\" src=\"https:\/\/terrabrasilnoticias.com\/wp-content\/uploads\/2024\/08\/image-166-1024x792.png\" alt=\"\" srcset=\"https:\/\/terrabrasilnoticias.com\/wp-content\/uploads\/2024\/08\/image-166-1024x792.png 1024w, https:\/\/terrabrasilnoticias.com\/wp-content\/uploads\/2024\/08\/image-166-300x232.png 300w, https:\/\/terrabrasilnoticias.com\/wp-content\/uploads\/2024\/08\/image-166-768x594.png 768w, https:\/\/terrabrasilnoticias.com\/wp-content\/uploads\/2024\/08\/image-166-750x580.png 750w, https:\/\/terrabrasilnoticias.com\/wp-content\/uploads\/2024\/08\/image-166.png 1065w\" sizes=\"auto, (max-width: 1024px) 100vw, 1024px\"\/>\n<\/picture>\n<\/figure>\n<h2 class=\"wp-block-heading\">Posi\u00e7\u00e3o da IBA<\/h2>\n<p>A IBA, por sua vez, mant\u00e9m uma postura r\u00edgida em rela\u00e7\u00e3o \u00e0 quest\u00e3o. Em nota divulgada em seu site, a associa\u00e7\u00e3o reafirmou que Khelif e Lin deveriam estar proibidas de competir na categoria feminina. A entidade argumenta que as atletas foram testadas por dois laborat\u00f3rios independentes em 2022 e 2023, com resultados que as desqualificariam de participar.<\/p>\n<figure class=\"wp-block-image size-large\"><picture loading=\"lazy\" decoding=\"async\" class=\"wp-image-167603\"><source type=\"image\/webp\" srcset=\"https:\/\/terrabrasilnoticias.com\/wp-content\/uploads\/2024\/08\/image-167-1024x638.png.webp 1024w, https:\/\/terrabrasilnoticias.com\/wp-content\/uploads\/2024\/08\/image-167-300x187.png.webp 300w, https:\/\/terrabrasilnoticias.com\/wp-content\/uploads\/2024\/08\/image-167-768x479.png.webp 768w, https:\/\/terrabrasilnoticias.com\/wp-content\/uploads\/2024\/08\/image-167-750x468.png.webp 750w, https:\/\/terrabrasilnoticias.com\/wp-content\/uploads\/2024\/08\/image-167-1140x711.png.webp 1140w, https:\/\/terrabrasilnoticias.com\/wp-content\/uploads\/2024\/08\/image-167.png.webp 1150w\" sizes=\"(max-width: 1024px) 100vw, 1024px\"\/><img loading=\"lazy\" decoding=\"async\" width=\"1024\" height=\"638\" src=\"https:\/\/terrabrasilnoticias.com\/wp-content\/uploads\/2024\/08\/image-167-1024x638.png\" alt=\"\" srcset=\"https:\/\/terrabrasilnoticias.com\/wp-content\/uploads\/2024\/08\/image-167-1024x638.png 1024w, https:\/\/terrabrasilnoticias.com\/wp-content\/uploads\/2024\/08\/image-167-300x187.png 300w, https:\/\/terrabrasilnoticias.com\/wp-content\/uploads\/2024\/08\/image-167-768x479.png 768w, https:\/\/terrabrasilnoticias.com\/wp-content\/uploads\/2024\/08\/image-167-750x468.png 750w, https:\/\/terrabrasilnoticias.com\/wp-content\/uploads\/2024\/08\/image-167-1140x711.png 1140w, https:\/\/terrabrasilnoticias.com\/wp-content\/uploads\/2024\/08\/image-167.png 1150w\" sizes=\"auto, (max-width: 1024px) 100vw, 1024px\"\/>\n<\/picture>\n<\/figure>\n<h2 class=\"wp-block-heading\">Rela\u00e7\u00e3o entre a IBA e o COI est\u00e1 fragilizada?<\/h2>\n<p>A rela\u00e7\u00e3o entre o COI e a IBA deteriorou-se drasticamente desde 2019, quando o COI retirou da IBA a organiza\u00e7\u00e3o do boxe ol\u00edmpico, citando falta de credibilidade e governan\u00e7a. Recentemente, o presidente da IBA, Umar Kremlev, fez declara\u00e7\u00f5es controversas contra o COI e seu presidente, Thomas Bach, agravando ainda mais a situa\u00e7\u00e3o. Essas declara\u00e7\u00f5es inclu\u00edram acusa\u00e7\u00f5es de m\u00e1 f\u00e9 e coment\u00e1rios ofensivos sobre a cerim\u00f4nia de abertura dos Jogos.<\/p>\n<h2 class=\"wp-block-heading\">Desist\u00eancia da italiana<\/h2>\n<p>A controv\u00e9rsia ganhou um novo cap\u00edtulo ap\u00f3s a desist\u00eancia da italiana Carini durante sua luta contra Khelif. Alegando dor intensa devido \u00e0 pot\u00eancia dos golpes, Carini abandonou a luta poucos segundos ap\u00f3s o in\u00edcio. \u201cN\u00e3o podia continuar. Meu nariz do\u00eda muito e eu disse: \u2018Parem\u2019\u201d, afirmou a atleta. A desist\u00eancia fomentou ainda mais as discuss\u00f5es sobre a elegibilidade de Khelif.<\/p>\n<figure class=\"wp-block-image size-full\"><img loading=\"lazy\" decoding=\"async\" width=\"906\" height=\"526\" src=\"https:\/\/terrabrasilnoticias.com\/wp-content\/uploads\/2024\/08\/image-169.png\" alt=\"\" class=\"wp-image-167605\" srcset=\"https:\/\/terrabrasilnoticias.com\/wp-content\/uploads\/2024\/08\/image-169.png 906w, https:\/\/terrabrasilnoticias.com\/wp-content\/uploads\/2024\/08\/image-169-300x174.png 300w, https:\/\/terrabrasilnoticias.com\/wp-content\/uploads\/2024\/08\/image-169-768x446.png 768w, https:\/\/terrabrasilnoticias.com\/wp-content\/uploads\/2024\/08\/image-169-750x435.png 750w\" sizes=\"auto, (max-width: 906px) 100vw, 906px\"\/><\/figure>\n<p>Em entrevista posterior, Carini minimizou o incidente e expressou respeito pela decis\u00e3o do COI de permitir que Khelif lutasse. \u201cSe o COI disse que ela podia lutar, respeito essa decis\u00e3o\u201d, declarou. \u201cEssa pol\u00eamica toda me entristece. Tamb\u00e9m sinto muito por minha advers\u00e1ria.\u201d<\/p>\n<figure class=\"wp-block-image size-large\"><picture loading=\"lazy\" decoding=\"async\" class=\"wp-image-167604\"><source type=\"image\/webp\" srcset=\"https:\/\/terrabrasilnoticias.com\/wp-content\/uploads\/2024\/08\/image-168-1024x576.png.webp 1024w, https:\/\/terrabrasilnoticias.com\/wp-content\/uploads\/2024\/08\/image-168-300x169.png.webp 300w, https:\/\/terrabrasilnoticias.com\/wp-content\/uploads\/2024\/08\/image-168-768x432.png.webp 768w, https:\/\/terrabrasilnoticias.com\/wp-content\/uploads\/2024\/08\/image-168-750x422.png.webp 750w, https:\/\/terrabrasilnoticias.com\/wp-content\/uploads\/2024\/08\/image-168-1140x641.png.webp 1140w, https:\/\/terrabrasilnoticias.com\/wp-content\/uploads\/2024\/08\/image-168.png.webp 1143w\" sizes=\"(max-width: 1024px) 100vw, 1024px\"\/><img loading=\"lazy\" decoding=\"async\" width=\"1024\" height=\"576\" src=\"https:\/\/terrabrasilnoticias.com\/wp-content\/uploads\/2024\/08\/image-168-1024x576.png\" alt=\"\" srcset=\"https:\/\/terrabrasilnoticias.com\/wp-content\/uploads\/2024\/08\/image-168-1024x576.png 1024w, https:\/\/terrabrasilnoticias.com\/wp-content\/uploads\/2024\/08\/image-168-300x169.png 300w, https:\/\/terrabrasilnoticias.com\/wp-content\/uploads\/2024\/08\/image-168-768x432.png 768w, https:\/\/terrabrasilnoticias.com\/wp-content\/uploads\/2024\/08\/image-168-750x422.png 750w, https:\/\/terrabrasilnoticias.com\/wp-content\/uploads\/2024\/08\/image-168-1140x641.png 1140w, https:\/\/terrabrasilnoticias.com\/wp-content\/uploads\/2024\/08\/image-168.png 1143w\" sizes=\"auto, (max-width: 1024px) 100vw, 1024px\"\/>\n<\/picture>\n<\/figure>\n<h2 class=\"wp-block-heading\">Rea\u00e7\u00e3o das atletas<\/h2>\n<p>Imane Khelif foi recebida com aplausos por f\u00e3s argelinos em Paris, apesar da pol\u00eamica. \u201cA pol\u00eamica me abalou psicologicamente, mas, ao mesmo tempo, me deu for\u00e7a para lutar\u201d, afirmou a atleta ap\u00f3s sua primeira luta.<\/p>\n<p>Lin Yu-ting, por outro lado, n\u00e3o se pronunciou publicamente sobre os testes de g\u00eanero, focando-se em suas lutas e na tentativa de avan\u00e7ar nas competi\u00e7\u00f5es ol\u00edmpicas.<\/p>\n<h2 class=\"wp-block-heading\">O que est\u00e1 em jogo?<\/h2>\n<p>As Olimp\u00edadas de Paris 2024 est\u00e3o sendo marcadas n\u00e3o apenas pelas performances atl\u00e9ticas, mas tamb\u00e9m por quest\u00f5es complexas de g\u00eanero e a organiza\u00e7\u00e3o de competi\u00e7\u00f5es internacionais. A decis\u00e3o do COI de permitir que Khelif e Lin competissem \u00e9 vista por muitos como um avan\u00e7o significativo na luta pelos direitos das mulheres no esporte.<\/p>\n<p>No entanto, a controv\u00e9rsia tamb\u00e9m ressalta as tens\u00f5es existentes entre entidades esportivas globais e as complexidades associadas a testes de g\u00eanero e elegibilidade. O desenrolar desta situa\u00e7\u00e3o continuar\u00e1 a ser acompanhado de perto por f\u00e3s e cr\u00edticos, definindo talvez novos precedentes para futuros eventos esportivos.<\/p>\n<\/div>\n<p><br \/>\n<br \/><a href=\"https:\/\/tvfloridausa.com\/2024\/08\/04\/comite-olimpico-admite-ter-recebido-e-ignorado-a-informacao-de-que-atletas-nao-passaram-em-teste-de-genero\/\">Source link <\/a><\/p>","protected":false},"excerpt":{"rendered":"<p>Foto: Reprodu\u00e7\u00e3o. Uma pol\u00eamica tomou conta das Olimp\u00edadas de Paris 2024 em torno das pugilistas Imane Khelif, da Arg\u00e9lia, e Lin Yu-ting, de Taiwan. As duas atletas foram acusadas de&hellip;<\/p>","protected":false},"author":1,"featured_media":16781,"comment_status":"closed","ping_status":"open","sticky":false,"template":"","format":"standard","meta":{"content-type":"","footnotes":""},"categories":[22],"tags":[],"class_list":["post-16780","post","type-post","status-publish","format-standard","has-post-thumbnail","hentry","category-tv-florida-usa"],"_links":{"self":[{"href":"https:\/\/tvbrazilusa.com\/pt\/wp-json\/wp\/v2\/posts\/16780","targetHints":{"allow":["GET"]}}],"collection":[{"href":"https:\/\/tvbrazilusa.com\/pt\/wp-json\/wp\/v2\/posts"}],"about":[{"href":"https:\/\/tvbrazilusa.com\/pt\/wp-json\/wp\/v2\/types\/post"}],"author":[{"embeddable":true,"href":"https:\/\/tvbrazilusa.com\/pt\/wp-json\/wp\/v2\/users\/1"}],"replies":[{"embeddable":true,"href":"https:\/\/tvbrazilusa.com\/pt\/wp-json\/wp\/v2\/comments?post=16780"}],"version-history":[{"count":1,"href":"https:\/\/tvbrazilusa.com\/pt\/wp-json\/wp\/v2\/posts\/16780\/revisions"}],"predecessor-version":[{"id":16782,"href":"https:\/\/tvbrazilusa.com\/pt\/wp-json\/wp\/v2\/posts\/16780\/revisions\/16782"}],"wp:featuredmedia":[{"embeddable":true,"href":"https:\/\/tvbrazilusa.com\/pt\/wp-json\/wp\/v2\/media\/16781"}],"wp:attachment":[{"href":"https:\/\/tvbrazilusa.com\/pt\/wp-json\/wp\/v2\/media?parent=16780"}],"wp:term":[{"taxonomy":"category","embeddable":true,"href":"https:\/\/tvbrazilusa.com\/pt\/wp-json\/wp\/v2\/categories?post=16780"},{"taxonomy":"post_tag","embeddable":true,"href":"https:\/\/tvbrazilusa.com\/pt\/wp-json\/wp\/v2\/tags?post=16780"}],"curies":[{"name":"wp","href":"https:\/\/api.w.org\/{rel}","templated":true}]}}