{"id":16789,"date":"2024-08-04T17:00:59","date_gmt":"2024-08-04T17:00:59","guid":{"rendered":"https:\/\/tvbrazilusa.com\/2024\/08\/04\/senado-volta-do-recesso-sem-acordo-sobre-pauta-economica-paulo-figueiredo\/"},"modified":"2024-08-04T19:04:54","modified_gmt":"2024-08-04T19:04:54","slug":"senado-volta-do-recesso-sem-acordo-sobre-pauta-economica-paulo-figueiredo","status":"publish","type":"post","link":"https:\/\/tvbrazilusa.com\/pt\/2024\/08\/04\/senado-volta-do-recesso-sem-acordo-sobre-pauta-economica-paulo-figueiredo\/","title":{"rendered":"Senado volta do recesso sem acordo sobre pauta econ\u00f4mica\u00a0 &#8211; Paulo Figueiredo"},"content":{"rendered":"<p> <script async src=\"https:\/\/pagead2.googlesyndication.com\/pagead\/js\/adsbygoogle.js?client=ca-pub-8864793242727901\"\r\n     crossorigin=\"anonymous\"><\/script><br \/>\n<\/p>\n<div id=\"wtr-content\" data-bg=\"#FFFFFF\" data-fg=\"#006d91\" data-width=\"25\" data-mute=\"1\" data-fgopacity=\"1.00\" data-mutedopacity=\"0.5\" data-placement=\"bottom\" data-placement-offset=\"0\" data-content-offset=\"262\" data-placement-touch=\"bottom\" data-placement-offset-touch=\"0\" data-transparent=\"\" data-shadow=\"0\" data-touch=\"1\" data-non-touch=\"1\" data-comments=\"0\" data-commentsbg=\"transparent\" data-location=\"page\" data-mutedfg=\"#006d91\" data-endfg=\"#006d91\" data-rtl=\"\">\n<h3 class=\"wp-block-heading\">Impasses sobre desonera\u00e7\u00e3o e d\u00edvidas dos Estados far\u00e3o senadores retomar trabalhos com pauta mais \u201clight\u201d<\/h3>\n<p>O Senado retoma suas atividades nesta semana ainda com incertezas sobre duas das principais pautas econ\u00f4micas que tramitam na Casa: as compensa\u00e7\u00f5es para a desonera\u00e7\u00e3o de 17 setores da economia e as regras para flexibiliza\u00e7\u00e3o de d\u00edvidas dos Estados.<\/p>\n<p>A pr\u00f3xima sess\u00e3o de vota\u00e7\u00e3o est\u00e1 marcada para 3\u00aa feira (6.ago.2024). Ainda n\u00e3o h\u00e1, por\u00e9m, acordo dos detalhes das propostas. A tend\u00eancia \u00e9 que a Casa Alta deixe os projetos para a pr\u00f3xima semana. Para esta, os senadores devem pautar propostas mais pacificadas.\u00a0<\/p>\n<p>Na \u00faltima 5\u00aa feira (1\u00ba.ago), o presidente do Senado,\u00a0Rodrigo Pacheco\u00a0(PSD-MG), reuniu-se com o presidente\u00a0Luiz In\u00e1cio Lula da Silva\u00a0(PT) numa tentativa de destravar a pauta. Tamb\u00e9m estiveram o l\u00edder do governo no Senado,\u00a0Jaques Wagner\u00a0(PT-BA), e o secret\u00e1rio-executivo do Minist\u00e9rio da Fazenda, Dario Durigan.<\/p>\n<p>A conversa, no entanto, n\u00e3o contou com o ministro da Fazenda, Fernando Haddad, que est\u00e1 em f\u00e9rias at\u00e9 8 de agosto. A aus\u00eancia deve atrasar as negocia\u00e7\u00f5es, uma vez que os projetos afetam as contas do governo.<\/p>\n<h3 class=\"wp-block-heading\"><strong>D\u00cdVIDA DOS ESTADOS<\/strong><\/h3>\n<p>O projeto para flexibilizar o pagamento de d\u00edvidas dos Estados com a Uni\u00e3o j\u00e1 foi apresentado e aguarda defini\u00e7\u00e3o sobre as regras do que os Estados t\u00eam de oferecer para poderem fazer a ades\u00e3o.<\/p>\n<p>O Minist\u00e9rio da Fazenda queria, por exemplo, que os Estados que aderirem ao refinanciamento tenham de realizar investimentos exclusivamente em educa\u00e7\u00e3o. Os governadores, no entanto, querem algo menos restritivo: que os investimentos possam ser feitos tamb\u00e9m em seguran\u00e7a p\u00fablica e infraestrutura.<\/p>\n<p>A d\u00edvida de todos os Estados \u00e9 estimada em mais de R$ 700 milh\u00f5es. Eis os Estados mais endividados: S\u00e3o Paulo (R$ 281 bilh\u00f5es), Rio de Janeiro (R$ 163 bilh\u00f5es) e Minas Gerais (R$ 160 bilh\u00f5es).\u00a0<\/p>\n<p>Na 5\u00aa feira (1\u00ba.ago), o ministro do STF (Supremo Tribunal Federal) Nunes Marques\u00a0ampliou o prazo para a suspens\u00e3o\u00a0do pagamento da d\u00edvida de Minas Gerais com a Uni\u00e3o at\u00e9 que o caso seja julgado pelo plen\u00e1rio da Corte. A retomada est\u00e1 prevista para 28 de agosto.<\/p>\n<h3 class=\"wp-block-heading\"><strong>DESONERA\u00c7\u00c3O EM PAUTA NO SENADO<\/strong><\/h3>\n<p>O projeto para compensar a desonera\u00e7\u00e3o da folha de pagamentos de 17 setores econ\u00f4micos tamb\u00e9m segue travado. A equipe econ\u00f4mica defende um aumento da CSLL (Contribui\u00e7\u00e3o Social sobre Lucro L\u00edquido) para os bancos em 1 p.p. (ponto percentual). J\u00e1 Pacheco e outros senadores s\u00e3o contra e argumentam que isso aumentaria impostos.<\/p>\n<p>Em discurso no Senado antes do recesso, Rodrigo Pacheco afirmou esperar um maior\u00a0<em>\u201camadurecimento\u201d<\/em>\u00a0da discuss\u00e3o e reafirmou esperar que a medida partisse de uma regulariza\u00e7\u00e3o ou desburocratiza\u00e7\u00e3o, n\u00e3o de aumento tribut\u00e1rio.<\/p>\n<p>Pacheco tem afirmado que ofereceu 8 alternativas de compensa\u00e7\u00e3o \u00e0 equipe econ\u00f4mica, mas que foram rejeitadas.<\/p>\n<p><strong><a href=\"https:\/\/www.poder360.com.br\/poder-congresso\/senado-volta-do-recesso-sem-acordo-sobre-pauta-economica\/\">Source link<\/a><\/strong><\/p>\n<\/div>\n<p><br \/>\n<br \/><a href=\"https:\/\/paulofigueiredoshow.com\/senado-volta-do-recesso-sem-acordo-sobre-pauta-economica\/\">Source link <\/a><\/p>","protected":false},"excerpt":{"rendered":"<p>Impasses sobre desonera\u00e7\u00e3o e d\u00edvidas dos Estados far\u00e3o senadores retomar trabalhos com pauta mais \u201clight\u201d O Senado retoma suas atividades nesta semana ainda com incertezas sobre duas das principais pautas&hellip;<\/p>","protected":false},"author":1,"featured_media":16790,"comment_status":"closed","ping_status":"open","sticky":false,"template":"","format":"standard","meta":{"content-type":"","footnotes":""},"categories":[16],"tags":[5817,7540,1815,1600,7541,1601,1378,7542,78,871],"class_list":["post-16789","post","type-post","status-publish","format-standard","has-post-thumbnail","hentry","category-noticias","tag-acordo","tag-desoneracao","tag-economia","tag-estados","tag-jaques-wagner","tag-pacheco","tag-pt","tag-recesso","tag-senado","tag-stf"],"_links":{"self":[{"href":"https:\/\/tvbrazilusa.com\/pt\/wp-json\/wp\/v2\/posts\/16789","targetHints":{"allow":["GET"]}}],"collection":[{"href":"https:\/\/tvbrazilusa.com\/pt\/wp-json\/wp\/v2\/posts"}],"about":[{"href":"https:\/\/tvbrazilusa.com\/pt\/wp-json\/wp\/v2\/types\/post"}],"author":[{"embeddable":true,"href":"https:\/\/tvbrazilusa.com\/pt\/wp-json\/wp\/v2\/users\/1"}],"replies":[{"embeddable":true,"href":"https:\/\/tvbrazilusa.com\/pt\/wp-json\/wp\/v2\/comments?post=16789"}],"version-history":[{"count":1,"href":"https:\/\/tvbrazilusa.com\/pt\/wp-json\/wp\/v2\/posts\/16789\/revisions"}],"predecessor-version":[{"id":16791,"href":"https:\/\/tvbrazilusa.com\/pt\/wp-json\/wp\/v2\/posts\/16789\/revisions\/16791"}],"wp:featuredmedia":[{"embeddable":true,"href":"https:\/\/tvbrazilusa.com\/pt\/wp-json\/wp\/v2\/media\/16790"}],"wp:attachment":[{"href":"https:\/\/tvbrazilusa.com\/pt\/wp-json\/wp\/v2\/media?parent=16789"}],"wp:term":[{"taxonomy":"category","embeddable":true,"href":"https:\/\/tvbrazilusa.com\/pt\/wp-json\/wp\/v2\/categories?post=16789"},{"taxonomy":"post_tag","embeddable":true,"href":"https:\/\/tvbrazilusa.com\/pt\/wp-json\/wp\/v2\/tags?post=16789"}],"curies":[{"name":"wp","href":"https:\/\/api.w.org\/{rel}","templated":true}]}}