{"id":16845,"date":"2024-08-04T21:05:08","date_gmt":"2024-08-04T21:05:08","guid":{"rendered":"https:\/\/tvbrazilusa.com\/2024\/08\/04\/apos-duras-criticas-ao-governo-lula-marcos-mion-e-confrontado-em-reuniao-secreta-na-globo\/"},"modified":"2024-08-04T21:10:52","modified_gmt":"2024-08-04T21:10:52","slug":"apos-duras-criticas-ao-governo-lula-marcos-mion-e-confrontado-em-reuniao-secreta-na-globo","status":"publish","type":"post","link":"https:\/\/tvbrazilusa.com\/pt\/2024\/08\/04\/apos-duras-criticas-ao-governo-lula-marcos-mion-e-confrontado-em-reuniao-secreta-na-globo\/","title":{"rendered":"Ap\u00f3s duras cr\u00edticas ao governo Lula, Marcos Mion \u00e9 confrontado em reuni\u00e3o secreta na Globo"},"content":{"rendered":"<p> <script async src=\"https:\/\/pagead2.googlesyndication.com\/pagead\/js\/adsbygoogle.js?client=ca-pub-8864793242727901\"\r\n     crossorigin=\"anonymous\"><\/script><br \/>\n<\/p>\n<div>\n<p>Em menos de uma semana, o apresentador Marcos Mion se viu no centro de duas pol\u00eamicas que abalaram os bastidores da Globo. Essas situa\u00e7\u00f5es preocuparam tanto a dire\u00e7\u00e3o quanto o setor comercial da emissora. Fontes internas confirmaram que Mion foi convocado para uma conversa na \u00faltima sexta-feira (3), com o intuito de \u201capagar o inc\u00eandio\u201d.<\/p>\n<p>As informa\u00e7\u00f5es, divulgadas pelo jornalista Alessandro Lo-Bianco, detalham epis\u00f3dios que deixam clara a tens\u00e3o nos corredores da Globo. O primeiro incidente envolveu cr\u00edticas severas do apresentador ao Governo Federal, atualmente liderado por Lula, em rela\u00e7\u00e3o ao apoio insatisfat\u00f3rio oferecido aos atletas ol\u00edmpicos brasileiros.<\/p>\n<h2 class=\"wp-block-heading\">Cr\u00edticas ao Governo Federal: A Primeira Pol\u00eamica de Marcos Mion<\/h2>\n<p>Mion utilizou as redes sociais para expressar sua insatisfa\u00e7\u00e3o com o apoio oferecido aos atletas brasileiros nas Olimp\u00edadas. No entanto, suas cr\u00edticas foram corrigidas por verificadores independentes, for\u00e7ando-o a se retratar publicamente. A situa\u00e7\u00e3o ganhou contornos pol\u00edticos e gerou um verdadeiro alvoro\u00e7o nas salas de dire\u00e7\u00e3o da Globo.<\/p>\n<p>Para um apresentador de sua influ\u00eancia, ser advertido publicamente por dissemina\u00e7\u00e3o de informa\u00e7\u00f5es imprecisas \u00e9 um problema grave, especialmente conforme o rigoroso c\u00f3digo de conduta da emissora. Essa situa\u00e7\u00e3o coloca Mion em uma posi\u00e7\u00e3o delicada diante do p\u00fablico e do mercado.<\/p>\n<h2 class=\"wp-block-heading\">O Que Houve com a Ex-Assessora de Marcos Mion?<\/h2>\n<p>Al\u00e9m do incidente com o Governo Federal, uma ex-assessora de Mion fez um desabafo nas redes sociais que gerou grande repercuss\u00e3o. Ela alegou ter sido demitida por \u201cmilitar\u201d demais e censurada por postar mensagens de apoio ao padre J\u00falio Lancelotti. Esse caso adicionou ainda mais combust\u00edvel ao \u201ccaldeir\u00e3o\u201d de pol\u00eamicas envolvendo o apresentador.<\/p>\n<p>Ao que tudo indica, a Globo pretende entender melhor as acusa\u00e7\u00f5es da ex-assessora e analisar o impacto disso na imagem do apresentador. Al\u00e9m de salvaguardar sua reputa\u00e7\u00e3o, a emissora busca evitar o engajamento negativo que essas controv\u00e9rsias t\u00eam gerado.<\/p>\n<h2 class=\"wp-block-heading\">Como a Globo Est\u00e1 Lidando com as Pol\u00eamicas de Marcos Mion?<\/h2>\n<p>Fontes pr\u00f3ximas garantem que a emissora j\u00e1 deixou claro seu descontentamento com os recentes acontecimentos. A dire\u00e7\u00e3o da Globo est\u00e1 focada em contornar a m\u00e1 repercuss\u00e3o dessas situa\u00e7\u00f5es, principalmente diante dos anunciantes e do p\u00fablico.<\/p>\n<p>\u00c9 esperado que Mion seja orientado a evitar assuntos t\u00e3o delicados e controversos, buscando uma postura mais neutra para preservar sua imagem e a da emissora. A Globo tamb\u00e9m deseja uma posi\u00e7\u00e3o mais coesa e controlada em suas declara\u00e7\u00f5es p\u00fablicas, para evitar futuras controv\u00e9rsias.<\/p>\n<\/p><\/div>\n<p><br \/>\n<br \/><a href=\"https:\/\/terrabrasilnoticias.com\/2024\/08\/apos-duras-criticas-ao-governo-lula-marcos-mion-e-confrontado-em-reuniao-secreta-na-globo\/\">Source link <\/a><\/p>","protected":false},"excerpt":{"rendered":"<p>Em menos de uma semana, o apresentador Marcos Mion se viu no centro de duas pol\u00eamicas que abalaram os bastidores da Globo. Essas situa\u00e7\u00f5es preocuparam tanto a dire\u00e7\u00e3o quanto o&hellip;<\/p>","protected":false},"author":1,"featured_media":16846,"comment_status":"closed","ping_status":"open","sticky":false,"template":"","format":"standard","meta":{"content-type":"","footnotes":""},"categories":[16],"tags":[],"class_list":["post-16845","post","type-post","status-publish","format-standard","has-post-thumbnail","hentry","category-noticias"],"_links":{"self":[{"href":"https:\/\/tvbrazilusa.com\/pt\/wp-json\/wp\/v2\/posts\/16845","targetHints":{"allow":["GET"]}}],"collection":[{"href":"https:\/\/tvbrazilusa.com\/pt\/wp-json\/wp\/v2\/posts"}],"about":[{"href":"https:\/\/tvbrazilusa.com\/pt\/wp-json\/wp\/v2\/types\/post"}],"author":[{"embeddable":true,"href":"https:\/\/tvbrazilusa.com\/pt\/wp-json\/wp\/v2\/users\/1"}],"replies":[{"embeddable":true,"href":"https:\/\/tvbrazilusa.com\/pt\/wp-json\/wp\/v2\/comments?post=16845"}],"version-history":[{"count":1,"href":"https:\/\/tvbrazilusa.com\/pt\/wp-json\/wp\/v2\/posts\/16845\/revisions"}],"predecessor-version":[{"id":16847,"href":"https:\/\/tvbrazilusa.com\/pt\/wp-json\/wp\/v2\/posts\/16845\/revisions\/16847"}],"wp:featuredmedia":[{"embeddable":true,"href":"https:\/\/tvbrazilusa.com\/pt\/wp-json\/wp\/v2\/media\/16846"}],"wp:attachment":[{"href":"https:\/\/tvbrazilusa.com\/pt\/wp-json\/wp\/v2\/media?parent=16845"}],"wp:term":[{"taxonomy":"category","embeddable":true,"href":"https:\/\/tvbrazilusa.com\/pt\/wp-json\/wp\/v2\/categories?post=16845"},{"taxonomy":"post_tag","embeddable":true,"href":"https:\/\/tvbrazilusa.com\/pt\/wp-json\/wp\/v2\/tags?post=16845"}],"curies":[{"name":"wp","href":"https:\/\/api.w.org\/{rel}","templated":true}]}}