{"id":16915,"date":"2024-08-04T20:15:39","date_gmt":"2024-08-04T20:15:39","guid":{"rendered":"https:\/\/tvbrazilusa.com\/2024\/08\/04\/zelenskyy-da-ucrania-exibe-cacas-f-16-recem-chegados-para-combater-a-russia-no-ar-2\/"},"modified":"2024-08-04T22:53:53","modified_gmt":"2024-08-04T22:53:53","slug":"zelenskyy-da-ucrania-exibe-cacas-f-16-recem-chegados-para-combater-a-russia-no-ar-2","status":"publish","type":"post","link":"https:\/\/tvbrazilusa.com\/pt\/2024\/08\/04\/zelenskyy-da-ucrania-exibe-cacas-f-16-recem-chegados-para-combater-a-russia-no-ar-2\/","title":{"rendered":"Zelenskyy da Ucr\u00e2nia exibe ca\u00e7as F-16 rec\u00e9m-chegados para combater a R\u00fassia no ar"},"content":{"rendered":"<p> <script async src=\"https:\/\/pagead2.googlesyndication.com\/pagead\/js\/adsbygoogle.js?client=ca-pub-8864793242727901\"\r\n     crossorigin=\"anonymous\"><\/script><br \/>\n<\/p>\n<div id=\"\">\n<header class=\"m-article-header m-article-header--standard\">\n\t\t\t\t\t\t\t\t\t\t\t\t<span id=\"article-header-primary-term\"><br \/>\n\t\t\t\t\t\t\t\t<a class=\"a-term a-term--primary\" href=\"https:\/\/www.boston.com\/tag\/politics\/\"><\/p>\n<p>\t\t\t\t\t\t\t\tPol\u00edtica\t\t\t\t\t\t\t\t<\/a><br \/>\n\t\t\t\t\t\t\t<\/span><\/p>\n<h2 class=\"m-article-header__sub-headline\"\/>\n<figure class=\"a-photo m-article-header__photo\"><figcaption class=\"a-photo__caption\">\n<p>\tO presidente da Ucr\u00e2nia, Volodymyr Zelenskyy, responde a perguntas da m\u00eddia tendo como pano de fundo os ca\u00e7as F-16 da For\u00e7a A\u00e9rea da Ucr\u00e2nia em um local n\u00e3o revelado na Ucr\u00e2nia, domingo, 4 de agosto de 2024.<em> AP Photo\/Efrem Lukatsky<\/em>\t<\/figcaption><\/figure>\n<div class=\"m-article-header__meta\">\n<div class=\"m-article-header__byline\">\n<p class=\"m-article-header__author\">\n<p>\t\t\t\t\t\t\t\tPor ANDREW MELDRUM, Associated Press\t\t\t\t\t\t\t<\/p>\n<p>\t\t\t\t\t\t    \t\t\t\t\t\t\t<time class=\"m-article-header__date\"><\/p>\n<p>        \t\t\t\t\t\t\t4 de agosto de 2024 | 16h15    \t\t\t\t\t\t\t<\/time><\/p><\/div>\n<\/p><\/div>\n<\/header>\n<p>EM ALGUM LUGAR DA UCR\u00c2NIA (AP) \u2014 Os rec\u00e9m-chegados ca\u00e7as F-16 da Ucr\u00e2nia foram expostos no domingo pelo presidente Volodymyr Zelenskyy, que disse que os avi\u00f5es impulsionar\u00e3o o esfor\u00e7o de guerra do pa\u00eds contra a R\u00fassia.<\/p>\n<p>\u201cEsses jatos est\u00e3o em nosso c\u00e9u e hoje voc\u00ea os v\u00ea\u201d, disse Zelenskyy, de p\u00e9 na frente de dois dos jatos de ca\u00e7a enquanto outros dois voavam acima em forma\u00e7\u00e3o cerrada. \u201c\u00c9 bom que eles estejam aqui e que possamos coloc\u00e1-los em uso.\u201d<\/p>\n<p>A Ucr\u00e2nia tamb\u00e9m est\u00e1 tentando fazer com que pa\u00edses vizinhos ajudem a defend\u00ea-la contra m\u00edsseis russos, disse Zelenskyy.<\/p>\n<p>\u201cEssa decis\u00e3o \u00e9 provavelmente dif\u00edcil para nossos parceiros, pois eles sempre t\u00eam medo de uma escalada desnecess\u00e1ria\u201d, disse o presidente da Ucr\u00e2nia. \u201cTrabalharemos nisso&#8230; Acho que temos uma boa op\u00e7\u00e3o de um conselho OTAN-Ucr\u00e2nia&#8230; para que os pa\u00edses da OTAN possam conversar com a Ucr\u00e2nia sobre a possibilidade de uma pequena coaliz\u00e3o de pa\u00edses vizinhos que derrubariam m\u00edsseis inimigos.\u201d<\/p>\n<p>Dois jatos F-16, ostentando a ins\u00edgnia do tridente da Ucr\u00e2nia na cauda e envoltos em redes de camuflagem, foram o pano de fundo dram\u00e1tico para o discurso de Zelenskyy no Dia da For\u00e7a A\u00e9rea, um evento realizado sob forte seguran\u00e7a em um local n\u00e3o revelado para proteger os ca\u00e7as de ataques russos.<\/p>\n<p>\u201cDesde o in\u00edcio desta guerra, temos conversado com nossos parceiros sobre a necessidade de proteger nossos c\u00e9us ucranianos de m\u00edsseis e aeronaves russos\u201d, disse Zelenskyy. \u201cAgora temos uma nova realidade em nossos c\u00e9us. Os F-16s est\u00e3o na Ucr\u00e2nia. N\u00f3s fizemos isso acontecer. Estou orgulhoso de nossos rapazes que est\u00e3o dominando essas aeronaves e j\u00e1 come\u00e7aram a us\u00e1-las em nosso pa\u00eds. \u2026 Nossa avia\u00e7\u00e3o de combate nos deixar\u00e1 mais perto da vit\u00f3ria.\u201d<\/p>\n<p>A Ucr\u00e2nia pode manter alguns dos ca\u00e7as F-16 em bases estrangeiras para proteg\u00ea-los de ataques russos, de acordo com um alto oficial militar ucraniano. O presidente russo Vladimir Putin alertou que Moscou poderia considerar lan\u00e7ar ataques em instala\u00e7\u00f5es em pa\u00edses da OTAN se eles hospedassem os avi\u00f5es de guerra usados \u200b\u200bna Ucr\u00e2nia.<\/p>\n<p>O F-16 de fabrica\u00e7\u00e3o americana \u00e9 um ca\u00e7a ic\u00f4nico que tem sido o avi\u00e3o de combate de linha de frente escolhido pela alian\u00e7a da OTAN e por in\u00fameras for\u00e7as a\u00e9reas ao redor do mundo h\u00e1 50 anos.<\/p>\n<p>Embora novos na Ucr\u00e2nia, os F-16 s\u00e3o, na verdade, jatos mais antigos que foram doados por aliados ocidentais da Ucr\u00e2nia. B\u00e9lgica, Dinamarca, Holanda e Noruega se comprometeram a fornecer \u00e0 Ucr\u00e2nia mais de 60 deles nos pr\u00f3ximos meses, no que pode ser um lento fluxo de entregas. Zelenskyy n\u00e3o disse quantos F-16 chegaram \u00e0 Ucr\u00e2nia ou de quais pa\u00edses eles vieram.<\/p>\n<p>O presidente dos Estados Unidos, Joe Biden, deu sinal verde em agosto de 2023 para que ca\u00e7as F-16 usados \u200b\u200bfossem enviados \u00e0 Ucr\u00e2nia, embora os EUA n\u00e3o forne\u00e7am nenhuma de suas pr\u00f3prias aeronaves.<\/p>\n<p>Os F-16s aumentar\u00e3o a for\u00e7a militar da Ucr\u00e2nia, especialmente ao melhorar suas defesas a\u00e9reas. Mas analistas dizem que eles n\u00e3o mudar\u00e3o a mar\u00e9 da guerra sozinhos.<\/p>\n<p>A R\u00fassia est\u00e1 fazendo pequenos, mas constantes avan\u00e7os no campo de batalha na regi\u00e3o oriental de Donetsk, na Ucr\u00e2nia, e seu avan\u00e7o constante est\u00e1 se somando \u00e0 medida que a Ucr\u00e2nia gradualmente cede terreno.<\/p>\n<\/p><\/div>\n<p><script>\n\t\tvar consent=\"grant\";\n\t\t\/* The above code is parsing the JSON data from the local storage and storing it in a variable. *\/\n\t\t\t\t\tconst onetrustStorageConsent = JSON.parse(localStorage.getItem( 'consent_one_trust_bdc' ) );\n\t\t\tif ( ( onetrustStorageConsent !== null ) ) {\n\t\t\t\t\/* Checking to see if the user has consented to the use of cookies.\n\t\t\t\t* If they have not, it is deleting the cookie.\n\t\t\t\t* This will comment for now, until further notice.\n\t\t\t\t*\/\n\t\t\t\t\/\/if ( onetrustStorageConsent.C0002 === false ) {\n\t\t\t\t\/\/\tdocument.cookie=\"_fbp=;expires=Thu, 01 Jan 2010 00:00:00 UTC; path=\/; domain=.boston.com\";\n\t\t\t\t\/\/}\n\t\t\t\t\/* Checking if the user has given consent for the cookie C0002.\n\t\t\t\t* If the user has given consent, the variable consent will be set to 'grant'.\n\t\t\t\t* If the user has not given consent,the variable consent will be set to 'revoke'.\n\t\t\t\t* Documentation https:\/\/developers.facebook.com\/docs\/meta-pixel\/implementation\/gdpr\n\t\t\t\t*\/\n\t\t\t\tif ( onetrustStorageConsent.C0002 !== true ) {\n\t\t\t\t\tconsent=\"revoke\";\n\t\t\t\t}\n\t\t\t}\n\t\t\t\t!function(f,b,e,v,n,t,s)\n\t\t{if(f.fbq)return;n=f.fbq=function(){n.callMethod?\n\t\tn.callMethod.apply(n,arguments):n.queue.push(arguments)};\n\t\tif(!f._fbq)f._fbq=n;n.push=n;n.loaded=!0;n.version='2.0';\n\t\tn.queue=[];t=b.createElement(e);t.async=!0;\n\t\tt.src=v;s=b.getElementsByTagName(e)[0];\n\t\ts.parentNode.insertBefore(t,s)}(window, document,'script',\n\t\t'https:\/\/connect.facebook.net\/en_US\/fbevents.js');\n\t\tfbq('consent', consent);\n\t\tfbq('init', '989222871864976');\n\t\tfbq('track', 'PageView');\n\t<\/script><script type=\"module\">\n\t\tvar consent=\"grant\";\n\t\t\/* The above code is parsing the JSON data from the local storage and storing it in a variable. *\/\n\t\t\tconst onetrustStorageConsent = JSON.parse(localStorage.getItem( 'consent_one_trust_bdc' ) );\n\t\t\t\/* Checking to see if the user has consented to the use of cookies.\n\t\t\t* If they have not, it is deleting the cookie.\n\t\t\t* This will comment for now, until further notice.\n\t\t\t*\/\n\t\t\t\/\/if ( onetrustStorageConsent.C0002 === false ) {\n\t\t\t\/\/\tdocument.cookie=\"_fbp=;expires=Thu, 01 Jan 2010 00:00:00 UTC; path=\/; domain=.boston.com\";\n\t\t\t\/\/}\n\t\t\t\/* Checking if the user has given consent for the cookie C0002.\n\t\t\t* If the user has given consent, the variable consent will be set to 'grant'.\n\t\t\t* If the user has not given consent,the variable consent will be set to 'revoke'.\n\t\t\t* Documentation https:\/\/developers.facebook.com\/docs\/meta-pixel\/implementation\/gdpr\n\t\t\t*\/\n\t\t\tif ( ( onetrustStorageConsent !== null ) && (onetrustStorageConsent.C0002 !== true ) ) {\n\t\t\t\tconsent=\"revoke\";\n\t\t\t}\n\t\t\t\t!function(f,b,e,v,n,t,s){if(f.fbq)return;n=f.fbq=function()\n\t\t{n.callMethod? n.callMethod.apply(n,arguments):n.queue.push(arguments)}\n\t\t;if(!f._fbq)f._fbq=n;\n\t\tn.push=n;n.loaded=!0;n.version='2.0';n.queue=[];t=b.createElement(e);t.async=!0;\n\t\tt.src=v;s=b.getElementsByTagName(e)[0];s.parentNode.insertBefore(t,s)}(window,\n\t\tdocument,'script','https:\/\/connect.facebook.net\/en_US\/fbevents.js');\n\t\tfbq('consent', consent);\n\t\tfbq('init', '813236348753005');\n\t\tfbq('track', \"PageView\");\n\t<\/script><br \/>\n<br \/><br \/>\n<br \/><a href=\"https:\/\/www.boston.com\/news\/politics\/2024\/08\/04\/ukraines-zelenskyy-displays-newly-arrived-f-16-fighter-jets-to-combat-russia-in-the-air\/\">Source link <\/a><\/p>","protected":false},"excerpt":{"rendered":"<p>Pol\u00edtica O presidente da Ucr\u00e2nia, Volodymyr Zelenskyy, responde a perguntas da m\u00eddia tendo como pano de fundo os ca\u00e7as F-16 da For\u00e7a A\u00e9rea da Ucr\u00e2nia em um local n\u00e3o revelado&hellip;<\/p>","protected":false},"author":1,"featured_media":16916,"comment_status":"closed","ping_status":"open","sticky":false,"template":"","format":"standard","meta":{"content-type":"","footnotes":""},"categories":[1],"tags":[],"class_list":["post-16915","post","type-post","status-publish","format-standard","has-post-thumbnail","hentry","category-uncategorized"],"_links":{"self":[{"href":"https:\/\/tvbrazilusa.com\/pt\/wp-json\/wp\/v2\/posts\/16915","targetHints":{"allow":["GET"]}}],"collection":[{"href":"https:\/\/tvbrazilusa.com\/pt\/wp-json\/wp\/v2\/posts"}],"about":[{"href":"https:\/\/tvbrazilusa.com\/pt\/wp-json\/wp\/v2\/types\/post"}],"author":[{"embeddable":true,"href":"https:\/\/tvbrazilusa.com\/pt\/wp-json\/wp\/v2\/users\/1"}],"replies":[{"embeddable":true,"href":"https:\/\/tvbrazilusa.com\/pt\/wp-json\/wp\/v2\/comments?post=16915"}],"version-history":[{"count":1,"href":"https:\/\/tvbrazilusa.com\/pt\/wp-json\/wp\/v2\/posts\/16915\/revisions"}],"predecessor-version":[{"id":16917,"href":"https:\/\/tvbrazilusa.com\/pt\/wp-json\/wp\/v2\/posts\/16915\/revisions\/16917"}],"wp:featuredmedia":[{"embeddable":true,"href":"https:\/\/tvbrazilusa.com\/pt\/wp-json\/wp\/v2\/media\/16916"}],"wp:attachment":[{"href":"https:\/\/tvbrazilusa.com\/pt\/wp-json\/wp\/v2\/media?parent=16915"}],"wp:term":[{"taxonomy":"category","embeddable":true,"href":"https:\/\/tvbrazilusa.com\/pt\/wp-json\/wp\/v2\/categories?post=16915"},{"taxonomy":"post_tag","embeddable":true,"href":"https:\/\/tvbrazilusa.com\/pt\/wp-json\/wp\/v2\/tags?post=16915"}],"curies":[{"name":"wp","href":"https:\/\/api.w.org\/{rel}","templated":true}]}}