{"id":16941,"date":"2024-08-04T20:58:37","date_gmt":"2024-08-04T20:58:37","guid":{"rendered":"https:\/\/tvbrazilusa.com\/2024\/08\/04\/lider-do-reino-unido-starmer-condena-ataque-a-hotel-para-requerentes-de-asilo-enquanto-a-violencia-de-extrema-direita-se-espalha\/"},"modified":"2024-08-04T23:33:26","modified_gmt":"2024-08-04T23:33:26","slug":"lider-do-reino-unido-starmer-condena-ataque-a-hotel-para-requerentes-de-asilo-enquanto-a-violencia-de-extrema-direita-se-espalha","status":"publish","type":"post","link":"https:\/\/tvbrazilusa.com\/pt\/2024\/08\/04\/lider-do-reino-unido-starmer-condena-ataque-a-hotel-para-requerentes-de-asilo-enquanto-a-violencia-de-extrema-direita-se-espalha\/","title":{"rendered":"L\u00edder do Reino Unido, Starmer condena ataque a hotel para requerentes de asilo enquanto a viol\u00eancia de extrema direita se espalha"},"content":{"rendered":"<p> <script async src=\"https:\/\/pagead2.googlesyndication.com\/pagead\/js\/adsbygoogle.js?client=ca-pub-8864793242727901\"\r\n     crossorigin=\"anonymous\"><\/script><br \/>\n<\/p>\n<div id=\"\">\n<header class=\"m-article-header m-article-header--standard\">\n\t\t\t\t\t\t\t\t\t\t\t\t<span id=\"article-header-primary-term\"><br \/>\n\t\t\t\t\t\t\t\t<a class=\"a-term a-term--primary\" href=\"https:\/\/www.boston.com\/tag\/world-news\/\"><\/p>\n<p>\t\t\t\t\t\t\t\tNoticias do mundo\t\t\t\t\t\t\t\t<\/a><br \/>\n\t\t\t\t\t\t\t<\/span><\/p>\n<h2 class=\"m-article-header__sub-headline\"\/>\n<figure class=\"a-photo m-article-header__photo\"><figcaption class=\"a-photo__caption\">\n<p>\tUm carro pega fogo durante um protesto anti-imigra\u00e7\u00e3o em Middlesbrough, Inglaterra, domingo, 4 de agosto de 2024.<em> Owen Humphreys\/PA via AP<\/em>\t<\/figcaption><\/figure>\n<div class=\"m-article-header__meta\">\n<div class=\"m-article-header__byline\">\n<p class=\"m-article-header__author\">\n<p>\t\t\t\t\t\t\t\tPor PAN PYLAS, Associated Press\t\t\t\t\t\t\t<\/p>\n<p>\t\t\t\t\t\t    \t\t\t\t\t\t\t<time class=\"m-article-header__date\"><\/p>\n<p>        \t\t\t\t\t\t\t4 de agosto de 2024 | 16h58    \t\t\t\t\t\t\t<\/time><\/p><\/div>\n<\/p><\/div>\n<\/header>\n<p>LONDRES (AP) \u2014 O primeiro-ministro do Reino Unido, Keir Starmer, condenou veementemente um ataque no domingo a um hotel que abrigava requerentes de asilo, que deixou pelo menos 10 policiais feridos, um deles gravemente, descrevendo-o como &#8220;banditismo de extrema direita&#8221;.<\/p>\n<p>Em uma declara\u00e7\u00e3o feita no n\u00famero 10 da Downing Street na tarde de domingo, Starmer prometeu que as autoridades \u201cfar\u00e3o o que for preciso para levar esses bandidos \u00e0 justi\u00e7a\u201d e que a justi\u00e7a ser\u00e1 r\u00e1pida.<\/p>\n<p>A declara\u00e7\u00e3o de Starmer ocorreu no momento em que mais viol\u00eancia irrompeu em todo o pa\u00eds ap\u00f3s um ataque a faca em uma aula de dan\u00e7a que deixou tr\u00eas meninas mortas e muitas outras feridas.<\/p>\n<p>\u201cEu garanto que voc\u00ea vai se arrepender de ter participado dessa desordem, seja diretamente ou aqueles que est\u00e3o provocando essa a\u00e7\u00e3o online e depois fugindo eles mesmos\u201d, disse Starmer. \u201cIsso n\u00e3o \u00e9 um protesto, \u00e9 uma viol\u00eancia organizada e violenta e n\u00e3o tem lugar em nossas ruas ou online.\u201d<\/p>\n<p>Starmer falava ap\u00f3s mais um dia de viol\u00eancia de extrema direita, que foi particularmente grave na cidade de Rotherham, no norte da Inglaterra, onde a pol\u00edcia teve dificuldade para conter centenas de manifestantes que tentavam invadir um hotel Holiday Inn Express que estava sendo usado como acomoda\u00e7\u00e3o para requerentes de asilo.<\/p>\n<p>Antes de colocar o tumulto sob algum tipo de controle, policiais com escudos enfrentaram uma barragem de m\u00edsseis, incluindo peda\u00e7os de madeira, cadeiras e extintores de inc\u00eandio. Uma grande lixeira perto de uma janela do hotel tamb\u00e9m foi incendiada, mas o pequeno inc\u00eandio foi extinto.<\/p>\n<p>A pol\u00edcia de South Yorkshire, respons\u00e1vel por Rotherham, disse que pelo menos 10 policiais ficaram feridos, incluindo um que ficou inconsciente.<\/p>\n<p>\u201cO comportamento que testemunhamos foi nada menos que repugnante. Embora tenha sido um n\u00famero menor dos presentes que escolheu cometer viol\u00eancia e destrui\u00e7\u00e3o, aqueles que simplesmente ficaram parados e assistiram continuam absolutamente c\u00famplices disso\u201d, disse o chefe de pol\u00edcia assistente Lindsey Butterfield. \u201cTemos policiais trabalhando duro, revisando as consider\u00e1veis \u200b\u200bimagens e filmagens online dos envolvidos, e eles devem esperar que estejamos em suas portas muito em breve.\u201d<\/p>\n<p>Agitadores de extrema direita tentaram tirar vantagem do ataque a faca da semana passada explorando preocupa\u00e7\u00f5es sobre a escala da imigra\u00e7\u00e3o no Reino Unido, em particular as dezenas de milhares de migrantes que chegam em pequenos barcos da Fran\u00e7a atrav\u00e9s do Canal da Mancha.<\/p>\n<p>As tens\u00f5es tamb\u00e9m estavam altas no domingo na cidade de Middlesbrough, no nordeste, onde alguns manifestantes se libertaram de uma guarda policial. Um grupo andou por uma \u00e1rea residencial quebrando janelas de casas e carros. Quando perguntado por um morador por que eles estavam quebrando janelas, um homem respondeu: &#8220;Porque somos ingleses&#8221;. Centenas de outros se posicionaram contra a pol\u00edcia com escudos no cenot\u00e1fio da cidade, jogando tijolos, latas e potes nos policiais.<\/p>\n<p>Starmer disse que qualquer pessoa que tenha como alvo pessoas pela cor da pele ou por sua f\u00e9 \u00e9 de extrema direita.<\/p>\n<p>\u201cAs pessoas neste pa\u00eds t\u00eam o direito de estar seguras, e ainda assim vimos comunidades mu\u00e7ulmanas sendo alvos, ataques a mesquitas, outras comunidades minorit\u00e1rias sendo discriminadas, sauda\u00e7\u00f5es nazistas nas ruas, ataques \u00e0 pol\u00edcia, viol\u00eancia gratuita junto com ret\u00f3rica racista, ent\u00e3o n\u00e3o, n\u00e3o vou hesitar em chamar isso pelo que \u00e9: viol\u00eancia de extrema direita\u201d, disse ele.<\/p>\n<p>A viol\u00eancia dos \u00faltimos dias, que resultou em uma biblioteca incendiada, mesquitas atacadas e sinalizadores lan\u00e7ados contra uma est\u00e1tua do l\u00edder da guerra Winston Churchill, come\u00e7ou depois que rumores falsos se espalharam online de que o suspeito do ataque a faca na aula de dan\u00e7a era um requerente de asilo, alimentando a raiva entre os apoiadores da extrema direita.<\/p>\n<p>Suspeitos menores de 18 anos geralmente n\u00e3o s\u00e3o nomeados no Reino Unido, mas o juiz do caso ordenou que Axel Rudakubana, nascido no Pa\u00eds de Gales de pais ruandeses, fosse identificado, em parte para impedir a dissemina\u00e7\u00e3o de desinforma\u00e7\u00e3o. Rudakubana foi acusado de tr\u00eas acusa\u00e7\u00f5es de assassinato e 10 acusa\u00e7\u00f5es de tentativa de assassinato.<\/p>\n<p>Centenas de pessoas foram presas em conex\u00e3o com a desordem e muitas mais provavelmente ser\u00e3o, enquanto a pol\u00edcia vasculha as imagens de c\u00e2meras de CFTV, m\u00eddias sociais e c\u00e2meras corporais. No entanto, a pol\u00edcia tamb\u00e9m alertou que, com medidas de seguran\u00e7a generalizadas em vigor, com milhares de policiais destacados, outros crimes podem n\u00e3o ser investigados completamente.<\/p>\n<p>Com tantas pris\u00f5es, os tribunais enfrentar\u00e3o um desafio no processamento de todas as acusa\u00e7\u00f5es em um momento em que o sistema de justi\u00e7a criminal est\u00e1 sobrecarregado, ap\u00f3s anos de austeridade e a pandemia de COVID. Em maio, o National Audit Office alertou que os tribunais enfrentavam um ac\u00famulo de mais de 60.000 casos, enquanto o governo disse no m\u00eas passado que milhares de presos teriam que ser soltos mais cedo para aliviar a superlota\u00e7\u00e3o das pris\u00f5es.<\/p>\n<p>Stephen Parkinson, diretor de promotoria p\u00fablica para a Inglaterra e Pa\u00eds de Gales, disse que advogados extras foram destacados no fim de semana e trabalhar\u00e3o \u201c24 horas por dia\u201d nos pr\u00f3ximos dias para garantir que a justi\u00e7a seja feita. Ele disse que instruiu os promotores a tomarem decis\u00f5es de acusa\u00e7\u00e3o imediatas onde evid\u00eancias importantes estiverem presentes.<\/p>\n<p>\u201cEstou determinado a agir de forma r\u00e1pida e firme, dando aos tribunais a m\u00e1xima capacidade de proferir senten\u00e7as que reflitam o que ocorreu\u201d, disse ele.<\/p>\n<p>Muitas das manifesta\u00e7\u00f5es da semana passada foram organizadas online por grupos de extrema direita, que mobilizam apoio com frases como \u201cj\u00e1 chega\u201d, \u201csalvem nossas crian\u00e7as\u201d e \u201cparem os barcos\u201d.<\/p>\n<p>Gritos de mobiliza\u00e7\u00e3o vieram de um grupo difuso de contas de m\u00eddia social, mas um jogador-chave em amplific\u00e1-los \u00e9 Stephen Yaxley-Lennon, um agitador de extrema direita de longa data que usa o nome Tommy Robinson. Ele liderou a Liga de Defesa Inglesa, que a Pol\u00edcia de Merseyside vinculou ao protesto violento em Southport na ter\u00e7a-feira, perto da cena do ataque a facadas.<\/p>\n<p>Yaxley-Lennon, 41, foi banido do Twitter em 2018, mas foi autorizado a voltar depois que o Twitter foi comprado por Elon Musk e renomeado como X. Ele tem mais de 800.000 seguidores. Atualmente, ele enfrenta um mandado de pris\u00e3o ap\u00f3s deixar o Reino Unido na semana passada antes de uma audi\u00eancia agendada em um processo de desacato ao tribunal contra ele.<\/p>\n<p>Nigel Farage, que foi eleito para o parlamento em julho pela primeira vez como l\u00edder do Reform UK, tamb\u00e9m foi culpado por muitos por encorajar \u2014 indiretamente \u2014 o sentimento anti-imigra\u00e7\u00e3o. Ele tentou vincular muitos dos problemas que o pa\u00eds enfrenta, como sa\u00fade e moradia, aos grandes aumentos anuais na popula\u00e7\u00e3o do pa\u00eds.<\/p>\n<p><em>A escritora da Associated Press Jill Lawless contribuiu para esta reportagem.<\/em><\/p>\n<\/p><\/div>\n<p><script>\n\t\tvar consent=\"grant\";\n\t\t\/* The above code is parsing the JSON data from the local storage and storing it in a variable. *\/\n\t\t\t\t\tconst onetrustStorageConsent = JSON.parse(localStorage.getItem( 'consent_one_trust_bdc' ) );\n\t\t\tif ( ( onetrustStorageConsent !== null ) ) {\n\t\t\t\t\/* Checking to see if the user has consented to the use of cookies.\n\t\t\t\t* If they have not, it is deleting the cookie.\n\t\t\t\t* This will comment for now, until further notice.\n\t\t\t\t*\/\n\t\t\t\t\/\/if ( onetrustStorageConsent.C0002 === false ) {\n\t\t\t\t\/\/\tdocument.cookie=\"_fbp=;expires=Thu, 01 Jan 2010 00:00:00 UTC; path=\/; domain=.boston.com\";\n\t\t\t\t\/\/}\n\t\t\t\t\/* Checking if the user has given consent for the cookie C0002.\n\t\t\t\t* If the user has given consent, the variable consent will be set to 'grant'.\n\t\t\t\t* If the user has not given consent,the variable consent will be set to 'revoke'.\n\t\t\t\t* Documentation https:\/\/developers.facebook.com\/docs\/meta-pixel\/implementation\/gdpr\n\t\t\t\t*\/\n\t\t\t\tif ( onetrustStorageConsent.C0002 !== true ) {\n\t\t\t\t\tconsent=\"revoke\";\n\t\t\t\t}\n\t\t\t}\n\t\t\t\t!function(f,b,e,v,n,t,s)\n\t\t{if(f.fbq)return;n=f.fbq=function(){n.callMethod?\n\t\tn.callMethod.apply(n,arguments):n.queue.push(arguments)};\n\t\tif(!f._fbq)f._fbq=n;n.push=n;n.loaded=!0;n.version='2.0';\n\t\tn.queue=[];t=b.createElement(e);t.async=!0;\n\t\tt.src=v;s=b.getElementsByTagName(e)[0];\n\t\ts.parentNode.insertBefore(t,s)}(window, document,'script',\n\t\t'https:\/\/connect.facebook.net\/en_US\/fbevents.js');\n\t\tfbq('consent', consent);\n\t\tfbq('init', '989222871864976');\n\t\tfbq('track', 'PageView');\n\t<\/script><script type=\"module\">\n\t\tvar consent=\"grant\";\n\t\t\/* The above code is parsing the JSON data from the local storage and storing it in a variable. *\/\n\t\t\tconst onetrustStorageConsent = JSON.parse(localStorage.getItem( 'consent_one_trust_bdc' ) );\n\t\t\t\/* Checking to see if the user has consented to the use of cookies.\n\t\t\t* If they have not, it is deleting the cookie.\n\t\t\t* This will comment for now, until further notice.\n\t\t\t*\/\n\t\t\t\/\/if ( onetrustStorageConsent.C0002 === false ) {\n\t\t\t\/\/\tdocument.cookie=\"_fbp=;expires=Thu, 01 Jan 2010 00:00:00 UTC; path=\/; domain=.boston.com\";\n\t\t\t\/\/}\n\t\t\t\/* Checking if the user has given consent for the cookie C0002.\n\t\t\t* If the user has given consent, the variable consent will be set to 'grant'.\n\t\t\t* If the user has not given consent,the variable consent will be set to 'revoke'.\n\t\t\t* Documentation https:\/\/developers.facebook.com\/docs\/meta-pixel\/implementation\/gdpr\n\t\t\t*\/\n\t\t\tif ( ( onetrustStorageConsent !== null ) && (onetrustStorageConsent.C0002 !== true ) ) {\n\t\t\t\tconsent=\"revoke\";\n\t\t\t}\n\t\t\t\t!function(f,b,e,v,n,t,s){if(f.fbq)return;n=f.fbq=function()\n\t\t{n.callMethod? n.callMethod.apply(n,arguments):n.queue.push(arguments)}\n\t\t;if(!f._fbq)f._fbq=n;\n\t\tn.push=n;n.loaded=!0;n.version='2.0';n.queue=[];t=b.createElement(e);t.async=!0;\n\t\tt.src=v;s=b.getElementsByTagName(e)[0];s.parentNode.insertBefore(t,s)}(window,\n\t\tdocument,'script','https:\/\/connect.facebook.net\/en_US\/fbevents.js');\n\t\tfbq('consent', consent);\n\t\tfbq('init', '813236348753005');\n\t\tfbq('track', \"PageView\");\n\t<\/script><br \/>\n<br \/><br \/>\n<br \/><a href=\"https:\/\/www.boston.com\/news\/world-news\/2024\/08\/04\/uk-leader-starmer-condemns-attack-on-asylum-seeker-hotel-as-far-right-violence-spreads\/\">Source link <\/a><\/p>","protected":false},"excerpt":{"rendered":"<p>Noticias do mundo Um carro pega fogo durante um protesto anti-imigra\u00e7\u00e3o em Middlesbrough, Inglaterra, domingo, 4 de agosto de 2024. Owen Humphreys\/PA via AP Por PAN PYLAS, Associated Press 4&hellip;<\/p>","protected":false},"author":1,"featured_media":16942,"comment_status":"closed","ping_status":"open","sticky":false,"template":"","format":"standard","meta":{"content-type":"","footnotes":""},"categories":[1],"tags":[],"class_list":["post-16941","post","type-post","status-publish","format-standard","has-post-thumbnail","hentry","category-uncategorized"],"_links":{"self":[{"href":"https:\/\/tvbrazilusa.com\/pt\/wp-json\/wp\/v2\/posts\/16941","targetHints":{"allow":["GET"]}}],"collection":[{"href":"https:\/\/tvbrazilusa.com\/pt\/wp-json\/wp\/v2\/posts"}],"about":[{"href":"https:\/\/tvbrazilusa.com\/pt\/wp-json\/wp\/v2\/types\/post"}],"author":[{"embeddable":true,"href":"https:\/\/tvbrazilusa.com\/pt\/wp-json\/wp\/v2\/users\/1"}],"replies":[{"embeddable":true,"href":"https:\/\/tvbrazilusa.com\/pt\/wp-json\/wp\/v2\/comments?post=16941"}],"version-history":[{"count":1,"href":"https:\/\/tvbrazilusa.com\/pt\/wp-json\/wp\/v2\/posts\/16941\/revisions"}],"predecessor-version":[{"id":16943,"href":"https:\/\/tvbrazilusa.com\/pt\/wp-json\/wp\/v2\/posts\/16941\/revisions\/16943"}],"wp:featuredmedia":[{"embeddable":true,"href":"https:\/\/tvbrazilusa.com\/pt\/wp-json\/wp\/v2\/media\/16942"}],"wp:attachment":[{"href":"https:\/\/tvbrazilusa.com\/pt\/wp-json\/wp\/v2\/media?parent=16941"}],"wp:term":[{"taxonomy":"category","embeddable":true,"href":"https:\/\/tvbrazilusa.com\/pt\/wp-json\/wp\/v2\/categories?post=16941"},{"taxonomy":"post_tag","embeddable":true,"href":"https:\/\/tvbrazilusa.com\/pt\/wp-json\/wp\/v2\/tags?post=16941"}],"curies":[{"name":"wp","href":"https:\/\/api.w.org\/{rel}","templated":true}]}}