{"id":16944,"date":"2024-08-04T23:30:00","date_gmt":"2024-08-04T23:30:00","guid":{"rendered":"https:\/\/tvbrazilusa.com\/2024\/08\/04\/honda-aposta-em-multi-energia-nova-plataforma-para-modelos-compactos\/"},"modified":"2024-08-04T23:41:05","modified_gmt":"2024-08-04T23:41:05","slug":"honda-aposta-em-multi-energia-nova-plataforma-para-modelos-compactos","status":"publish","type":"post","link":"https:\/\/tvbrazilusa.com\/pt\/2024\/08\/04\/honda-aposta-em-multi-energia-nova-plataforma-para-modelos-compactos\/","title":{"rendered":"Honda aposta em multi-energia: nova plataforma para modelos compactos"},"content":{"rendered":"<p> <script async src=\"https:\/\/pagead2.googlesyndication.com\/pagead\/js\/adsbygoogle.js?client=ca-pub-8864793242727901\"\r\n     crossorigin=\"anonymous\"><\/script><br \/>\n<\/p>\n<div>\n<p>A fabricante japonesa <a href=\"https:\/\/terrabrasilnoticias.com\/2024\/08\/honda-hr-v-reestilizado-chegara-ao-brasil-em-2025\/\">Honda<\/a> est\u00e1 trabalhando intensamente no desenvolvimento de uma nova plataforma inovadora chamada PF2. Destinada a modelos compactos da pr\u00f3xima gera\u00e7\u00e3o, esta plataforma promete ser uma estrutura \u201cmulti-energia\u201d, suportando ve\u00edculos a combust\u00e3o, h\u00edbridos e totalmente el\u00e9tricos.<\/p>\n<p>Entre os modelos que se beneficiar\u00e3o com a nova plataforma est\u00e3o o Fit, HR-V, WR-V, BR-V, City e outros. Esta inova\u00e7\u00e3o aponta para um futuro onde a flexibilidade e a adapta\u00e7\u00e3o \u00e0s diferentes demandas energ\u00e9ticas ser\u00e3o protagonistas nas estrat\u00e9gias das montadoras.<\/p>\n<h2>A nova Plataforma PF2: o que ela traz de novo?<\/h2>\n<p>A nova plataforma PF2 da Honda ter\u00e1 uma abordagem similar \u00e0 da Stellantis. Isso significa que ela permitir\u00e1 uma flexibiliza\u00e7\u00e3o significativa, tornando poss\u00edvel o uso de diferentes tipos de propuls\u00e3o em uma mesma estrutura. Esta estrat\u00e9gia atende \u00e0 vis\u00e3o da marca sobre o futuro dos ve\u00edculos, que ainda v\u00ea a import\u00e2ncia dos motores a combust\u00e3o e a necessidade de uma transi\u00e7\u00e3o gradual para modelos totalmente el\u00e9tricos.<\/p>\n<p>Assim como a Toyota, a Honda est\u00e1 se inclinando para uma estrat\u00e9gia de m\u00faltiplos motores. Essa abordagem \u00e9 crucial, especialmente em tempos onde a demanda global por ve\u00edculos el\u00e9tricos apresenta varia\u00e7\u00f5es.<\/p>\n<h2>Que modelos usar\u00e3o a Plataforma PF2?<\/h2>\n<p>Falando mais especificamente sobre os modelos, o atual sed\u00e3 compacto premium da Honda, o City, ter\u00e1 uma nova gera\u00e7\u00e3o em 2028 que utilizar\u00e1 a plataforma PF2. Esta nova gera\u00e7\u00e3o promete um design menos tradicional e mais arrojado, alinhando-se \u00e0s novas exig\u00eancias do mercado e \u00e0s prefer\u00eancias dos consumidores.<\/p>\n<p>Al\u00e9m do sed\u00e3 City, outros modelos destinados a mercados emergentes tamb\u00e9m ser\u00e3o constru\u00eddos sobre esta nova base. Entre eles, destacam-se SUVs, incluindo um modelo de 7 lugares previsto para 2027. Essa diversidade de modelos demonstra o compromisso da Honda em atender a diferentes segmentos de mercado com efici\u00eancia e inova\u00e7\u00e3o.<\/p>\n<h2>Por que a Honda optou por uma plataforma multi-energia?<\/h2>\n<p>A decis\u00e3o de desenvolver uma plataforma multi-energia foi impulsionada pela queda na demanda por ve\u00edculos el\u00e9tricos em v\u00e1rias partes do mundo. Montadoras como Volvo e Chevrolet tamb\u00e9m t\u00eam revisado suas estrat\u00e9gias em fun\u00e7\u00e3o deste cen\u00e1rio. Com isso, os motores a combust\u00e3o acabam ganhando uma sobrevida, enquanto os h\u00edbridos ocupam um espa\u00e7o ainda maior no mercado.<\/p>\n<p>A Honda, conhecida por sua cautelosa transi\u00e7\u00e3o para modelos el\u00e9tricos, busca combinar o melhor de dois mundos: a confiabilidade e efici\u00eancia dos motores a combust\u00e3o com a inova\u00e7\u00e3o e sustentabilidade dos modelos h\u00edbridos e el\u00e9tricos.<\/p>\n<h2>Como a nova plataforma beneficiar\u00e1 o consumidor?<\/h2>\n<p>A introdu\u00e7\u00e3o da plataforma PF2 trar\u00e1 diversos benef\u00edcios aos consumidores, incluindo:<\/p>\n<ul>\n<li><strong>Versatilidade:<\/strong> Capacidade de escolher entre modelos a combust\u00e3o, h\u00edbridos ou el\u00e9tricos.<\/li>\n<li><strong>Efici\u00eancia:<\/strong> Melhoria na efici\u00eancia energ\u00e9tica dos ve\u00edculos.<\/li>\n<li><strong>Design Moderno:<\/strong> Novos modelos com design arrojado e inovador.<\/li>\n<li><strong>Durabilidade:<\/strong> Estrutura robusta e adapt\u00e1vel a diversas necessidades.<\/li>\n<\/ul>\n<p>Com essas vantagens, a Honda espera n\u00e3o s\u00f3 atender \u00e0s expectativas dos seus consumidores, mas tamb\u00e9m se posicionar fortemente no mercado automotivo global, oferecendo produtos que combinam tecnologia de ponta com sustentabilidade.<\/p>\n<p>Acompanhe as pr\u00f3ximas atualiza\u00e7\u00f5es sobre a plataforma PF2 e seus novos modelos, que prometem revolucionar o mercado de ve\u00edculos compactos com inova\u00e7\u00e3o e versatilidade.<\/p>\n<\/p><\/div>\n<p><br \/>\n<br \/><a href=\"https:\/\/terrabrasilnoticias.com\/2024\/08\/honda-aposta-em-multi-energia-nova-plataforma-para-modelos-compactos\/\">Source link <\/a><\/p>","protected":false},"excerpt":{"rendered":"<p>A fabricante japonesa Honda est\u00e1 trabalhando intensamente no desenvolvimento de uma nova plataforma inovadora chamada PF2. Destinada a modelos compactos da pr\u00f3xima gera\u00e7\u00e3o, esta plataforma promete ser uma estrutura \u201cmulti-energia\u201d,&hellip;<\/p>","protected":false},"author":1,"featured_media":16945,"comment_status":"closed","ping_status":"open","sticky":false,"template":"","format":"standard","meta":{"content-type":"","footnotes":""},"categories":[16],"tags":[123,1751,1985],"class_list":["post-16944","post","type-post","status-publish","format-standard","has-post-thumbnail","hentry","category-noticias","tag-brasil","tag-carros","tag-carros-eletricos"],"_links":{"self":[{"href":"https:\/\/tvbrazilusa.com\/pt\/wp-json\/wp\/v2\/posts\/16944","targetHints":{"allow":["GET"]}}],"collection":[{"href":"https:\/\/tvbrazilusa.com\/pt\/wp-json\/wp\/v2\/posts"}],"about":[{"href":"https:\/\/tvbrazilusa.com\/pt\/wp-json\/wp\/v2\/types\/post"}],"author":[{"embeddable":true,"href":"https:\/\/tvbrazilusa.com\/pt\/wp-json\/wp\/v2\/users\/1"}],"replies":[{"embeddable":true,"href":"https:\/\/tvbrazilusa.com\/pt\/wp-json\/wp\/v2\/comments?post=16944"}],"version-history":[{"count":1,"href":"https:\/\/tvbrazilusa.com\/pt\/wp-json\/wp\/v2\/posts\/16944\/revisions"}],"predecessor-version":[{"id":16946,"href":"https:\/\/tvbrazilusa.com\/pt\/wp-json\/wp\/v2\/posts\/16944\/revisions\/16946"}],"wp:featuredmedia":[{"embeddable":true,"href":"https:\/\/tvbrazilusa.com\/pt\/wp-json\/wp\/v2\/media\/16945"}],"wp:attachment":[{"href":"https:\/\/tvbrazilusa.com\/pt\/wp-json\/wp\/v2\/media?parent=16944"}],"wp:term":[{"taxonomy":"category","embeddable":true,"href":"https:\/\/tvbrazilusa.com\/pt\/wp-json\/wp\/v2\/categories?post=16944"},{"taxonomy":"post_tag","embeddable":true,"href":"https:\/\/tvbrazilusa.com\/pt\/wp-json\/wp\/v2\/tags?post=16944"}],"curies":[{"name":"wp","href":"https:\/\/api.w.org\/{rel}","templated":true}]}}