{"id":17004,"date":"2024-08-05T01:51:12","date_gmt":"2024-08-05T01:51:12","guid":{"rendered":"https:\/\/tvbrazilusa.com\/2024\/08\/05\/vozes-em-todo-o-mundo-expressam-preocupacao-com-o-aumento-de-prisoes-na-venezuela-apos-eleicao-contestada-wsvn-7news-noticias-de-miami-clima-esportes-fort-lauderdale\/"},"modified":"2024-08-05T02:02:25","modified_gmt":"2024-08-05T02:02:25","slug":"vozes-em-todo-o-mundo-expressam-preocupacao-com-o-aumento-de-prisoes-na-venezuela-apos-eleicao-contestada-wsvn-7news-noticias-de-miami-clima-esportes-fort-lauderdale","status":"publish","type":"post","link":"https:\/\/tvbrazilusa.com\/pt\/2024\/08\/05\/vozes-em-todo-o-mundo-expressam-preocupacao-com-o-aumento-de-prisoes-na-venezuela-apos-eleicao-contestada-wsvn-7news-noticias-de-miami-clima-esportes-fort-lauderdale\/","title":{"rendered":"Vozes em todo o mundo expressam preocupa\u00e7\u00e3o com o aumento de pris\u00f5es na Venezuela ap\u00f3s elei\u00e7\u00e3o contestada &#8211; WSVN 7News | Not\u00edcias de Miami, Clima, Esportes | Fort Lauderdale"},"content":{"rendered":"<p> <script async src=\"https:\/\/pagead2.googlesyndication.com\/pagead\/js\/adsbygoogle.js?client=ca-pub-8864793242727901\"\r\n     crossorigin=\"anonymous\"><\/script><br \/>\n<\/p>\n<div itemprop=\"articleBody\">\n<p>CARACAS, Venezuela (AP) \u2014 Vozes em todo o mundo expressaram preocupa\u00e7\u00e3o no domingo com o crescente n\u00famero de pris\u00f5es na Venezuela ap\u00f3s as elei\u00e7\u00f5es contestadas do \u00faltimo fim de semana.<\/p>\n<p>O Papa Francisco disse que a Venezuela est\u00e1 \u201cvivendo uma situa\u00e7\u00e3o cr\u00edtica\u201d em seus tradicionais coment\u00e1rios dominicais no Vaticano, acrescentando: \u201cApelo a todas as partes para que busquem a verdade, para evitar todos os tipos de viol\u00eancia\u201d.<\/p>\n<p>Os coment\u00e1rios vieram horas depois que o presidente venezuelano Nicol\u00e1s Maduro anunciou no s\u00e1bado que o governo prendeu 2.000 oponentes. Em um com\u00edcio na capital venezuelana Caracas, Maduro prometeu deter mais pessoas e mand\u00e1-las para a pris\u00e3o.<\/p>\n<p>O vice-conselheiro de Seguran\u00e7a Nacional dos EUA, Jon Finer, disse ao programa da CBS &#8220;Face the Nation&#8221; no domingo que o governo Biden est\u00e1 preocupado que as pris\u00f5es possam desencadear uma agita\u00e7\u00e3o mais ampla.<\/p>\n<p>\u201cEstamos preocupados com a perspectiva de instabilidade, caso essas deten\u00e7\u00f5es continuem\u201d, disse Finer.<\/p>\n<p>E em uma declara\u00e7\u00e3o, os l\u00edderes de v\u00e1rios pa\u00edses europeus, incluindo Fran\u00e7a, Espanha, Alemanha e It\u00e1lia, disseram que \u201cos direitos de todos os venezuelanos, especialmente os l\u00edderes pol\u00edticos, devem ser respeitados durante este processo. Condenamos veementemente quaisquer pris\u00f5es ou amea\u00e7as contra eles.\u201d<\/p>\n<p>As autoridades declararam o presidente Nicol\u00e1s Maduro o vencedor na elei\u00e7\u00e3o do \u00faltimo domingo, mas ainda n\u00e3o produziram as contagens de votos para provar que ele venceu. A oposi\u00e7\u00e3o alega ter folhas de contagem mostrando que venceu.<\/p>\n<p>Uma an\u00e1lise feita pela Associated Press na sexta-feira sobre as folhas de contagem de votos divulgadas pela coaliz\u00e3o de oposi\u00e7\u00e3o indica que seu candidato, Edmundo Gonz\u00e1lez, obteve significativamente mais votos do que o governo alegou, lan\u00e7ando s\u00e9rias d\u00favidas sobre a declara\u00e7\u00e3o oficial de que Maduro venceu.<\/p>\n<p>Tanto Gonz\u00e1lez, um ex-diplomata, quanto a l\u00edder da oposi\u00e7\u00e3o Mar\u00eda Corina Machado \u2014 que foi impedida pelo governo de concorrer \u2014 se esconderam, dizendo que temem ser presos ou mortos. Maduro e seus quadros amea\u00e7aram prend\u00ea-los.<\/p>\n<p>O governo prendeu centenas de apoiadores da oposi\u00e7\u00e3o que foram \u00e0s ruas nos dias seguintes \u00e0 disputada elei\u00e7\u00e3o.<\/p>\n<p>Machado enfrentou as amea\u00e7as para discursar em um grande com\u00edcio da oposi\u00e7\u00e3o no s\u00e1bado em Caracas, mas foi levado embora logo depois na garupa de uma motocicleta.<\/p>\n<p>\u201cAp\u00f3s seis dias de repress\u00e3o brutal, eles pensaram que iriam nos silenciar, intimidar ou paralisar\u201d, disse Machado no protesto. \u201cA presen\u00e7a de cada um de voc\u00eas aqui hoje representa o melhor da Venezuela.\u201d<\/p>\n<p>Poucas horas depois, Maduro novamente amea\u00e7ou prender Gonz\u00e1lez por n\u00e3o comparecer \u00e0 reuni\u00e3o do conselho eleitoral para a qual ele havia sido convocado. O conselho, como a maioria das partes do governo da Venezuela, \u00e9 completamente controlado por Maduro.<\/p>\n<p>\u201cVoc\u00ea enfrenta s\u00e9rias consequ\u00eancias legais por desobedecer \u00e0 Constitui\u00e7\u00e3o, aos tribunais e \u00e0 lei\u201d, disse Maduro sobre Gonz\u00e1lez.<\/p>\n<p>Maduro tamb\u00e9m prometeu continuar a usar m\u00e3o pesada contra seus oponentes, dizendo que 2.000 deles j\u00e1 foram presos.<\/p>\n<p>\u201cDesta vez n\u00e3o haver\u00e1 perd\u00e3o, desta vez haver\u00e1 Tocor\u00f3n\u201d, disse ele, referindo-se a uma pris\u00e3o not\u00f3ria.<\/p>\n<p>Na sexta-feira, agressores mascarados saquearam a sede da oposi\u00e7\u00e3o, levando documentos e vandalizando o espa\u00e7o.<\/p>\n<p>Em seu longo e desconexo discurso, Maduro fez amea\u00e7as, mas tamb\u00e9m pediu reconcilia\u00e7\u00e3o e paz, afirmando: \u201cH\u00e1 espa\u00e7o na Venezuela para todos\u201d e chamando-a de \u201ca terra aben\u00e7oada das oportunidades\u201d.<\/p>\n<p>A Venezuela det\u00e9m as maiores reservas comprovadas de petr\u00f3leo bruto do mundo e j\u00e1 teve a economia mais avan\u00e7ada da Am\u00e9rica Latina, mas entrou em queda livre marcada por hiperinfla\u00e7\u00e3o de 130.000% e escassez generalizada depois que Maduro assumiu o comando em 2013. Mais de 7,7 milh\u00f5es de venezuelanos fugiram do pa\u00eds desde 2014, o maior \u00eaxodo na hist\u00f3ria recente da Am\u00e9rica Latina.<\/p>\n<p>As san\u00e7\u00f5es dos EUA ao petr\u00f3leo s\u00f3 agravaram a situa\u00e7\u00e3o, e o governo Biden \u2014 que vinha flexibilizando essas restri\u00e7\u00f5es \u2014 agora provavelmente as intensificar\u00e1 novamente, a menos que Maduro concorde com algum tipo de transi\u00e7\u00e3o.<\/p>\n<p>Na sexta-feira \u00e0 noite, o tribunal superior da Venezuela, o Tribunal Supremo de Justi\u00e7a, ordenou que o Conselho Eleitoral Nacional controlado por Maduro entregasse as folhas de contagem de votos dos distritos eleitorais em tr\u00eas dias. Houve apelos de v\u00e1rios governos, incluindo os aliados regionais pr\u00f3ximos de Maduro, para que as autoridades eleitorais da Venezuela divulgassem as contagens em n\u00edvel de distrito eleitoral, como fizeram ap\u00f3s elei\u00e7\u00f5es anteriores.<\/p>\n<p>A AP processou quase 24.000 imagens de folhas de contagem, representando os resultados de 79% das m\u00e1quinas de vota\u00e7\u00e3o.<\/p>\n<p>De acordo com os c\u00e1lculos, Gonz\u00e1lez recebeu 6,89 milh\u00f5es de votos, quase meio milh\u00e3o a mais do que o governo diz que Maduro ganhou. As tabula\u00e7\u00f5es tamb\u00e9m mostram que Maduro recebeu 3,13 milh\u00f5es de votos das folhas de contagem divulgadas.<\/p>\n<p>Em compara\u00e7\u00e3o, o Conselho Eleitoral Nacional disse na sexta-feira que, com base em 96,87% das folhas de contagem, Maduro havia conquistado 6,4 milh\u00f5es de votos e Gonzalez tinha 5,3 milh\u00f5es. O presidente do Conselho Eleitoral Nacional, Elvis Amoroso, atribuiu o atraso no arquivamento dos resultados completos a ataques \u00e0 \u201cinfraestrutura tecnol\u00f3gica\u201d.<\/p>\n<p>Houve uma onda de esfor\u00e7os diplom\u00e1ticos do Brasil, Col\u00f4mbia e M\u00e9xico para convencer Maduro a permitir uma auditoria imparcial da vota\u00e7\u00e3o. Na quinta-feira, os governos dos tr\u00eas pa\u00edses emitiram uma declara\u00e7\u00e3o conjunta pedindo \u00e0s autoridades eleitorais da Venezuela que \u201cavancem rapidamente e divulguem publicamente\u201d dados detalhados da vota\u00e7\u00e3o.<\/p>\n<p><em>Copyright 2024 The Associated Press. Todos os direitos reservados. Este material n\u00e3o pode ser publicado, transmitido, reescrito ou redistribu\u00eddo.<\/em><\/p>\n<div class=\"wp-block-newsletter\">\n\t<strong class=\"wp-block-newsletter__title\">Inscreva-se em nossa Newsletter para receber as \u00faltimas not\u00edcias diretamente na sua caixa de entrada<\/strong><\/p>\n<\/div><\/div>\n<p><br \/>\n<br \/><a href=\"https:\/\/wsvn.com\/news\/us-world\/voices-across-the-globe-express-concern-over-increasing-arrests-in-venezuela-after-disputed-election\/\">Source link <\/a><\/p>","protected":false},"excerpt":{"rendered":"<p>CARACAS, Venezuela (AP) \u2014 Vozes em todo o mundo expressaram preocupa\u00e7\u00e3o no domingo com o crescente n\u00famero de pris\u00f5es na Venezuela ap\u00f3s as elei\u00e7\u00f5es contestadas do \u00faltimo fim de semana.&hellip;<\/p>","protected":false},"author":1,"featured_media":17005,"comment_status":"closed","ping_status":"open","sticky":false,"template":"","format":"standard","meta":{"content-type":"","footnotes":""},"categories":[1],"tags":[],"class_list":["post-17004","post","type-post","status-publish","format-standard","has-post-thumbnail","hentry","category-uncategorized"],"_links":{"self":[{"href":"https:\/\/tvbrazilusa.com\/pt\/wp-json\/wp\/v2\/posts\/17004","targetHints":{"allow":["GET"]}}],"collection":[{"href":"https:\/\/tvbrazilusa.com\/pt\/wp-json\/wp\/v2\/posts"}],"about":[{"href":"https:\/\/tvbrazilusa.com\/pt\/wp-json\/wp\/v2\/types\/post"}],"author":[{"embeddable":true,"href":"https:\/\/tvbrazilusa.com\/pt\/wp-json\/wp\/v2\/users\/1"}],"replies":[{"embeddable":true,"href":"https:\/\/tvbrazilusa.com\/pt\/wp-json\/wp\/v2\/comments?post=17004"}],"version-history":[{"count":1,"href":"https:\/\/tvbrazilusa.com\/pt\/wp-json\/wp\/v2\/posts\/17004\/revisions"}],"predecessor-version":[{"id":17006,"href":"https:\/\/tvbrazilusa.com\/pt\/wp-json\/wp\/v2\/posts\/17004\/revisions\/17006"}],"wp:featuredmedia":[{"embeddable":true,"href":"https:\/\/tvbrazilusa.com\/pt\/wp-json\/wp\/v2\/media\/17005"}],"wp:attachment":[{"href":"https:\/\/tvbrazilusa.com\/pt\/wp-json\/wp\/v2\/media?parent=17004"}],"wp:term":[{"taxonomy":"category","embeddable":true,"href":"https:\/\/tvbrazilusa.com\/pt\/wp-json\/wp\/v2\/categories?post=17004"},{"taxonomy":"post_tag","embeddable":true,"href":"https:\/\/tvbrazilusa.com\/pt\/wp-json\/wp\/v2\/tags?post=17004"}],"curies":[{"name":"wp","href":"https:\/\/api.w.org\/{rel}","templated":true}]}}