{"id":17010,"date":"2024-08-05T02:15:07","date_gmt":"2024-08-05T02:15:07","guid":{"rendered":"https:\/\/tvbrazilusa.com\/2024\/08\/05\/paul-pierce-rotula-a-posicao-de-jayson-tatum-no-banco-de-reservas-nas-olimpiadas-como-odio-ao-celtic\/"},"modified":"2024-08-05T02:17:33","modified_gmt":"2024-08-05T02:17:33","slug":"paul-pierce-rotula-a-posicao-de-jayson-tatum-no-banco-de-reservas-nas-olimpiadas-como-odio-ao-celtic","status":"publish","type":"post","link":"https:\/\/tvbrazilusa.com\/pt\/2024\/08\/05\/paul-pierce-rotula-a-posicao-de-jayson-tatum-no-banco-de-reservas-nas-olimpiadas-como-odio-ao-celtic\/","title":{"rendered":"Paul Pierce rotula a posi\u00e7\u00e3o de Jayson Tatum no banco de reservas nas Olimp\u00edadas como &#8220;\u00f3dio ao Celtic&#8221;"},"content":{"rendered":"<p> <script async src=\"https:\/\/pagead2.googlesyndication.com\/pagead\/js\/adsbygoogle.js?client=ca-pub-8864793242727901\"\r\n     crossorigin=\"anonymous\"><\/script><br \/>\n<\/p>\n<div id=\"\">\n<header class=\"m-article-header m-article-header--standard\">\n\t\t\t\t\t\t\t\t\t\t\t\t<span id=\"article-header-primary-term\"><br \/>\n\t\t\t\t\t\t\t\t<a class=\"a-term a-term--primary\" href=\"https:\/\/www.boston.com\/tag\/boston-celtics\/\"><\/p>\n<p>\t\t\t\t\t\t\t\tCeltas\t\t\t\t\t\t\t\t<\/a><br \/>\n\t\t\t\t\t\t\t<\/span><\/p>\n<h2 class=\"m-article-header__sub-headline\">&#8220;N\u00e3o acho que isso tenha sido humilhante. Foi mais como um tapa na cara.&#8221;<\/h2>\n<figure class=\"a-photo m-article-header__photo\"><figcaption class=\"a-photo__caption\">\n<p>\tPaul Pierce n\u00e3o ficou feliz em ver Jayson Tatum no banco na abertura da equipe dos EUA nas Olimp\u00edadas na semana passada. <em> (Jim Davis\/Equipe Globe)<\/em>\t<\/figcaption><\/figure>\n<\/header>\n<p>A surpreendente coloca\u00e7\u00e3o de Jayson Tatum no banco <a target=\"_blank\" href=\"https:\/\/www.boston.com\/sports\/boston-celtics\/2024\/07\/28\/jayson-tatum-steve-kerr-usa-benching-olympics\/\" rel=\"noreferrer noopener\">Vit\u00f3ria da sele\u00e7\u00e3o dos EUA sobre a S\u00e9rvia na abertura das Olimp\u00edadas<\/a> A semana passada continua sendo um assunto delicado para v\u00e1rios jogadores atuais e antigos da NBA.<\/p>\n<p><a href=\"https:\/\/www.boston.com\/sports\/boston-celtics\/2024\/05\/08\/paul-pierce-eddie-house-jayson-tatum-boston-celtics-playoffs-cavs\/\" target=\"_blank\" rel=\"noreferrer noopener\">Ex-estrela do Celtics (e famoso f\u00e3 de Tatum) Paul Pierce<\/a> juntou-se ao crescente coro de cr\u00edticos vocais da decis\u00e3o do t\u00e9cnico dos EUA, Steve Kerr, nos \u00faltimos dias.<\/p>\n<p>Embora Kerr tenha enfatizado ap\u00f3s a vit\u00f3ria do Time EUA sobre a S\u00e9rvia que a decis\u00e3o de deixar Tatum e Tyrese Haliburton fora de campo durante todo o jogo girou em torno dos confrontos e do desejo de reservar minutos para Kevin Durant depois de perder todos os jogos de exibi\u00e7\u00e3o dos EUA, Pierce acredita que a decis\u00e3o foi uma advert\u00eancia ao atual campe\u00e3o Celtics.  <\/p>\n<p>\u201cN\u00e3o acho que isso tenha sido humilhante. Foi mais como um tapa na cara\u201d, disse Pierce durante uma apari\u00e7\u00e3o no \u201cUndisputed\u201d da FS1 na sexta-feira. \u201cPense nisso: depois do jogo, Kerr ficou tipo, qual foi a palavra que ele usou? Ele se sentiu mal. Sentiu-se um idiota, e ent\u00e3o voc\u00ea tenta sentar (Joel) Embiid no pr\u00f3ximo jogo para meio que justificar isso. Tipo, &#39;Olha, eu sentei o MVP.&#39; N\u00e3o, n\u00e3o foi isso que aconteceu.<\/p>\n<p>\u201cS\u00f3 \u00f3dio celta. O bom e velho \u00f3dio celta\u201d, Pierce acrescentou. \u201c\u00c9 tudo o que sempre foi.\u201d<\/p>\n<figure class=\"wp-block-embed is-type-rich is-provider-twitter wp-block-embed-twitter\"\/>\n<p>Pierce est\u00e1 longe de ser a \u00fanica autoridade do basquete a se ofender com a sa\u00edda de Tatum do banco, que desempenhou um papel fundamental na conquista da medalha de ouro do Time EUA nas Olimp\u00edadas de Ver\u00e3o de 2020 em T\u00f3quio e \u00e9 considerado um dos melhores jogadores da liga.<\/p>\n<p>O ex-jogador do Celtics e atual personalidade da ESPN Kendrick Perkins \u2014 que tem sido um cr\u00edtico ferrenho de Tatum h\u00e1 anos \u2014 <a href=\"https:\/\/www.boston.com\/sports\/boston-celtics\/2024\/07\/30\/kendrick-perkins-jayson-tatum-benching-olympics-steve-kerr-team-usa\/\" target=\"_blank\" rel=\"noreferrer noopener\">rotulou isso como \u201cdesrespeito\u201d<\/a>enquanto at\u00e9 mesmo o pr\u00f3prio jogador de Kerr no Golden State, Draymond Green, tamb\u00e9m ficou confuso com a justificativa de seu treinador para colocar a estrela do Celtics no banco. <\/p>\n<p>\u201cVoc\u00ea n\u00e3o pode deixar de interpretar Jayson Tatum\u201d, disse Green no \u00faltimo epis\u00f3dio de seu podcast, <a href=\"https:\/\/www.boston.com\/sports\/boston-celtics\/2024\/08\/04\/jayson-tatum-benching-dramony-green-steve-kerr-quote-usa-olympics\/\" target=\"_blank\" rel=\"noreferrer noopener\">&#39;O Show de Draymond Green.&#39;<\/a> \u201cAquele cara acabou de ganhar um campeonato da NBA, ele est\u00e1 na capa da NBA 2K, na capa da Sports Illustrated, dizendo &#39;Cheers&#39;, e acabou de assinar o maior contrato da hist\u00f3ria da NBA. Ah, e a prop\u00f3sito, sua recompensa \u00e9 sentar e n\u00e3o jogar no primeiro jogo ol\u00edmpico.\u201d<\/p>\n<p>Desde que Tatum foi colocado no banco, Kerr o escalou em vit\u00f3rias consecutivas do Team USA sobre o Sud\u00e3o do Sul e Porto Rico. Tatum fez um double-double (10 pontos, 10 rebotes) na vit\u00f3ria do Team USA sobre Porto Rico no s\u00e1bado, ajudando seu time a terminar 3-0 na fase de grupos.<\/p>\n<p>Embora pare\u00e7a que a sa\u00edda de Tatum do banco possa ser um problema isolado, j\u00e1 que o time dos EUA busca levar para casa outra medalha de ouro, Pierce enfatizou que a vis\u00e3o da decis\u00e3o de Kerr ainda colocar\u00e1 Tatum em uma situa\u00e7\u00e3o ruim.<\/p>\n<p>\u201cEsse cara est\u00e1 saindo de um campeonato. Ele foi o primeiro time All-NBA por tr\u00eas anos seguidos\u201d, disse Pierce. \u201cSabe o que isso significa? Sou um dos cinco melhores jogadores do planeta. No planeta pelos \u00faltimos tr\u00eas anos. As pessoas acham que sou um dos cinco melhores jogadores do planeta e n\u00e3o consigo entrar em um jogo?<\/p>\n<p>\u201c\u2026 Deixe-me dizer uma coisa: Jayson Tatum se iguala a todo mundo\u201d, continuou Pierce. \u201c\u2026 Ele \u00e9 talentoso o suficiente para defender todas essas posi\u00e7\u00f5es. Por mais humilde que ele possa dizer, sim, ele pode dizer essas palavras, mas eu vou dizer que isso foi um insulto. Puro insulto a um jogador do calibre dele.\u201d<\/p>\n<div class=\"m-block m-generic-cta\t m-generic-cta--post-content\t m-generic-cta--dark\t m-generic-cta--homepage\t m-generic-cta--email-signup\t\t m-generic-cta-block-style--default \tt-amp__generic-cta\"><\/p>\n<div class=\"m-generic-cta__wrap\">\n<div class=\"m-generic-cta__content\">\n<h3 class=\"m-generic-cta__title\">Inscri\u00e7\u00e3o no boletim informativo<\/h3>\n<p class=\"m-generic-cta__subtitle\">Fique por dentro das \u00faltimas not\u00edcias do Boston.com<\/p>\n<\/p><\/div>\n<\/p><\/div>\n<\/div><\/div>\n<p><script>\n\t\tvar consent=\"grant\";\n\t\t\/* The above code is parsing the JSON data from the local storage and storing it in a variable. *\/\n\t\t\t\t\tconst onetrustStorageConsent = JSON.parse(localStorage.getItem( 'consent_one_trust_bdc' ) );\n\t\t\tif ( ( onetrustStorageConsent !== null ) ) {\n\t\t\t\t\/* Checking to see if the user has consented to the use of cookies.\n\t\t\t\t* If they have not, it is deleting the cookie.\n\t\t\t\t* This will comment for now, until further notice.\n\t\t\t\t*\/\n\t\t\t\t\/\/if ( onetrustStorageConsent.C0002 === false ) {\n\t\t\t\t\/\/\tdocument.cookie=\"_fbp=;expires=Thu, 01 Jan 2010 00:00:00 UTC; path=\/; domain=.boston.com\";\n\t\t\t\t\/\/}\n\t\t\t\t\/* Checking if the user has given consent for the cookie C0002.\n\t\t\t\t* If the user has given consent, the variable consent will be set to 'grant'.\n\t\t\t\t* If the user has not given consent,the variable consent will be set to 'revoke'.\n\t\t\t\t* Documentation https:\/\/developers.facebook.com\/docs\/meta-pixel\/implementation\/gdpr\n\t\t\t\t*\/\n\t\t\t\tif ( onetrustStorageConsent.C0002 !== true ) {\n\t\t\t\t\tconsent=\"revoke\";\n\t\t\t\t}\n\t\t\t}\n\t\t\t\t!function(f,b,e,v,n,t,s)\n\t\t{if(f.fbq)return;n=f.fbq=function(){n.callMethod?\n\t\tn.callMethod.apply(n,arguments):n.queue.push(arguments)};\n\t\tif(!f._fbq)f._fbq=n;n.push=n;n.loaded=!0;n.version='2.0';\n\t\tn.queue=[];t=b.createElement(e);t.async=!0;\n\t\tt.src=v;s=b.getElementsByTagName(e)[0];\n\t\ts.parentNode.insertBefore(t,s)}(window, document,'script',\n\t\t'https:\/\/connect.facebook.net\/en_US\/fbevents.js');\n\t\tfbq('consent', consent);\n\t\tfbq('init', '989222871864976');\n\t\tfbq('track', 'PageView');\n\t<\/script><script type=\"module\">\n\t\tvar consent=\"grant\";\n\t\t\/* The above code is parsing the JSON data from the local storage and storing it in a variable. *\/\n\t\t\tconst onetrustStorageConsent = JSON.parse(localStorage.getItem( 'consent_one_trust_bdc' ) );\n\t\t\t\/* Checking to see if the user has consented to the use of cookies.\n\t\t\t* If they have not, it is deleting the cookie.\n\t\t\t* This will comment for now, until further notice.\n\t\t\t*\/\n\t\t\t\/\/if ( onetrustStorageConsent.C0002 === false ) {\n\t\t\t\/\/\tdocument.cookie=\"_fbp=;expires=Thu, 01 Jan 2010 00:00:00 UTC; path=\/; domain=.boston.com\";\n\t\t\t\/\/}\n\t\t\t\/* Checking if the user has given consent for the cookie C0002.\n\t\t\t* If the user has given consent, the variable consent will be set to 'grant'.\n\t\t\t* If the user has not given consent,the variable consent will be set to 'revoke'.\n\t\t\t* Documentation https:\/\/developers.facebook.com\/docs\/meta-pixel\/implementation\/gdpr\n\t\t\t*\/\n\t\t\tif ( ( onetrustStorageConsent !== null ) && (onetrustStorageConsent.C0002 !== true ) ) {\n\t\t\t\tconsent=\"revoke\";\n\t\t\t}\n\t\t\t\t!function(f,b,e,v,n,t,s){if(f.fbq)return;n=f.fbq=function()\n\t\t{n.callMethod? n.callMethod.apply(n,arguments):n.queue.push(arguments)}\n\t\t;if(!f._fbq)f._fbq=n;\n\t\tn.push=n;n.loaded=!0;n.version='2.0';n.queue=[];t=b.createElement(e);t.async=!0;\n\t\tt.src=v;s=b.getElementsByTagName(e)[0];s.parentNode.insertBefore(t,s)}(window,\n\t\tdocument,'script','https:\/\/connect.facebook.net\/en_US\/fbevents.js');\n\t\tfbq('consent', consent);\n\t\tfbq('init', '813236348753005');\n\t\tfbq('track', \"PageView\");\n\t<\/script><br \/>\n<br \/><br \/>\n<br \/><a href=\"https:\/\/www.boston.com\/sports\/boston-celtics\/2024\/08\/04\/paul-pierce-jayson-tatum-team-usa-olympics-steve-kerr-benching\/\">Source link <\/a><\/p>","protected":false},"excerpt":{"rendered":"<p>Celtas &#8220;N\u00e3o acho que isso tenha sido humilhante. Foi mais como um tapa na cara.&#8221; Paul Pierce n\u00e3o ficou feliz em ver Jayson Tatum no banco na abertura da equipe&hellip;<\/p>","protected":false},"author":1,"featured_media":17011,"comment_status":"closed","ping_status":"open","sticky":false,"template":"","format":"standard","meta":{"content-type":"","footnotes":""},"categories":[1],"tags":[],"class_list":["post-17010","post","type-post","status-publish","format-standard","has-post-thumbnail","hentry","category-uncategorized"],"_links":{"self":[{"href":"https:\/\/tvbrazilusa.com\/pt\/wp-json\/wp\/v2\/posts\/17010","targetHints":{"allow":["GET"]}}],"collection":[{"href":"https:\/\/tvbrazilusa.com\/pt\/wp-json\/wp\/v2\/posts"}],"about":[{"href":"https:\/\/tvbrazilusa.com\/pt\/wp-json\/wp\/v2\/types\/post"}],"author":[{"embeddable":true,"href":"https:\/\/tvbrazilusa.com\/pt\/wp-json\/wp\/v2\/users\/1"}],"replies":[{"embeddable":true,"href":"https:\/\/tvbrazilusa.com\/pt\/wp-json\/wp\/v2\/comments?post=17010"}],"version-history":[{"count":1,"href":"https:\/\/tvbrazilusa.com\/pt\/wp-json\/wp\/v2\/posts\/17010\/revisions"}],"predecessor-version":[{"id":17012,"href":"https:\/\/tvbrazilusa.com\/pt\/wp-json\/wp\/v2\/posts\/17010\/revisions\/17012"}],"wp:featuredmedia":[{"embeddable":true,"href":"https:\/\/tvbrazilusa.com\/pt\/wp-json\/wp\/v2\/media\/17011"}],"wp:attachment":[{"href":"https:\/\/tvbrazilusa.com\/pt\/wp-json\/wp\/v2\/media?parent=17010"}],"wp:term":[{"taxonomy":"category","embeddable":true,"href":"https:\/\/tvbrazilusa.com\/pt\/wp-json\/wp\/v2\/categories?post=17010"},{"taxonomy":"post_tag","embeddable":true,"href":"https:\/\/tvbrazilusa.com\/pt\/wp-json\/wp\/v2\/tags?post=17010"}],"curies":[{"name":"wp","href":"https:\/\/api.w.org\/{rel}","templated":true}]}}