{"id":17013,"date":"2024-08-05T02:22:03","date_gmt":"2024-08-05T02:22:03","guid":{"rendered":"https:\/\/tvbrazilusa.com\/2024\/08\/05\/alexandre-de-moraes-intima-pgr-sobre-pedido-da-defesa-de-daniel-silveira-paulo-figueiredo\/"},"modified":"2024-08-05T02:24:12","modified_gmt":"2024-08-05T02:24:12","slug":"alexandre-de-moraes-intima-pgr-sobre-pedido-da-defesa-de-daniel-silveira-paulo-figueiredo","status":"publish","type":"post","link":"https:\/\/tvbrazilusa.com\/pt\/2024\/08\/05\/alexandre-de-moraes-intima-pgr-sobre-pedido-da-defesa-de-daniel-silveira-paulo-figueiredo\/","title":{"rendered":"Alexandre de Moraes intima PGR sobre pedido da defesa de Daniel Silveira &#8211; Paulo Figueiredo"},"content":{"rendered":"<p> <script async src=\"https:\/\/pagead2.googlesyndication.com\/pagead\/js\/adsbygoogle.js?client=ca-pub-8864793242727901\"\r\n     crossorigin=\"anonymous\"><\/script><br \/>\n<\/p>\n<div id=\"wtr-content\" data-bg=\"#FFFFFF\" data-fg=\"#006d91\" data-width=\"25\" data-mute=\"1\" data-fgopacity=\"1.00\" data-mutedopacity=\"0.5\" data-placement=\"bottom\" data-placement-offset=\"0\" data-content-offset=\"262\" data-placement-touch=\"bottom\" data-placement-offset-touch=\"0\" data-transparent=\"\" data-shadow=\"0\" data-touch=\"1\" data-non-touch=\"1\" data-comments=\"0\" data-commentsbg=\"transparent\" data-location=\"page\" data-mutedfg=\"#006d91\" data-endfg=\"#006d91\" data-rtl=\"\">\n<h3><span style=\"font-size: revert; color: initial;\">O ex-deputado federal Daniel Silveira est\u00e1 detido h\u00e1 mais tempo do que deveria para adquirir o direito de progress\u00e3o de regime<\/span><\/h3>\n<p><span style=\"font-size: revert; color: initial;\">O advogado Paulo Faria afirma que Silveira j\u00e1 cumpriu os requisitos para ir ao regime semiaberto, mas sua mudan\u00e7a de regime est\u00e1 sendo \u201catrasada\u201d pelo Supremo Tribunal Federal (STF).<\/span><\/p>\n<div>\n<p>O ministro Alexandre de Moraes, respons\u00e1vel pelo caso no STF, determinou que a Procuradoria-Geral da Rep\u00fablica (PGR) se manifeste sobre o pedido de progress\u00e3o de regime feito pela defesa. No entanto, at\u00e9 agora, Moraes tem rejeitado todos os pedidos.<\/p>\n<p>Paulo Faria, advogado de Daniel Silveira, est\u00e1 em uma batalha h\u00e1 semanas para que seu cliente v\u00e1 para o regime semiaberto. O ex-deputado j\u00e1 deveria ter obtido a progress\u00e3o h\u00e1 98 dias. A defesa afirma que Moraes j\u00e1 teve a comprova\u00e7\u00e3o do pagamento da multa e que n\u00e3o h\u00e1 raz\u00e3o para procrastinar a decis\u00e3o.<\/p>\n<p><strong>\u201cEntendo que esse ato \u00e9 desnecess\u00e1rio, pois Moraes j\u00e1 teve a comprova\u00e7\u00e3o do pagamento da multa, e no entender da defesa, ele est\u00e1 procrastinando a progress\u00e3o de Daniel, mais uma vez, utilizando-se de subterf\u00fagios e amarras para deix\u00e1-lo preso, ilegalmente\u201d,<\/strong> declarou Paulo Faria.<\/p>\n<h3 class=\"wp-block-heading\">Relembre o caso<\/h3>\n<p>A condena\u00e7\u00e3o de Daniel Silveira teve in\u00edcio em 17 de fevereiro de 2021, quando foi denunciado pela Procuradoria-Geral da Rep\u00fablica. Em abril de 2022, o STF condenou o ex-deputado a oito anos e nove meses de pris\u00e3o. No dia seguinte \u00e0 decis\u00e3o, o ent\u00e3o presidente Jair Bolsonaro concedeu um indulto a Silveira, perdoando a pena.<\/p>\n<p>Por\u00e9m, em maio de 2023, os ministros anularam o benef\u00edcio concedido por Bolsonaro, mantendo Silveira preso. Desde ent\u00e3o, a defesa tenta a progress\u00e3o para o regime semiaberto, mas sem sucesso.<\/p>\n<p>A determina\u00e7\u00e3o de Alexandre de Moraes para que a PGR se manifeste sobre o caso pode ser um novo cap\u00edtulo nesta saga judicial. Paulo Faria espera que a resposta da PGR seja positiva e que contribua para a obten\u00e7\u00e3o da progress\u00e3o de regime para seu cliente.<\/p>\n<p>Enquanto isso, a defesa de Daniel Silveira continua argumentando que seu cliente j\u00e1 cumpriu 25% da pena e que h\u00e1 embasamento legal suficiente para a progress\u00e3o de regime.<\/p>\n<\/div>\n<p><a href=\"https:\/\/terrabrasilnoticias.com\/2024\/08\/alexandre-de-moraes-intima-pgr-sobre-pedido-da-defesa-de-daniel-silveira\/\">Source link <\/a><\/p>\n<\/div>\n<p><br \/>\n<br \/><a href=\"https:\/\/paulofigueiredoshow.com\/alexandre-de-moraes-intima-pgr-sobre-pedido-da-defesa-de-daniel-silveira\/\">Source link <\/a><\/p>","protected":false},"excerpt":{"rendered":"<p>O ex-deputado federal Daniel Silveira est\u00e1 detido h\u00e1 mais tempo do que deveria para adquirir o direito de progress\u00e3o de regime O advogado Paulo Faria afirma que Silveira j\u00e1 cumpriu&hellip;<\/p>","protected":false},"author":1,"featured_media":17014,"comment_status":"closed","ping_status":"open","sticky":false,"template":"","format":"standard","meta":{"content-type":"","footnotes":""},"categories":[16],"tags":[1746,920,972,7731,425,295,699,1042,76],"class_list":["post-17013","post","type-post","status-publish","format-standard","has-post-thumbnail","hentry","category-noticias","tag-alexandre","tag-daniel","tag-defesa","tag-intima","tag-moraes","tag-pedido","tag-pgr","tag-silveira","tag-sobre"],"_links":{"self":[{"href":"https:\/\/tvbrazilusa.com\/pt\/wp-json\/wp\/v2\/posts\/17013","targetHints":{"allow":["GET"]}}],"collection":[{"href":"https:\/\/tvbrazilusa.com\/pt\/wp-json\/wp\/v2\/posts"}],"about":[{"href":"https:\/\/tvbrazilusa.com\/pt\/wp-json\/wp\/v2\/types\/post"}],"author":[{"embeddable":true,"href":"https:\/\/tvbrazilusa.com\/pt\/wp-json\/wp\/v2\/users\/1"}],"replies":[{"embeddable":true,"href":"https:\/\/tvbrazilusa.com\/pt\/wp-json\/wp\/v2\/comments?post=17013"}],"version-history":[{"count":1,"href":"https:\/\/tvbrazilusa.com\/pt\/wp-json\/wp\/v2\/posts\/17013\/revisions"}],"predecessor-version":[{"id":17015,"href":"https:\/\/tvbrazilusa.com\/pt\/wp-json\/wp\/v2\/posts\/17013\/revisions\/17015"}],"wp:featuredmedia":[{"embeddable":true,"href":"https:\/\/tvbrazilusa.com\/pt\/wp-json\/wp\/v2\/media\/17014"}],"wp:attachment":[{"href":"https:\/\/tvbrazilusa.com\/pt\/wp-json\/wp\/v2\/media?parent=17013"}],"wp:term":[{"taxonomy":"category","embeddable":true,"href":"https:\/\/tvbrazilusa.com\/pt\/wp-json\/wp\/v2\/categories?post=17013"},{"taxonomy":"post_tag","embeddable":true,"href":"https:\/\/tvbrazilusa.com\/pt\/wp-json\/wp\/v2\/tags?post=17013"}],"curies":[{"name":"wp","href":"https:\/\/api.w.org\/{rel}","templated":true}]}}