{"id":17033,"date":"2024-08-05T02:26:40","date_gmt":"2024-08-05T02:26:40","guid":{"rendered":"https:\/\/tvbrazilusa.com\/2024\/08\/05\/partido-de-tabata-amaral-aciona-justica-eleitoral-contra-ricardo-nunes-paulo-figueiredo\/"},"modified":"2024-08-05T02:54:25","modified_gmt":"2024-08-05T02:54:25","slug":"partido-de-tabata-amaral-aciona-justica-eleitoral-contra-ricardo-nunes-paulo-figueiredo","status":"publish","type":"post","link":"https:\/\/tvbrazilusa.com\/pt\/2024\/08\/05\/partido-de-tabata-amaral-aciona-justica-eleitoral-contra-ricardo-nunes-paulo-figueiredo\/","title":{"rendered":"Partido de Tabata Amaral aciona justi\u00e7a eleitoral contra Ricardo Nunes &#8211; Paulo Figueiredo"},"content":{"rendered":"<p> <script async src=\"https:\/\/pagead2.googlesyndication.com\/pagead\/js\/adsbygoogle.js?client=ca-pub-8864793242727901\"\r\n     crossorigin=\"anonymous\"><\/script><br \/>\n<\/p>\n<div id=\"wtr-content\" data-bg=\"#FFFFFF\" data-fg=\"#006d91\" data-width=\"25\" data-mute=\"1\" data-fgopacity=\"1.00\" data-mutedopacity=\"0.5\" data-placement=\"bottom\" data-placement-offset=\"0\" data-content-offset=\"262\" data-placement-touch=\"bottom\" data-placement-offset-touch=\"0\" data-transparent=\"\" data-shadow=\"0\" data-touch=\"1\" data-non-touch=\"1\" data-comments=\"0\" data-commentsbg=\"transparent\" data-location=\"page\" data-mutedfg=\"#006d91\" data-endfg=\"#006d91\" data-rtl=\"\">\n<h3><span style=\"font-size: revert; color: initial;\">O diret\u00f3rio municipal do <\/span><strong style=\"font-size: revert; color: initial;\">PSB<\/strong><span style=\"font-size: revert; color: initial;\"> em S\u00e3o Paulo protocolou uma representa\u00e7\u00e3o na Justi\u00e7a Eleitoral contra o prefeito e candidato \u00e0 reelei\u00e7\u00e3o, Ricardo Nunes (<\/span><strong style=\"font-size: revert; color: initial;\">MDB<\/strong><span style=\"font-size: revert; color: initial;\">).<\/span><\/h3>\n<div>\n<p>O partido da candidata <strong>Tabata Amaral<\/strong> acusa Nunes de realizar propaganda eleitoral antecipada durante a conven\u00e7\u00e3o que oficializou sua candidatura, realizada neste s\u00e1bado na Assembleia Legislativa de S\u00e3o Paulo (Alesp).<\/p>\n<p>Os advogados do PSB argumentam que Nunes \u201cfez ostensivo uso\u201d de adesivos com o n\u00famero de sua chapa. Eles destacam que o adesivo estava em posi\u00e7\u00e3o de destaque junto ao peito do prefeito com a mensagem: <strong>\u201cCuidar de Gente \u00e9 15\u201d<\/strong>.<\/p>\n<p>O <strong>PSB<\/strong> solicitou \u00e0 Justi\u00e7a a intima\u00e7\u00e3o do prefeito, al\u00e9m da aplica\u00e7\u00e3o de uma multa de at\u00e9 R$ 25 mil. O caso ser\u00e1 julgado na 2\u00aa Zona Eleitoral de S\u00e3o Paulo.<\/p>\n<p>Em resposta \u00e0s acusa\u00e7\u00f5es, a campanha de Ricardo Nunes se manifestou atrav\u00e9s de uma nota emitida pelo assessor jur\u00eddico, <strong>Ricardo Penteado<\/strong>. Na nota, \u00e9 mencionado que a propaganda eleitoral antecipada s\u00f3 se caracteriza pelo pedido expl\u00edcito de votos, o que, segundo eles, n\u00e3o aconteceu.<\/p>\n<p>De acordo com a defesa de Nunes, o n\u00famero 15 \u00e9 apenas o n\u00famero do partido do prefeito (MDB). Al\u00e9m disso, destacaram que Tabata Amaral tamb\u00e9m utilizou o n\u00famero do seu partido (PSB) ao discursar em sua conven\u00e7\u00e3o.<\/p>\n<p>A assessoria jur\u00eddica de <strong>Tabata Amaral<\/strong> contestou a defesa de Ricardo Nunes. Eles argumentam que, na conven\u00e7\u00e3o de Nunes, o n\u00famero 15 n\u00e3o estava identificado como n\u00famero do partido, mas sim como o n\u00famero do candidato, j\u00e1 que estava ao lado do retrato do atual prefeito, sem qualquer men\u00e7\u00e3o expl\u00edcita ao partido MDB.<\/p>\n<\/div>\n<p><a href=\"https:\/\/terrabrasilnoticias.com\/2024\/08\/partido-de-tabata-amaral-aciona-justica-eleitoral-contra-ricardo-nunes\/\">Source link <\/a><\/p>\n<\/div>\n<p><br \/>\n<br \/><a href=\"https:\/\/paulofigueiredoshow.com\/partido-de-tabata-amaral-aciona-justica-eleitoral-contra-ricardo-nunes\/\">Source link <\/a><\/p>","protected":false},"excerpt":{"rendered":"<p>O diret\u00f3rio municipal do PSB em S\u00e3o Paulo protocolou uma representa\u00e7\u00e3o na Justi\u00e7a Eleitoral contra o prefeito e candidato \u00e0 reelei\u00e7\u00e3o, Ricardo Nunes (MDB). O partido da candidata Tabata Amaral&hellip;<\/p>","protected":false},"author":1,"featured_media":17034,"comment_status":"closed","ping_status":"open","sticky":false,"template":"","format":"standard","meta":{"content-type":"","footnotes":""},"categories":[16],"tags":[7762,7763,94,4163,1056,174,80,72,3038],"class_list":["post-17033","post","type-post","status-publish","format-standard","has-post-thumbnail","hentry","category-noticias","tag-aciona","tag-amaral","tag-contra","tag-eleitoral","tag-justica","tag-nunes","tag-partido","tag-ricardo","tag-tabata"],"_links":{"self":[{"href":"https:\/\/tvbrazilusa.com\/pt\/wp-json\/wp\/v2\/posts\/17033","targetHints":{"allow":["GET"]}}],"collection":[{"href":"https:\/\/tvbrazilusa.com\/pt\/wp-json\/wp\/v2\/posts"}],"about":[{"href":"https:\/\/tvbrazilusa.com\/pt\/wp-json\/wp\/v2\/types\/post"}],"author":[{"embeddable":true,"href":"https:\/\/tvbrazilusa.com\/pt\/wp-json\/wp\/v2\/users\/1"}],"replies":[{"embeddable":true,"href":"https:\/\/tvbrazilusa.com\/pt\/wp-json\/wp\/v2\/comments?post=17033"}],"version-history":[{"count":1,"href":"https:\/\/tvbrazilusa.com\/pt\/wp-json\/wp\/v2\/posts\/17033\/revisions"}],"predecessor-version":[{"id":17035,"href":"https:\/\/tvbrazilusa.com\/pt\/wp-json\/wp\/v2\/posts\/17033\/revisions\/17035"}],"wp:featuredmedia":[{"embeddable":true,"href":"https:\/\/tvbrazilusa.com\/pt\/wp-json\/wp\/v2\/media\/17034"}],"wp:attachment":[{"href":"https:\/\/tvbrazilusa.com\/pt\/wp-json\/wp\/v2\/media?parent=17033"}],"wp:term":[{"taxonomy":"category","embeddable":true,"href":"https:\/\/tvbrazilusa.com\/pt\/wp-json\/wp\/v2\/categories?post=17033"},{"taxonomy":"post_tag","embeddable":true,"href":"https:\/\/tvbrazilusa.com\/pt\/wp-json\/wp\/v2\/tags?post=17033"}],"curies":[{"name":"wp","href":"https:\/\/api.w.org\/{rel}","templated":true}]}}