{"id":17036,"date":"2024-08-05T02:46:57","date_gmt":"2024-08-05T02:46:57","guid":{"rendered":"https:\/\/tvbrazilusa.com\/2024\/08\/05\/harvard-seleciona-atual-presidente-interino-para-servir-como-presidente-ate-2027\/"},"modified":"2024-08-05T03:00:00","modified_gmt":"2024-08-05T03:00:00","slug":"harvard-seleciona-atual-presidente-interino-para-servir-como-presidente-ate-2027","status":"publish","type":"post","link":"https:\/\/tvbrazilusa.com\/pt\/2024\/08\/05\/harvard-seleciona-atual-presidente-interino-para-servir-como-presidente-ate-2027\/","title":{"rendered":"Harvard seleciona atual presidente interino para servir como presidente at\u00e9 2027"},"content":{"rendered":"<p> <script async src=\"https:\/\/pagead2.googlesyndication.com\/pagead\/js\/adsbygoogle.js?client=ca-pub-8864793242727901\"\r\n     crossorigin=\"anonymous\"><\/script><br \/>\n<\/p>\n<div id=\"\">\n<header class=\"m-article-header m-article-header--standard\">\n\t\t\t\t\t\t\t\t\t\t\t\t<span id=\"article-header-primary-term\"><br \/>\n\t\t\t\t\t\t\t\t<a class=\"a-term a-term--primary\" href=\"https:\/\/www.boston.com\/tag\/local-news\/\"><\/p>\n<p>\t\t\t\t\t\t\t\tNot\u00edcias locais\t\t\t\t\t\t\t\t<\/a><br \/>\n\t\t\t\t\t\t\t<\/span><\/p>\n<h2 class=\"m-article-header__sub-headline\">Alan Garber foi escolhido como presidente interino depois que a ex-presidente Claudine Gay deixou o cargo em janeiro e servir\u00e1 at\u00e9 2027.<\/h2>\n<figure class=\"a-photo m-article-header__photo\"><figcaption class=\"a-photo__caption\">\n<p>\tAlan Garber discursa para a multid\u00e3o durante a 373\u00aa cerim\u00f4nia de formatura na Universidade Harvard em Cambridge, MA, em 23 de maio de 2024. <em> (Craig F. Walker\/Equipe Globe)<\/em>\t<\/figcaption><\/figure>\n<\/header>\n<p>O presidente interino da Universidade de Harvard, Alan Garber, foi escolhido para atuar como presidente oficial da escola pelos pr\u00f3ximos tr\u00eas anos, informou a Harvard Corporation.<\/p>\n<p>Garber foi nomeado interino em janeiro ap\u00f3s o <a href=\"https:\/\/www.boston.com\/news\/local-news\/2024\/01\/02\/harvard-president-claudine-gay-resigning\/\">ren\u00fancia de alto perfil<\/a> da ex-presidente Claudine Gay ap\u00f3s cr\u00edticas sobre suposto antissemitismo no campus e alega\u00e7\u00f5es de <a href=\"https:\/\/www.boston.com\/news\/local-news\/2024\/01\/22\/plagiarism-probe-finds-some-problems-with-former-harvard-president-claudine-gays-work\/\">pl\u00e1gio<\/a> em seu trabalho.<\/p>\n<p>Ele permanecer\u00e1 no cargo durante o ano letivo de 2026-2027. Harvard disse que eles iniciar\u00e3o a busca por seu sucessor no final da primavera ou ver\u00e3o de 2026.<\/p>\n<p>Garber, economista e m\u00e9dico, foi reitor e diretor acad\u00eamico da <a href=\"https:\/\/www.boston.com\/tag\/harvard-university\/\">Harvard<\/a> por 12 anos. Penny Pritzker, membro s\u00eanior da Harvard Corporation, disse que Garber j\u00e1 \u201cfez um trabalho extraordin\u00e1rio liderando Harvard por desafios extraordin\u00e1rios\u201d.<\/p>\n<p>\u201cPedimos que ele ostentasse o t\u00edtulo de presidente, n\u00e3o apenas de presidente interino, tanto para reconhecer seu distinto servi\u00e7o \u00e0 Universidade quanto para ressaltar nossa cren\u00e7a de que este \u00e9 um momento n\u00e3o apenas para uma administra\u00e7\u00e3o firme, mas para uma lideran\u00e7a ativa e engajada\u201d, escreveu Pritzker, representando os conselhos de administra\u00e7\u00e3o da universidade.<\/p>\n<p>Desde que Garber assumiu as opera\u00e7\u00f5es, Harvard tomou a decis\u00e3o de <a href=\"https:\/\/www.boston.com\/news\/local-news\/2024\/05\/28\/harvard-will-no-longer-make-public-statements-on-political-social-issues-administration-says\/\">n\u00e3o fazer mais declara\u00e7\u00f5es p\u00fablicas<\/a> sobre quest\u00f5es pol\u00edticas e sociais. Em junho, Harvard tamb\u00e9m anunciou candidatos a funcion\u00e1rios para a Faculdade de Artes e Ci\u00eancias da universidade <a href=\"https:\/\/www.boston.com\/news\/local-news\/2024\/06\/03\/dei-statements-no-longer-required-for-many-harvard-faculty-applicants\/\">n\u00e3o vai mais <\/a>precisam enviar declara\u00e7\u00f5es sobre seu plano para promover \u201cdiversidade, inclus\u00e3o e pertencimento\u201d. <\/p>\n<p>Essas mudan\u00e7as ocorreram ap\u00f3s um ano tumultuado para a escola da Ivy League. Gay representou Harvard em uma audi\u00eancia do congresso sobre antissemitismo em dezembro, onde respondeu a perguntas sobre a prote\u00e7\u00e3o de estudantes judeus desde os ataques de outubro em Israel. <\/p>\n<p>Durante <a href=\"https:\/\/rollcall.com\/2023\/12\/13\/transcript-what-harvard-mit-and-penn-presidents-said-at-antisemitism-hearing\/\">questionando<\/a> por um legislador republicano sobre se os apelos ao genoc\u00eddio dos judeus \u2014 inferidos atrav\u00e9s do uso do termo \u201cintifada\u201d \u2014 violariam o c\u00f3digo de conduta da universidade, Gay disse que dependeria do contexto e <a href=\"https:\/\/www.boston.com\/news\/local-news\/2023\/12\/08\/harvard-president-apologizes-antisemitism-remarks\/\">mais tarde pediu desculpas<\/a>. Gay e a universidade resistiram aos apelos iniciais para que ela renunciasse, mas <a href=\"https:\/\/www.boston.com\/news\/local-news\/2024\/01\/02\/harvard-president-claudine-gay-full-resignation-letter\/\">sua ren\u00fancia veio um m\u00eas depois<\/a>.<\/p>\n<p>Com Garber no comando, <a href=\"https:\/\/www.boston.com\/news\/local-news\/2024\/01\/19\/harvard-creates-task-forces-on-antisemitism-and-islamophobia\/\">mais tarde em janeiro<\/a>a universidade anunciou for\u00e7as-tarefa para combater o antissemitismo e a islamofobia. <\/p>\n<p>A universidade ent\u00e3o mais tarde <a href=\"https:\/\/www.boston.com\/news\/local-news\/2024\/04\/24\/harvard-students-set-up-tents-in-harvard-yard-joining-nationwide-pro-palestine-encampment-movement\/\">virou manchete<\/a> com um acampamento em Harvard Yard, ao qual Harvard inicialmente resistiu bloqueando o acesso ao espa\u00e7o verde. As tendas permaneceram por 20 dias de abril a maio, e 13 alunos tiveram seus diplomas inicialmente retidos por seu envolvimento. Harvard mais tarde <a href=\"https:\/\/www.boston.com\/news\/local-news\/2024\/07\/24\/harvard-awards-11-degrees-initially-withheld-from-pro-palestinian-protesters\/\">premiou 11 desses alunos<\/a> seus graus.<\/p>\n<p>No dele <a href=\"https:\/\/www.harvard.edu\/president\/news\/2024\/todays-announcement\/\">declara\u00e7\u00e3o pr\u00f3pria<\/a>Garber reconheceu o \u201cmomento desafiador\u201d que Harvard est\u00e1 enfrentando. <\/p>\n<p>\u201cSei que somos capazes de encontrar nosso caminho juntos porque compartilhamos uma devo\u00e7\u00e3o ao aprendizado e porque reconhecemos nosso pluralismo como uma fonte de nossa for\u00e7a\u201d, escreveu Garber.<\/p>\n<div class=\"m-block m-generic-cta\t m-generic-cta--post-content\t m-generic-cta--dark\t m-generic-cta--homepage\t m-generic-cta--email-signup\t\t m-generic-cta-block-style--default \tt-amp__generic-cta\"><\/p>\n<div class=\"m-generic-cta__wrap\">\n<div class=\"m-generic-cta__content\">\n<h3 class=\"m-generic-cta__title\">Inscri\u00e7\u00e3o no boletim informativo<\/h3>\n<p class=\"m-generic-cta__subtitle\">Fique por dentro das \u00faltimas not\u00edcias do Boston.com<\/p>\n<\/p><\/div>\n<\/p><\/div>\n<\/div><\/div>\n<p><script>\n\t\tvar consent=\"grant\";\n\t\t\/* The above code is parsing the JSON data from the local storage and storing it in a variable. *\/\n\t\t\t\t\tconst onetrustStorageConsent = JSON.parse(localStorage.getItem( 'consent_one_trust_bdc' ) );\n\t\t\tif ( ( onetrustStorageConsent !== null ) ) {\n\t\t\t\t\/* Checking to see if the user has consented to the use of cookies.\n\t\t\t\t* If they have not, it is deleting the cookie.\n\t\t\t\t* This will comment for now, until further notice.\n\t\t\t\t*\/\n\t\t\t\t\/\/if ( onetrustStorageConsent.C0002 === false ) {\n\t\t\t\t\/\/\tdocument.cookie=\"_fbp=;expires=Thu, 01 Jan 2010 00:00:00 UTC; path=\/; domain=.boston.com\";\n\t\t\t\t\/\/}\n\t\t\t\t\/* Checking if the user has given consent for the cookie C0002.\n\t\t\t\t* If the user has given consent, the variable consent will be set to 'grant'.\n\t\t\t\t* If the user has not given consent,the variable consent will be set to 'revoke'.\n\t\t\t\t* Documentation https:\/\/developers.facebook.com\/docs\/meta-pixel\/implementation\/gdpr\n\t\t\t\t*\/\n\t\t\t\tif ( onetrustStorageConsent.C0002 !== true ) {\n\t\t\t\t\tconsent=\"revoke\";\n\t\t\t\t}\n\t\t\t}\n\t\t\t\t!function(f,b,e,v,n,t,s)\n\t\t{if(f.fbq)return;n=f.fbq=function(){n.callMethod?\n\t\tn.callMethod.apply(n,arguments):n.queue.push(arguments)};\n\t\tif(!f._fbq)f._fbq=n;n.push=n;n.loaded=!0;n.version='2.0';\n\t\tn.queue=[];t=b.createElement(e);t.async=!0;\n\t\tt.src=v;s=b.getElementsByTagName(e)[0];\n\t\ts.parentNode.insertBefore(t,s)}(window, document,'script',\n\t\t'https:\/\/connect.facebook.net\/en_US\/fbevents.js');\n\t\tfbq('consent', consent);\n\t\tfbq('init', '989222871864976');\n\t\tfbq('track', 'PageView');\n\t<\/script><script type=\"module\">\n\t\tvar consent=\"grant\";\n\t\t\/* The above code is parsing the JSON data from the local storage and storing it in a variable. *\/\n\t\t\tconst onetrustStorageConsent = JSON.parse(localStorage.getItem( 'consent_one_trust_bdc' ) );\n\t\t\t\/* Checking to see if the user has consented to the use of cookies.\n\t\t\t* If they have not, it is deleting the cookie.\n\t\t\t* This will comment for now, until further notice.\n\t\t\t*\/\n\t\t\t\/\/if ( onetrustStorageConsent.C0002 === false ) {\n\t\t\t\/\/\tdocument.cookie=\"_fbp=;expires=Thu, 01 Jan 2010 00:00:00 UTC; path=\/; domain=.boston.com\";\n\t\t\t\/\/}\n\t\t\t\/* Checking if the user has given consent for the cookie C0002.\n\t\t\t* If the user has given consent, the variable consent will be set to 'grant'.\n\t\t\t* If the user has not given consent,the variable consent will be set to 'revoke'.\n\t\t\t* Documentation https:\/\/developers.facebook.com\/docs\/meta-pixel\/implementation\/gdpr\n\t\t\t*\/\n\t\t\tif ( ( onetrustStorageConsent !== null ) && (onetrustStorageConsent.C0002 !== true ) ) {\n\t\t\t\tconsent=\"revoke\";\n\t\t\t}\n\t\t\t\t!function(f,b,e,v,n,t,s){if(f.fbq)return;n=f.fbq=function()\n\t\t{n.callMethod? n.callMethod.apply(n,arguments):n.queue.push(arguments)}\n\t\t;if(!f._fbq)f._fbq=n;\n\t\tn.push=n;n.loaded=!0;n.version='2.0';n.queue=[];t=b.createElement(e);t.async=!0;\n\t\tt.src=v;s=b.getElementsByTagName(e)[0];s.parentNode.insertBefore(t,s)}(window,\n\t\tdocument,'script','https:\/\/connect.facebook.net\/en_US\/fbevents.js');\n\t\tfbq('consent', consent);\n\t\tfbq('init', '813236348753005');\n\t\tfbq('track', \"PageView\");\n\t<\/script><br \/>\n<br \/><br \/>\n<br \/><a href=\"https:\/\/www.boston.com\/news\/local-news\/2024\/08\/04\/harvard-selects-interim-president-to-serve-through-2027\/\">Source link <\/a><\/p>","protected":false},"excerpt":{"rendered":"<p>Not\u00edcias locais Alan Garber foi escolhido como presidente interino depois que a ex-presidente Claudine Gay deixou o cargo em janeiro e servir\u00e1 at\u00e9 2027. Alan Garber discursa para a multid\u00e3o&hellip;<\/p>","protected":false},"author":1,"featured_media":17037,"comment_status":"closed","ping_status":"open","sticky":false,"template":"","format":"standard","meta":{"content-type":"","footnotes":""},"categories":[1],"tags":[],"class_list":["post-17036","post","type-post","status-publish","format-standard","has-post-thumbnail","hentry","category-uncategorized"],"_links":{"self":[{"href":"https:\/\/tvbrazilusa.com\/pt\/wp-json\/wp\/v2\/posts\/17036","targetHints":{"allow":["GET"]}}],"collection":[{"href":"https:\/\/tvbrazilusa.com\/pt\/wp-json\/wp\/v2\/posts"}],"about":[{"href":"https:\/\/tvbrazilusa.com\/pt\/wp-json\/wp\/v2\/types\/post"}],"author":[{"embeddable":true,"href":"https:\/\/tvbrazilusa.com\/pt\/wp-json\/wp\/v2\/users\/1"}],"replies":[{"embeddable":true,"href":"https:\/\/tvbrazilusa.com\/pt\/wp-json\/wp\/v2\/comments?post=17036"}],"version-history":[{"count":1,"href":"https:\/\/tvbrazilusa.com\/pt\/wp-json\/wp\/v2\/posts\/17036\/revisions"}],"predecessor-version":[{"id":17038,"href":"https:\/\/tvbrazilusa.com\/pt\/wp-json\/wp\/v2\/posts\/17036\/revisions\/17038"}],"wp:featuredmedia":[{"embeddable":true,"href":"https:\/\/tvbrazilusa.com\/pt\/wp-json\/wp\/v2\/media\/17037"}],"wp:attachment":[{"href":"https:\/\/tvbrazilusa.com\/pt\/wp-json\/wp\/v2\/media?parent=17036"}],"wp:term":[{"taxonomy":"category","embeddable":true,"href":"https:\/\/tvbrazilusa.com\/pt\/wp-json\/wp\/v2\/categories?post=17036"},{"taxonomy":"post_tag","embeddable":true,"href":"https:\/\/tvbrazilusa.com\/pt\/wp-json\/wp\/v2\/tags?post=17036"}],"curies":[{"name":"wp","href":"https:\/\/api.w.org\/{rel}","templated":true}]}}