{"id":17115,"date":"2024-08-05T07:12:08","date_gmt":"2024-08-05T07:12:08","guid":{"rendered":"https:\/\/tvbrazilusa.com\/2024\/08\/05\/a-seguranca-das-olimpiadas-significa-que-minorias-e-outros-sinalizados-como-potenciais-ameacas-terroristas-nao-podem-circular-livremente\/"},"modified":"2024-08-05T07:53:08","modified_gmt":"2024-08-05T07:53:08","slug":"a-seguranca-das-olimpiadas-significa-que-minorias-e-outros-sinalizados-como-potenciais-ameacas-terroristas-nao-podem-circular-livremente","status":"publish","type":"post","link":"https:\/\/tvbrazilusa.com\/pt\/2024\/08\/05\/a-seguranca-das-olimpiadas-significa-que-minorias-e-outros-sinalizados-como-potenciais-ameacas-terroristas-nao-podem-circular-livremente\/","title":{"rendered":"A seguran\u00e7a das Olimp\u00edadas significa que minorias e outros sinalizados como potenciais amea\u00e7as terroristas n\u00e3o podem circular livremente"},"content":{"rendered":"<script async src=\"https:\/\/pagead2.googlesyndication.com\/pagead\/js\/adsbygoogle.js?client=ca-pub-8864793242727901\"\r\n     crossorigin=\"anonymous\"><\/script>\n<div id=\"\">\n<p class=\"dist__Box-sc-1fnzlkn-0 dist__TextBase-sc-1fnzlkn-3 CGHCP htMUPQ article-text\"><strong>PARIS<\/strong> \u2013 Eles s\u00e3o Nabil, Amine, Fran\u00e7ois e mais. Mas eles n\u00e3o ser\u00e3o vistos por a\u00ed <a href=\"https:\/\/apnews.com\/hub\/2024-paris-olympic-games\">as Olimp\u00edadas de Paris<\/a>porque o governo franc\u00eas os impediu de chegar perto.<\/p>\n<p class=\"dist__Box-sc-1fnzlkn-0 dist__TextBase-sc-1fnzlkn-3 CGHCP htMUPQ article-text\">As autoridades francesas est\u00e3o a fazer um uso sem precedentes dos poderes discricion\u00e1rios ao abrigo de uma lei antiterrorista para manter centenas de pessoas que consideram estar <a href=\"https:\/\/apnews.com\/article\/paris-olympics-security-police-military-terrorism-34b168e7a511e22ce7119a91932d2759\">potenciais amea\u00e7as \u00e0 seguran\u00e7a<\/a> longe do maior evento que a Fran\u00e7a moderna j\u00e1 organizou. <\/p>\n<p class=\"dist__Box-sc-1fnzlkn-0 dist__TextBase-sc-1fnzlkn-3 CGHCP htMUPQ article-text\">Minorias \u2014 em grande parte com origens em antigas col\u00f4nias francesas \u2014 est\u00e3o frequentemente entre aquelas proibidas de deixar seus bairros e obrigadas a se reportar diariamente \u00e0 pol\u00edcia, dizem seus advogados. Alguns est\u00e3o alarmados com o uso generalizado do que um descreveu como \u201cuma ferramenta terrivelmente perigosa\u201d. <\/p>\n<p class=\"dist__Box-sc-1fnzlkn-0 dist__TextBase-sc-1fnzlkn-3 CGHCP htMUPQ article-text\">Alguns dos que agora t\u00eam seus movimentos restringidos, com ordens que n\u00e3o exigem aprova\u00e7\u00e3o pr\u00e9via dos ju\u00edzes, incluem um homem que teve problemas de sa\u00fade mental no passado, mas agora est\u00e1 recebendo tratamento. H\u00e1 tamb\u00e9m um aprendiz de banc\u00e1rio e estudante de administra\u00e7\u00e3o que acredita ter sido alvo em parte porque \u00e9 mu\u00e7ulmano e seu pai nasceu no Marrocos, al\u00e9m de um motorista de entrega de comida halal que corre o risco de perder o emprego porque est\u00e1 proibido de <a href=\"https:\/\/apnews.com\/article\/france-paris-olympics-olympic-games-security-e8f9b8812dc06dae22ffdfad9d15858e\">afastando-se de casa durante as Olimp\u00edadas de 2024<\/a> e as Paraolimp\u00edadas subsequentes, dizem seus advogados.<\/p>\n<p class=\"dist__Box-sc-1fnzlkn-0 dist__TextBase-sc-1fnzlkn-3 CGHCP htMUPQ article-text\">O ministro do Interior franc\u00eas, Gerald Darmanin, diz que as restri\u00e7\u00f5es visam impedir que pessoas \u201cmuito perigosas\u201d ataquem os Jogos. <\/p>\n<p class=\"dist__Box-sc-1fnzlkn-0 dist__TextBase-sc-1fnzlkn-3 CGHCP htMUPQ article-text\">Darmanin diz que os aplicou a mais de 500 pessoas este ano como parte dos preparativos de seguran\u00e7a da Fran\u00e7a para os Jogos e <a href=\"https:\/\/apnews.com\/article\/paris-olympics-torch-arrival-marseille-d954536cfeef8e000b36260c5a5f1853\">a tocha ol\u00edmpica<\/a> revezamento que precedeu <a href=\"https:\/\/apnews.com\/article\/olympics-2024-opening-ceremony-audacious-analysis-49f9885ff2b95b9b7ccc51ca195e84e1\">a cerim\u00f4nia de abertura de 26 de julho<\/a>. <\/p>\n<p class=\"dist__Box-sc-1fnzlkn-0 dist__TextBase-sc-1fnzlkn-3 CGHCP htMUPQ article-text\">Os afetados incluem Amine, o aprendiz de banco agora proibido de deixar seu sub\u00farbio ao sul de Paris \u2014 exceto para se apresentar \u00e0s 18h30 diariamente em uma delegacia de pol\u00edcia local. O franc\u00eas de 21 anos n\u00e3o tem antecedentes criminais e n\u00e3o foi acusado de nenhum crime, ele e seu advogado dizem. <\/p>\n<p class=\"dist__Box-sc-1fnzlkn-0 dist__TextBase-sc-1fnzlkn-3 CGHCP htMUPQ article-text\">Amine acredita que os servi\u00e7os de intelig\u00eancia franceses o confundiram com outra pessoa que publicou imagens de decapita\u00e7\u00e3o e amea\u00e7as contra <a href=\"https:\/\/apnews.com\/article\/olympics-2024-lgbtq-paris-47698f150b405ad09e5ce883766d7dec\">Pessoas LGBTQ+<\/a> em um aplicativo de compartilhamento de v\u00eddeos. A Associated Press n\u00e3o est\u00e1 identificando Amine pelo nome completo porque ele teme que potenciais empregadores e escolas o rejeitem se descobrirem que a pol\u00edcia o sinalizou como uma amea\u00e7a. <\/p>\n<p class=\"dist__Box-sc-1fnzlkn-0 dist__TextBase-sc-1fnzlkn-3 CGHCP htMUPQ article-text\">\u201cN\u00e3o sou perigoso para a Fran\u00e7a. N\u00e3o sou um terrorista. Sou apenas um estudante que trabalha para financiar seus estudos\u201d, disse Amine em uma entrevista em seu apartamento est\u00fadio coberto de livros e com fotos de fam\u00edlia na geladeira. <\/p>\n<p class=\"dist__Box-sc-1fnzlkn-0 dist__TextBase-sc-1fnzlkn-3 CGHCP htMUPQ article-text\">A pol\u00edcia visitou o local duas vezes nos \u00faltimos quatro meses. Eles arrombaram a porta de um vizinho na primeira vez, aparentemente porque tinham o endere\u00e7o errado, e ent\u00e3o apreenderam o telefone e o computador de Amine, o que tornou a prepara\u00e7\u00e3o para os exames mais dif\u00edcil, ele disse. A segunda vez, um m\u00eas antes dos Jogos, foi para notific\u00e1-lo de que ele n\u00e3o poderia mais se movimentar livremente.<\/p>\n<p class=\"dist__Box-sc-1fnzlkn-0 dist__TextBase-sc-1fnzlkn-3 CGHCP htMUPQ article-text\">\u201cSe meu nome fosse Brian, se eu fosse loiro e tivesse olhos azuis, a situa\u00e7\u00e3o teria sido diferente. S\u00f3 que n\u00e3o \u00e9 o caso. Sou um mu\u00e7ulmano norte-africano e fui alvo na Fran\u00e7a&#8221;, disse ele.<\/p>\n<p class=\"dist__Box-sc-1fnzlkn-0 dist__TextBase-sc-1fnzlkn-3 CGHCP htMUPQ article-text\">Temendo ataques terroristas, as autoridades francesas t\u00eam-se empenhado maci\u00e7amente <a href=\"https:\/\/apnews.com\/article\/olympics-paris-corruption-terrorism-crime-2c64905237dbd8fb6ed2aa6dde92a08a\">refor\u00e7ou a seguran\u00e7a para os Jogos<\/a>inundando as ruas de Paris com at\u00e9 45.000 policiais, al\u00e9m de <a href=\"https:\/\/apnews.com\/video\/paris-france-government-d0ee04b7adf6400890ab4737c19fd330\">soldados armados com rifles de assalto<\/a>e incumbir os servi\u00e7os de intelig\u00eancia de identificar e <a href=\"https:\/\/apnews.com\/article\/olympics-2024-paris-france-security-threat-c8f5fc72c5ed49fdf81a0b5c7a3e41c3\">neutralizar amea\u00e7as potenciais<\/a> antecipadamente. <\/p>\n<p class=\"dist__Box-sc-1fnzlkn-0 dist__TextBase-sc-1fnzlkn-3 CGHCP htMUPQ article-text\">Notas do Minist\u00e9rio do Interior vistas pela AP dizem que os servi\u00e7os de seguran\u00e7a frustraram v\u00e1rios supostos planos terroristas antes dos Jogos, com <a href=\"https:\/\/apnews.com\/article\/olympics-2024-soccer-fan-usa-guinea-0aa4192166d3651380b481d9ee0890b7\">Jogos ol\u00edmpicos de futebol<\/a>uma boate LGBTQ+ e <a href=\"https:\/\/apnews.com\/article\/france-election-racism-antisemitism-israel-0d7f5cee97b92a2874aac9228c36cd66\">Comunidade judaica da Fran\u00e7a<\/a> entre os alvos suspeitos. As notas do minist\u00e9rio tamb\u00e9m dizem que <a href=\"https:\/\/apnews.com\/hub\/israel-hamas-war\">Guerra Israel-Hamas<\/a> aumentou o <a href=\"https:\/\/apnews.com\/article\/paris-olympics-security-france-police-21b14b6eaf01fb2bf63c2b17fdd8da71\">risco de terrorismo na Fran\u00e7a<\/a>que tem as maiores comunidades mu\u00e7ulmana e judaica da Europa.<\/p>\n<p class=\"dist__Box-sc-1fnzlkn-0 dist__TextBase-sc-1fnzlkn-3 CGHCP htMUPQ article-text\">O esfor\u00e7o preventivo antiterrorista tamb\u00e9m inclui o uso liberal de poderes policiais para restringir os movimentos de pessoas que o minist\u00e9rio considera amea\u00e7as potenciais. As medidas s\u00f3 podem ser contestadas depois no tribunal, o que alguns dos afetados est\u00e3o fazendo agora \u2014 alguns com sucesso. <\/p>\n<p class=\"dist__Box-sc-1fnzlkn-0 dist__TextBase-sc-1fnzlkn-3 CGHCP htMUPQ article-text\">Os poderes faziam parte de uma legisla\u00e7\u00e3o antiterrorista refor\u00e7ada que passou rapidamente por ambas as c\u00e2maras do parlamento em 2017, quando a Fran\u00e7a ainda estava a recuperar <a href=\"https:\/\/apnews.com\/article\/olympics-paris-france-one-year-to-go-b1082a0ec16747bec10bd8a9dfab544e\">ataques de homens armados da Al-Qaeda e do Estado Isl\u00e2mico<\/a> e homens-bomba em 2015. <\/p>\n<p class=\"dist__Box-sc-1fnzlkn-0 dist__TextBase-sc-1fnzlkn-3 CGHCP htMUPQ article-text\"><a href=\"https:\/\/apnews.com\/article\/ap-top-news-islamic-state-group-international-news-europe-24ce9b4aaab1cce0420f0585b4c9dd03\">Os ataques<\/a> matou 147 pessoas \u2014 inclusive em bairros de Paris agora <a href=\"https:\/\/apnews.com\/article\/paris-olympics-photos-2024-21d71dcd60d4613eeace5ea6a5dff47c\">repleto de visitantes ol\u00edmpicos<\/a> e do lado de fora do que hoje \u00e9 o est\u00e1dio ol\u00edmpico, que sedia competi\u00e7\u00f5es de atletismo e r\u00fagbi de sete. <\/p>\n<p class=\"dist__Box-sc-1fnzlkn-0 dist__TextBase-sc-1fnzlkn-3 CGHCP htMUPQ article-text\">A lei antiterrorista autoriza o ministro do Interior da Fran\u00e7a a restringir os movimentos de qualquer pessoa quando houver &#8220;raz\u00f5es s\u00e9rias&#8221; para acreditar que ela representa uma grave amea\u00e7a \u00e0 seguran\u00e7a e tem liga\u00e7\u00f5es ou simpatias com o terrorismo.<\/p>\n<p class=\"dist__Box-sc-1fnzlkn-0 dist__TextBase-sc-1fnzlkn-3 CGHCP htMUPQ article-text\">Uma poderosa ferramenta de seguran\u00e7a para os Jogos <\/p>\n<p class=\"dist__Box-sc-1fnzlkn-0 dist__TextBase-sc-1fnzlkn-3 CGHCP htMUPQ article-text\">O poder que o ministro do Interior est\u00e1 usando para distanciar as pessoas das Olimp\u00edadas, for\u00e7ando-as a ficar perto de casa, \u00e9 chamado de \u201cmedida individual de controle administrativo e vigil\u00e2ncia\u201d, conhecida pela sigla francesa MICAS. <\/p>\n<p class=\"dist__Box-sc-1fnzlkn-0 dist__TextBase-sc-1fnzlkn-3 CGHCP htMUPQ article-text\">Darmanin disse aos rep\u00f3rteres na semana passada que \u201cpouco menos de 200\u201d dos mais de 500 casos MICAS relacionados \u00e0s Olimp\u00edadas que ele ordenou este ano ainda est\u00e3o em vigor durante os Jogos. <\/p>\n<p class=\"dist__Box-sc-1fnzlkn-0 dist__TextBase-sc-1fnzlkn-3 CGHCP htMUPQ article-text\">Elas foram aplicadas a pessoas com \u201cposs\u00edveis\u201d liga\u00e7\u00f5es extremistas que cumpriram pena de pris\u00e3o e outras que n\u00e3o foram condenadas, mas \u201crepresentam um perigo para n\u00f3s\u201d, disse ele. <\/p>\n<p class=\"dist__Box-sc-1fnzlkn-0 dist__TextBase-sc-1fnzlkn-3 CGHCP htMUPQ article-text\">\u201cTemos evid\u00eancias ou suspeitas muito importantes de que eles est\u00e3o radicalizados e podem preparar um ataque\u201d, disse o ministro do Interior.<\/p>\n<p class=\"dist__Box-sc-1fnzlkn-0 dist__TextBase-sc-1fnzlkn-3 CGHCP htMUPQ article-text\">O chefe de pol\u00edcia de Paris, Laurent Nu\u00f1ez, descreveu o amplo uso das restri\u00e7\u00f5es como \u201cextremamente positivo\u201d.<\/p>\n<p class=\"dist__Box-sc-1fnzlkn-0 dist__TextBase-sc-1fnzlkn-3 CGHCP htMUPQ article-text\">\u201cTemos de utilizar todo o conjunto de instrumentos legais e administrativos \u00e0 nossa disposi\u00e7\u00e3o, que foi o que o ministro do Interior pediu\u201d, afirmou na semana passada, enquanto visitava o local para <a href=\"https:\/\/apnews.com\/article\/table-tennis-united-states-paris-2024-olympics-2fdcd323081529f29e3e9d4514c40634\">T\u00eanis de mesa ol\u00edmpico<\/a>levantamento de peso, handebol e v\u00f4lei.<\/p>\n<p class=\"dist__Box-sc-1fnzlkn-0 dist__TextBase-sc-1fnzlkn-3 CGHCP htMUPQ article-text\">\u201cEle nos pediu para estreitar ainda mais a rede \u00e0 medida que nos aproxim\u00e1vamos dos Jogos Ol\u00edmpicos, e foi isso que fizemos\u201d, disse Nu\u00f1ez. <\/p>\n<p class=\"dist__Box-sc-1fnzlkn-0 dist__TextBase-sc-1fnzlkn-3 CGHCP htMUPQ article-text\">Advogados dizem que autoridades est\u00e3o abusando das restri\u00e7\u00f5es<\/p>\n<p class=\"dist__Box-sc-1fnzlkn-0 dist__TextBase-sc-1fnzlkn-3 CGHCP htMUPQ article-text\">A AP falou com seis advogados de cerca de 20 pessoas cujos movimentos foram restringidos. Alguns disseram que entendem o uso das medidas para a seguran\u00e7a ol\u00edmpica, enquanto outros dizem que os poderes est\u00e3o sendo aplicados de forma muito ampla. <\/p>\n<p class=\"dist__Box-sc-1fnzlkn-0 dist__TextBase-sc-1fnzlkn-3 CGHCP htMUPQ article-text\">O uso das restri\u00e7\u00f5es para as Olimp\u00edadas parece sem precedentes em escopo, dizem alguns advogados. Enquanto mais de 500 pessoas tiveram seus movimentos restringidos este ano e Darmanin diz que agora s\u00e3o menos de 200 restantes durante os Jogos, isso se compara com 205 pessoas sujeitas \u00e0s restri\u00e7\u00f5es do MICAS nos primeiros 26 meses da lei de 2017 entrando em vigor, de acordo com <a href=\"https:\/\/www.senat.fr\/rap\/r19-348\/r19-3486.html\">um relat\u00f3rio do Senado franc\u00eas de 2020<\/a>.<\/p>\n<p class=\"dist__Box-sc-1fnzlkn-0 dist__TextBase-sc-1fnzlkn-3 CGHCP htMUPQ article-text\">\u201cEst\u00e1 realmente diretamente conectado aos Jogos Ol\u00edmpicos\u201d, disse a advogada de Paris Margot Pugliese. Ela descreveu os poderes como \u201cum horror\u201d e \u201crealmente o fracasso total do estado de direito\u201d porque eles s\u00f3 podem ser contestados em tribunal depois de terem sido aplicados. <\/p>\n<p class=\"dist__Box-sc-1fnzlkn-0 dist__TextBase-sc-1fnzlkn-3 CGHCP htMUPQ article-text\">\u201c\u00c9 uma ferramenta terrivelmente perigosa sempre que h\u00e1 um governo repressivo\u201d, disse Pugliese. <\/p>\n<p class=\"dist__Box-sc-1fnzlkn-0 dist__TextBase-sc-1fnzlkn-3 CGHCP htMUPQ article-text\">Advogados dizem que alguns de seus clientes n\u00e3o t\u00eam condena\u00e7\u00f5es anteriores e apenas t\u00eanues liga\u00e7\u00f5es com suspeitas de extremismo. Dos advogados com quem a AP falou, cerca de metade de seus clientes t\u00eam <a href=\"https:\/\/apnews.com\/article\/france-riots-police-shooting-5618c6749ea9d9e5f30f5865f79b7fbb\">origens de imigrantes<\/a>a maioria com ra\u00edzes familiares no Norte da \u00c1frica.<\/p>\n<p class=\"dist__Box-sc-1fnzlkn-0 dist__TextBase-sc-1fnzlkn-3 CGHCP htMUPQ article-text\">Darmanin diz que as minorias n\u00e3o est\u00e3o sendo destacadas e que pessoas suspeitas de extremismo de esquerda ou de direita tamb\u00e9m est\u00e3o sob vigil\u00e2ncia.<\/p>\n<p class=\"dist__Box-sc-1fnzlkn-0 dist__TextBase-sc-1fnzlkn-3 CGHCP htMUPQ article-text\">\u201cO que diria o povo franc\u00eas, o que diria o mundo, se pessoas que podemos suspeitar que possam realizar a\u00e7\u00f5es, que s\u00e3o radicalizadas, fossem deixadas perfeitamente livres e ent\u00e3o cometessem ataques?\u201d, ele perguntou.<\/p>\n<p class=\"dist__Box-sc-1fnzlkn-0 dist__TextBase-sc-1fnzlkn-3 CGHCP htMUPQ article-text\">O advogado de Paris Antoine Ory representou tr\u00eas pessoas atingidas pelas restri\u00e7\u00f5es do MICAS na prepara\u00e7\u00e3o para as Olimp\u00edadas \u2014 duas delas sem antecedentes criminais. Uma nasceu em Madagascar; as outras duas s\u00e3o de nacionalidade francesa argelina e francesa marroquina.<\/p>\n<p class=\"dist__Box-sc-1fnzlkn-0 dist__TextBase-sc-1fnzlkn-3 CGHCP htMUPQ article-text\">Um dos homens cumpriu uma senten\u00e7a de cinco anos por crimes relacionados a terrorismo em 2021, que incluiu quatro meses de pris\u00e3o e outros per\u00edodos de semiliberdade ou com uma pulseira eletr\u00f4nica para sinalizar seu paradeiro, diz Ory. A ordem do MICAS o pro\u00edbe de deixar seu sub\u00farbio no nordeste de Paris. <\/p>\n<p class=\"dist__Box-sc-1fnzlkn-0 dist__TextBase-sc-1fnzlkn-3 CGHCP htMUPQ article-text\">Ory diz que a intelig\u00eancia policial usada para justificar restri\u00e7\u00f5es para seus outros dois clientes era fr\u00e1gil, na melhor das hip\u00f3teses. Ele alega que os servi\u00e7os de intelig\u00eancia mergulharam novamente em informa\u00e7\u00f5es antigas que tinham \u00e0 disposi\u00e7\u00e3o h\u00e1 muito tempo, mirando pessoas que antes dos Jogos n\u00e3o eram consideradas um risco suficiente para justificar ordens do MICAS. <\/p>\n<p class=\"dist__Box-sc-1fnzlkn-0 dist__TextBase-sc-1fnzlkn-3 CGHCP htMUPQ article-text\">\u201c\u00c9 extremamente abusivo\u201d, ele disse. \u201cDuas semanas antes dos Jogos, eles v\u00eam e dizem: &#39;Voc\u00ea \u00e9 perigoso.&#39;\u201d <\/p>\n<p class=\"dist__Box-sc-1fnzlkn-0 dist__TextBase-sc-1fnzlkn-3 CGHCP htMUPQ article-text\">Uma semana antes do <a href=\"https:\/\/apnews.com\/article\/olympics-2024-paris-olympics-france-sabotage-9ed330cb83d89d68092ac5858c0fe590\">Cerim\u00f4nia de abertura ol\u00edmpica<\/a>Ory anulou com sucesso a ordem do MICAS para seu cliente nascido em Madagascar. Um tribunal a sudeste de Paris decidiu que o Minist\u00e9rio do Interior n\u00e3o conseguiu provar que o homem \u00e9 um risco terrorista e ordenou que o estado lhe pagasse 1.500 euros (US$ 1.600).<\/p>\n<p class=\"dist__Box-sc-1fnzlkn-0 dist__TextBase-sc-1fnzlkn-3 CGHCP htMUPQ article-text\">Uma confus\u00e3o policial?<\/p>\n<p class=\"dist__Box-sc-1fnzlkn-0 dist__TextBase-sc-1fnzlkn-3 CGHCP htMUPQ article-text\">Uma nota dos servi\u00e7os de intelig\u00eancia da pol\u00edcia \u2014 vista pela AP \u2014 que solicitou restri\u00e7\u00f5es de movimento e verifica\u00e7\u00f5es policiais di\u00e1rias para Amine de 1\u00ba de julho at\u00e9 o encerramento das Paralimp\u00edadas em 8 de setembro citou &#8220;a amea\u00e7a particularmente s\u00e9ria que ele representa \u00e0 seguran\u00e7a e ordem p\u00fablicas, sua ades\u00e3o ao islamismo radical e o contexto espec\u00edfico da amea\u00e7a terrorista no \u00e2mbito da organiza\u00e7\u00e3o dos Jogos Ol\u00edmpicos e Paral\u00edmpicos de 2024&#8221;.<\/p>\n<p class=\"dist__Box-sc-1fnzlkn-0 dist__TextBase-sc-1fnzlkn-3 CGHCP htMUPQ article-text\">A nota sinalizava um v\u00eddeo do TikTok que Amine postou em 10 de outubro dele mesmo em frente \u00e0 Torre Eiffel, que foi iluminada com as cores israelenses ap\u00f3s os ataques de 7 de outubro a Israel por militantes do Hamas. Vestindo a camisa do Deportivo Palestino, um clube de futebol chileno fundado por palestinos, e o capacete de moto que ele usou em seu passeio at\u00e9 a torre, Amine ent\u00e3o postou fotos de si mesmo fazendo gestos obscenos no monumento.<\/p>\n<p class=\"dist__Box-sc-1fnzlkn-0 dist__TextBase-sc-1fnzlkn-3 CGHCP htMUPQ article-text\">Em retrospectiva, &#8220;n\u00e3o foi a melhor ideia que j\u00e1 tive&#8221;, ele reconhece. Amine diz que ficou frustrado porque as autoridades francesas na \u00e9poca estavam proibindo protestos pr\u00f3-palestinos. &#8220;Pareceu-me uma falta de imparcialidade&#8221;, disse ele.<\/p>\n<p class=\"dist__Box-sc-1fnzlkn-0 dist__TextBase-sc-1fnzlkn-3 CGHCP htMUPQ article-text\">Ele tamb\u00e9m postou uma imagem de si mesmo com um dedo apontando para o distintivo em sua camisa e outro apontando para a Estrela de Davi iluminando a torre. O pedido MICAS dos servi\u00e7os de intelig\u00eancia descreveu o dedo levantado como um sinal de lealdade a Al\u00e1.<\/p>\n<p class=\"dist__Box-sc-1fnzlkn-0 dist__TextBase-sc-1fnzlkn-3 CGHCP htMUPQ article-text\">Amine diz que estava copiando jogadores de futebol que ele viu levantarem os dedos em comemora\u00e7\u00e3o quando marcam gols. &#8220;Mas quando s\u00e3o eles, n\u00e3o \u00e9 um problema&#8221;, disse ele.<\/p>\n<p class=\"dist__Box-sc-1fnzlkn-0 dist__TextBase-sc-1fnzlkn-3 CGHCP htMUPQ article-text\">A nota policial tamb\u00e9m vinculou Amine a uma conta no aplicativo de compartilhamento de v\u00eddeos Rave, dizendo que o usu\u00e1rio postou imagens de decapita\u00e7\u00e3o e \u201ccoment\u00e1rios preocupantes\u201d que expressavam o desejo de se juntar a um grupo terrorista e matar pessoas LGBTQ+. A nota alegou que Amine \u201cn\u00e3o esconde suas posi\u00e7\u00f5es anti-sionistas e homof\u00f3bicas\u201d. <\/p>\n<p class=\"dist__Box-sc-1fnzlkn-0 dist__TextBase-sc-1fnzlkn-3 CGHCP htMUPQ article-text\">Amine disse \u00e0 AP que a conta Rave n\u00e3o \u00e9 dele. Ele registrou uma queixa policial em maio de que o usu\u00e1rio da conta havia roubado sua identidade.<\/p>\n<p class=\"dist__Box-sc-1fnzlkn-0 dist__TextBase-sc-1fnzlkn-3 CGHCP htMUPQ article-text\">&#8220;N\u00e3o sou antisionista, homof\u00f3bico ou algo assim. Todas essas ideias s\u00e3o estranhas para mim&#8221;, disse Amine.<\/p>\n<p class=\"dist__Box-sc-1fnzlkn-0 dist__TextBase-sc-1fnzlkn-3 CGHCP htMUPQ article-text\">A ordem do MICAS \u2014 vista pela AP \u2014 que pro\u00edbe Amine de sair de seu sub\u00farbio em Paris, exceto para seu check-in policial di\u00e1rio, alerta que ele corre o risco de tr\u00eas anos de pris\u00e3o e uma multa de 45.000 euros (US$ 48.600) se violar as restri\u00e7\u00f5es ou n\u00e3o fizer o check-in. <\/p>\n<p class=\"dist__Box-sc-1fnzlkn-0 dist__TextBase-sc-1fnzlkn-3 CGHCP htMUPQ article-text\">Preso em casa ou perto disso, Amine diz que cada dia \u00e9 como o \u00faltimo. Ele pode assistir \u00e0s Olimp\u00edadas de Paris apenas pela TV.<\/p>\n<p class=\"dist__Box-sc-1fnzlkn-0 dist__TextBase-sc-1fnzlkn-3 CGHCP htMUPQ article-text\">E embora a cerim\u00f4nia de abertura ol\u00edmpica tenha celebrado as liberdades da Fran\u00e7a, Amine sente que suas promessas de \u201clibert\u00e9, egalit\u00e9, fraternit\u00e9\u201d n\u00e3o est\u00e3o sendo aplicadas a ele.<\/p>\n<p class=\"dist__Box-sc-1fnzlkn-0 dist__TextBase-sc-1fnzlkn-3 CGHCP htMUPQ article-text\">\u201cN\u00e3o tenho nem liberdade nem fraternidade para comigo\u201d, disse ele.<\/p>\n<p class=\"dist__Box-sc-1fnzlkn-0 dist__TextBase-sc-1fnzlkn-3 CGHCP htMUPQ article-text\">___<\/p>\n<p class=\"dist__Box-sc-1fnzlkn-0 dist__TextBase-sc-1fnzlkn-3 CGHCP htMUPQ article-text\">Os jornalistas de v\u00eddeo da AP Ahmed Hatem, Alex Turnbull e Jeffrey Schaeffer e o gerente de Projetos Especiais e Opera\u00e7\u00f5es Thomas Rowley contribu\u00edram. <\/p>\n<\/div>\n<p>Copyright 2024 The Associated Press. Todos os direitos reservados. Este material n\u00e3o pode ser publicado, transmitido, reescrito ou redistribu\u00eddo sem permiss\u00e3o.<\/p>\n<p><br \/>\n<br \/><a href=\"https:\/\/www.clickorlando.com\/news\/world\/2024\/08\/05\/olympics-security-means-minorities-and-others-flagged-as-potential-terror-threats-cant-move-freely\/\">Source link <\/a><\/p>","protected":false},"excerpt":{"rendered":"<p>PARIS \u2013 Eles s\u00e3o Nabil, Amine, Fran\u00e7ois e mais. Mas eles n\u00e3o ser\u00e3o vistos por a\u00ed as Olimp\u00edadas de Parisporque o governo franc\u00eas os impediu de chegar perto. As autoridades&hellip;<\/p>","protected":false},"author":1,"featured_media":17116,"comment_status":"closed","ping_status":"open","sticky":false,"template":"","format":"standard","meta":{"content-type":"","footnotes":""},"categories":[1],"tags":[1463,7850,1419,1462],"class_list":["post-17115","post","type-post","status-publish","format-standard","has-post-thumbnail","hentry","category-uncategorized","tag-esportes","tag-nabil-elderkin","tag-noticias-do-mundo","tag-olimpiadas"],"_links":{"self":[{"href":"https:\/\/tvbrazilusa.com\/pt\/wp-json\/wp\/v2\/posts\/17115","targetHints":{"allow":["GET"]}}],"collection":[{"href":"https:\/\/tvbrazilusa.com\/pt\/wp-json\/wp\/v2\/posts"}],"about":[{"href":"https:\/\/tvbrazilusa.com\/pt\/wp-json\/wp\/v2\/types\/post"}],"author":[{"embeddable":true,"href":"https:\/\/tvbrazilusa.com\/pt\/wp-json\/wp\/v2\/users\/1"}],"replies":[{"embeddable":true,"href":"https:\/\/tvbrazilusa.com\/pt\/wp-json\/wp\/v2\/comments?post=17115"}],"version-history":[{"count":1,"href":"https:\/\/tvbrazilusa.com\/pt\/wp-json\/wp\/v2\/posts\/17115\/revisions"}],"predecessor-version":[{"id":17117,"href":"https:\/\/tvbrazilusa.com\/pt\/wp-json\/wp\/v2\/posts\/17115\/revisions\/17117"}],"wp:featuredmedia":[{"embeddable":true,"href":"https:\/\/tvbrazilusa.com\/pt\/wp-json\/wp\/v2\/media\/17116"}],"wp:attachment":[{"href":"https:\/\/tvbrazilusa.com\/pt\/wp-json\/wp\/v2\/media?parent=17115"}],"wp:term":[{"taxonomy":"category","embeddable":true,"href":"https:\/\/tvbrazilusa.com\/pt\/wp-json\/wp\/v2\/categories?post=17115"},{"taxonomy":"post_tag","embeddable":true,"href":"https:\/\/tvbrazilusa.com\/pt\/wp-json\/wp\/v2\/tags?post=17115"}],"curies":[{"name":"wp","href":"https:\/\/api.w.org\/{rel}","templated":true}]}}