{"id":1718,"date":"2023-11-28T20:30:02","date_gmt":"2023-11-28T20:30:02","guid":{"rendered":"https:\/\/tvbrazilusa.com\/?p=1718"},"modified":"2023-11-28T20:30:02","modified_gmt":"2023-11-28T20:30:02","slug":"o-que-voce-nao-sabe-sobre-os-prisioneiros-do-8-de-janeiro","status":"publish","type":"post","link":"https:\/\/tvbrazilusa.com\/pt\/2023\/11\/28\/o-que-voce-nao-sabe-sobre-os-prisioneiros-do-8-de-janeiro\/","title":{"rendered":"O que VOC\u00ca N\u00c3O SABE sobre os PRISIONEIROS do 8 DE JANEIRO"},"content":{"rendered":"<p><iframe  width=\"580\" height=\"385\" src=\"https:\/\/www.youtube.com\/embed\/QV9UavLVagA?modestbranding=1\" frameborder=\"0\" allowfullscreen><\/iframe><br \/>\n<br \/>General Gerson Gomes traz relatos sobre a situa\u00e7\u00e3o de alguns presos do 8 de Janeiro em Bras\u00edlia.<\/p>\n<p>Coment\u00e1rio do Programa Bradock Show &#8211; 27\/11\/23 &#8211; Ricardo Salles, Rafael Sati\u00ea, Cel. Gerson Gomes e Prof. Eduardo Vieira: <\/p>\n<p>\u2705Acesse:<br \/>\n\u25b6Instagram: www.instagram.com\/bradockshow\/<br \/>\n<br \/><a href=\"https:\/\/www.youtube.com\/watch?v=QV9UavLVagA\">source<\/a><\/p>","protected":false},"excerpt":{"rendered":"<p>General Gerson Gomes traz relatos sobre a situa\u00e7\u00e3o de alguns presos do 8 de Janeiro em Bras\u00edlia. Coment\u00e1rio do Programa Bradock Show &#8211; 27\/11\/23 &#8211; Ricardo Salles, Rafael Sati\u00ea, Cel.&hellip;<\/p>","protected":false},"author":1,"featured_media":1719,"comment_status":"","ping_status":"open","sticky":false,"template":"","format":"standard","meta":{"content-type":"","footnotes":""},"categories":[19],"tags":[],"class_list":["post-1718","post","type-post","status-publish","format-standard","has-post-thumbnail","hentry","category-cel-gerson-gomes"],"_links":{"self":[{"href":"https:\/\/tvbrazilusa.com\/pt\/wp-json\/wp\/v2\/posts\/1718","targetHints":{"allow":["GET"]}}],"collection":[{"href":"https:\/\/tvbrazilusa.com\/pt\/wp-json\/wp\/v2\/posts"}],"about":[{"href":"https:\/\/tvbrazilusa.com\/pt\/wp-json\/wp\/v2\/types\/post"}],"author":[{"embeddable":true,"href":"https:\/\/tvbrazilusa.com\/pt\/wp-json\/wp\/v2\/users\/1"}],"replies":[{"embeddable":true,"href":"https:\/\/tvbrazilusa.com\/pt\/wp-json\/wp\/v2\/comments?post=1718"}],"version-history":[{"count":0,"href":"https:\/\/tvbrazilusa.com\/pt\/wp-json\/wp\/v2\/posts\/1718\/revisions"}],"wp:featuredmedia":[{"embeddable":true,"href":"https:\/\/tvbrazilusa.com\/pt\/wp-json\/wp\/v2\/media\/1719"}],"wp:attachment":[{"href":"https:\/\/tvbrazilusa.com\/pt\/wp-json\/wp\/v2\/media?parent=1718"}],"wp:term":[{"taxonomy":"category","embeddable":true,"href":"https:\/\/tvbrazilusa.com\/pt\/wp-json\/wp\/v2\/categories?post=1718"},{"taxonomy":"post_tag","embeddable":true,"href":"https:\/\/tvbrazilusa.com\/pt\/wp-json\/wp\/v2\/tags?post=1718"}],"curies":[{"name":"wp","href":"https:\/\/api.w.org\/{rel}","templated":true}]}}