{"id":17230,"date":"2024-08-05T13:09:25","date_gmt":"2024-08-05T13:09:25","guid":{"rendered":"https:\/\/tvbrazilusa.com\/2024\/08\/05\/instagram-sob-pressao-autoridades-turcas-fazem-reuniao-apos-bloqueio\/"},"modified":"2024-08-05T13:14:47","modified_gmt":"2024-08-05T13:14:47","slug":"instagram-sob-pressao-autoridades-turcas-fazem-reuniao-apos-bloqueio","status":"publish","type":"post","link":"https:\/\/tvbrazilusa.com\/pt\/2024\/08\/05\/instagram-sob-pressao-autoridades-turcas-fazem-reuniao-apos-bloqueio\/","title":{"rendered":"Instagram sob press\u00e3o: autoridades turcas fazem reuni\u00e3o ap\u00f3s bloqueio"},"content":{"rendered":"<p> <script async src=\"https:\/\/pagead2.googlesyndication.com\/pagead\/js\/adsbygoogle.js?client=ca-pub-8864793242727901\"\r\n     crossorigin=\"anonymous\"><\/script><br \/>\n<\/p>\n<div>\n<p>Os gestores do Instagram na <a href=\"https:\/\/terrabrasilnoticias.com\/2024\/08\/turquia-bloqueia-instagram-em-meio-a-controversias-e-acusacoes-de-censura-apos-morte-de-lider-do-hamas\/\" target=\"_blank\" rel=\"noreferrer noopener\">Turquia <\/a>v\u00e3o se reunir nesta segunda-feira, 5 de agosto de 2024, com o ministro respons\u00e1vel pela comunica\u00e7\u00e3o, ap\u00f3s quatro dias de bloqueio da plataforma no pa\u00eds. O motivo do bloqueio ainda n\u00e3o foi totalmente esclarecido.<\/p>\n<p>Abdulkadir Uraloglu, ministro turco dos Transportes e Infraestruturas, anunciou na rede social X que ter\u00e1 um encontro \u00e0 tarde com os respons\u00e1veis pela plataforma: \u201cEsperamos que eles fa\u00e7am o necess\u00e1rio para atender \u00e0s nossas solicita\u00e7\u00f5es. Esperamos evolu\u00e7\u00e3o positiva\u201d, disse o ministro.<\/p>\n<h2 class=\"wp-block-heading\">Turquia Bloqueia Instagram: Quais os Motivos?<\/h2>\n<figure class=\"wp-block-image size-full\"><picture decoding=\"async\" class=\"wp-image-168013\"><source type=\"image\/webp\" srcset=\"https:\/\/terrabrasilnoticias.com\/wp-content\/uploads\/2024\/08\/image-202.png.webp 1024w, https:\/\/terrabrasilnoticias.com\/wp-content\/uploads\/2024\/08\/image-202-300x200.png.webp 300w, https:\/\/terrabrasilnoticias.com\/wp-content\/uploads\/2024\/08\/image-202-768x512.png.webp 768w, https:\/\/terrabrasilnoticias.com\/wp-content\/uploads\/2024\/08\/image-202-750x500.png.webp 750w\" sizes=\"(max-width: 1024px) 100vw, 1024px\"\/><\/picture><figcaption class=\"wp-element-caption\">Reprodu\u00e7\u00e3o\/X<\/figcaption><\/figure>\n<p>O ministro Uraloglu explicou que o bloqueio do Instagram foi devido a pol\u00edticas implementadas no contexto de crimes de conte\u00fado, embora n\u00e3o tenha dado maiores detalhes. Na semana anterior, houve uma reuni\u00e3o com os respons\u00e1veis pela plataforma em que foram expressas sensibilidades em rela\u00e7\u00e3o ao respeito pelas leis da Rep\u00fablica da Turquia.<\/p>\n<p>A decis\u00e3o de encerrar o acesso ao Instagram foi anunciada na manh\u00e3 de sexta-feira, 2 de agosto de 2024, pela Autoridade Turca de Tecnologia da Informa\u00e7\u00e3o e Comunica\u00e7\u00e3o (BTK), sem explica\u00e7\u00e3o. No entanto, a suspeita de censura surgiu ap\u00f3s cr\u00edticas do diretor de comunica\u00e7\u00f5es da presid\u00eancia turca, Fahrettin Altun. Ele alegou que a plataforma impedia as pessoas de publicarem mensagens de condol\u00eancias ao l\u00edder do Hamas, Ismail Haniyeh.<\/p>\n<h2 class=\"wp-block-heading\">O Que Dizem as Autoridades Turcas?<\/h2>\n<p>Um funcion\u00e1rio do BTK, que preferiu permanecer an\u00f4nimo, referiu-se a um regulamento que permite o bloqueio de \u201cconte\u00fado criminoso\u201d, citando \u201cinsultos a Atat\u00fcrk\u201d \u2013 fundador da Rep\u00fablica da Turquia e seu primeiro presidente. Isso levantou preocupa\u00e7\u00f5es sobre censura pol\u00edtica e controle de conte\u00fado online.<\/p>\n<p>Abdulkadir Uraloglu comentou que, \u201cNosso pa\u00eds tem valores e sensibilidades. Apesar dos nossos avisos, eles n\u00e3o levaram em considera\u00e7\u00e3o o conte\u00fado criminoso. Quando respeitarem as nossas leis, a proibi\u00e7\u00e3o ser\u00e1 levantada.\u201d<\/p>\n<h2 class=\"wp-block-heading\">Como o Bloqueio Afeta o Com\u00e9rcio Eletr\u00f4nico na Turquia?<\/h2>\n<p>A suspens\u00e3o do Instagram preocupa os players do com\u00e9rcio online na Turquia, j\u00e1 que as redes sociais geram cerca de 10% das vendas do setor. De acordo com a m\u00eddia turca, o Instagram possui de 50 a 60 milh\u00f5es de assinantes no pa\u00eds, que tem uma popula\u00e7\u00e3o de 85 milh\u00f5es de habitantes.<\/p>\n<p>O bloqueio do Instagram pode custar ao pa\u00eds cerca de 1,9 bilh\u00f5es de liras turcas, aproximadamente 57 milh\u00f5es de d\u00f3lares, por dia. Cerca de 10% do com\u00e9rcio online na Turquia \u00e9 realizado atrav\u00e9s de plataformas e redes sociais, representando 930 milh\u00f5es de liras turcas (25,5 milh\u00f5es de euros) por dia.<\/p>\n<ul class=\"wp-block-list\">\n<li>Total de assinantes do Instagram na Turquia: 50 a 60 milh\u00f5es.<\/li>\n<li>Popula\u00e7\u00e3o da Turquia: 85 milh\u00f5es.<\/li>\n<li>Impacto financeiro por dia de bloqueio: 1,9 bilh\u00f5es de liras turcas (57 milh\u00f5es de d\u00f3lares).<\/li>\n<li>Percentual do com\u00e9rcio online realizado via redes sociais: 10%.<\/li>\n<\/ul><\/div>\n<p><br \/>\n<br \/><a href=\"https:\/\/terrabrasilnoticias.com\/2024\/08\/instagram-sob-pressao-autoridades-turcas-fazem-reuniao-apos-bloqueio\/\">Source link <\/a><\/p>","protected":false},"excerpt":{"rendered":"<p>Os gestores do Instagram na Turquia v\u00e3o se reunir nesta segunda-feira, 5 de agosto de 2024, com o ministro respons\u00e1vel pela comunica\u00e7\u00e3o, ap\u00f3s quatro dias de bloqueio da plataforma no&hellip;<\/p>","protected":false},"author":1,"featured_media":17231,"comment_status":"closed","ping_status":"open","sticky":false,"template":"","format":"standard","meta":{"content-type":"","footnotes":""},"categories":[16],"tags":[],"class_list":["post-17230","post","type-post","status-publish","format-standard","has-post-thumbnail","hentry","category-noticias"],"_links":{"self":[{"href":"https:\/\/tvbrazilusa.com\/pt\/wp-json\/wp\/v2\/posts\/17230","targetHints":{"allow":["GET"]}}],"collection":[{"href":"https:\/\/tvbrazilusa.com\/pt\/wp-json\/wp\/v2\/posts"}],"about":[{"href":"https:\/\/tvbrazilusa.com\/pt\/wp-json\/wp\/v2\/types\/post"}],"author":[{"embeddable":true,"href":"https:\/\/tvbrazilusa.com\/pt\/wp-json\/wp\/v2\/users\/1"}],"replies":[{"embeddable":true,"href":"https:\/\/tvbrazilusa.com\/pt\/wp-json\/wp\/v2\/comments?post=17230"}],"version-history":[{"count":1,"href":"https:\/\/tvbrazilusa.com\/pt\/wp-json\/wp\/v2\/posts\/17230\/revisions"}],"predecessor-version":[{"id":17232,"href":"https:\/\/tvbrazilusa.com\/pt\/wp-json\/wp\/v2\/posts\/17230\/revisions\/17232"}],"wp:featuredmedia":[{"embeddable":true,"href":"https:\/\/tvbrazilusa.com\/pt\/wp-json\/wp\/v2\/media\/17231"}],"wp:attachment":[{"href":"https:\/\/tvbrazilusa.com\/pt\/wp-json\/wp\/v2\/media?parent=17230"}],"wp:term":[{"taxonomy":"category","embeddable":true,"href":"https:\/\/tvbrazilusa.com\/pt\/wp-json\/wp\/v2\/categories?post=17230"},{"taxonomy":"post_tag","embeddable":true,"href":"https:\/\/tvbrazilusa.com\/pt\/wp-json\/wp\/v2\/tags?post=17230"}],"curies":[{"name":"wp","href":"https:\/\/api.w.org\/{rel}","templated":true}]}}