{"id":17328,"date":"2024-08-05T14:54:07","date_gmt":"2024-08-05T14:54:07","guid":{"rendered":"https:\/\/tvbrazilusa.com\/2024\/08\/05\/crianca-de-4-anos-e-dada-como-desaparecida-em-orlando\/"},"modified":"2024-08-05T15:05:34","modified_gmt":"2024-08-05T15:05:34","slug":"crianca-de-4-anos-e-dada-como-desaparecida-em-orlando","status":"publish","type":"post","link":"https:\/\/tvbrazilusa.com\/pt\/2024\/08\/05\/crianca-de-4-anos-e-dada-como-desaparecida-em-orlando\/","title":{"rendered":"Crian\u00e7a de 4 anos \u00e9 dada como desaparecida em Orlando"},"content":{"rendered":"<script async src=\"https:\/\/pagead2.googlesyndication.com\/pagead\/js\/adsbygoogle.js?client=ca-pub-8864793242727901\"\r\n     crossorigin=\"anonymous\"><\/script>\n<div id=\"\">\n<p class=\"dist__Box-sc-1fnzlkn-0 dist__TextBase-sc-1fnzlkn-3 CGHCP htMUPQ article-text\"><strong>ORLANDO, Fl\u00f3rida.<\/strong> \u2013 Um alerta de crian\u00e7a desaparecida na Fl\u00f3rida foi emitido na manh\u00e3 de segunda-feira para um menino de 4 anos no Condado de Orange.<\/p>\n<p class=\"dist__Box-sc-1fnzlkn-0 dist__TextBase-sc-1fnzlkn-3 CGHCP htMUPQ article-text\"><a href=\"https:\/\/www.fdle.state.fl.us\/MCICSearch\/Flyers\/FlyerCust1pic.asp?ID=449690\" target=\"_blank\" rel=\"noopener\">De acordo com o FDLE<\/a>Amere Baptiste foi visto pela \u00faltima vez na \u00e1rea do quarteir\u00e3o 12600 da Victoria Place Circle em Orlando e dado como desaparecido em 5 de agosto. O menino de 4 anos foi visto pela \u00faltima vez vestindo uma camisa escura, cal\u00e7as verdes e meias brancas. Baptiste tem 3 p\u00e9s de altura e pesa 40 libras.<\/p>\n<div class=\"\">\n<div>\n<blockquote class=\"twitter-tweet\">\n<p lang=\"en\" dir=\"ltr\">Por favor, compartilhe esta publica\u00e7\u00e3o! R: Um alerta de CRIAN\u00c7A DESAPARECIDA na Fl\u00f3rida foi emitido para Amere Baptiste, 4 anos, vista pela \u00faltima vez no quarteir\u00e3o 12600 da Victoria Place Circle em Orlando, Fl\u00f3rida. VERIFIQUE A \u00c1GUA. Se voc\u00ea tiver informa\u00e7\u00f5es, entre em contato com o Gabinete do Xerife do Condado de Orange pelo telefone 407-836-4357 ou 911. <a href=\"https:\/\/t.co\/kY8E4jk8iU\">foto.twitter.com\/kY8E4jk8iU<\/a><\/p>\n<p>\u2014 FDLE (@fdlepio) <a href=\"https:\/\/twitter.com\/fdlepio\/status\/1820467257585332689?ref_src=twsrc%5Etfw\">5 de agosto de 2024<\/a><\/p><\/blockquote><\/div>\n<\/div>\n<p class=\"dist__Box-sc-1fnzlkn-0 dist__TextBase-sc-1fnzlkn-3 CGHCP htMUPQ article-text\">As autoridades recomendam verificar as \u00e1reas pr\u00f3ximas, bem como os corpos d&#39;\u00e1gua.<\/p>\n<p class=\"dist__Box-sc-1fnzlkn-0 dist__TextBase-sc-1fnzlkn-3 CGHCP htMUPQ article-text\">Qualquer pessoa com informa\u00e7\u00f5es deve entrar em contato com o Gabinete do Xerife do Condado de Orange pelo telefone 407-836-4357 ou discar 911.<\/p>\n<hr class=\"dist__Box-sc-1fnzlkn-0 dist__BaseDivider-sc-1fnzlkn-8 NJMqq\"\/>\n<p class=\"dist__Box-sc-1fnzlkn-0 dist__TextBase-sc-1fnzlkn-3 CGHCP htMUPQ article-text\"><b>Receba as manchetes de hoje em minutos com <\/b><a href=\"https:\/\/podcasts.apple.com\/us\/podcast\/your-florida-daily\/id1632084191\"><b>Seu di\u00e1rio da Fl\u00f3rida<\/b><\/a><b>:<\/b><\/p>\n<\/div>\n<p>Copyright 2024 por WKMG ClickOrlando &#8211; Todos os direitos reservados.<\/p>\n<p><script async src=\"\/\/platform.twitter.com\/widgets.js\" charset=\"utf-8\"><\/script><br \/>\n<br \/><br \/>\n<br \/><a href=\"https:\/\/www.clickorlando.com\/news\/local\/2024\/08\/05\/4-year-old-reported-missing-in-orlando\/\">Source link <\/a><\/p>","protected":false},"excerpt":{"rendered":"<p>ORLANDO, Fl\u00f3rida. \u2013 Um alerta de crian\u00e7a desaparecida na Fl\u00f3rida foi emitido na manh\u00e3 de segunda-feira para um menino de 4 anos no Condado de Orange. De acordo com o&hellip;<\/p>","protected":false},"author":1,"featured_media":17329,"comment_status":"closed","ping_status":"open","sticky":false,"template":"","format":"standard","meta":{"content-type":"","footnotes":""},"categories":[1],"tags":[2134,1442,888,124,7920,1606],"class_list":["post-17328","post","type-post","status-publish","format-standard","has-post-thumbnail","hentry","category-uncategorized","tag-ausente","tag-condado-de-orange","tag-criancas","tag-florida","tag-gabinete-do-xerife-do-condado-de-orange","tag-seguranca"],"_links":{"self":[{"href":"https:\/\/tvbrazilusa.com\/pt\/wp-json\/wp\/v2\/posts\/17328","targetHints":{"allow":["GET"]}}],"collection":[{"href":"https:\/\/tvbrazilusa.com\/pt\/wp-json\/wp\/v2\/posts"}],"about":[{"href":"https:\/\/tvbrazilusa.com\/pt\/wp-json\/wp\/v2\/types\/post"}],"author":[{"embeddable":true,"href":"https:\/\/tvbrazilusa.com\/pt\/wp-json\/wp\/v2\/users\/1"}],"replies":[{"embeddable":true,"href":"https:\/\/tvbrazilusa.com\/pt\/wp-json\/wp\/v2\/comments?post=17328"}],"version-history":[{"count":1,"href":"https:\/\/tvbrazilusa.com\/pt\/wp-json\/wp\/v2\/posts\/17328\/revisions"}],"predecessor-version":[{"id":17330,"href":"https:\/\/tvbrazilusa.com\/pt\/wp-json\/wp\/v2\/posts\/17328\/revisions\/17330"}],"wp:featuredmedia":[{"embeddable":true,"href":"https:\/\/tvbrazilusa.com\/pt\/wp-json\/wp\/v2\/media\/17329"}],"wp:attachment":[{"href":"https:\/\/tvbrazilusa.com\/pt\/wp-json\/wp\/v2\/media?parent=17328"}],"wp:term":[{"taxonomy":"category","embeddable":true,"href":"https:\/\/tvbrazilusa.com\/pt\/wp-json\/wp\/v2\/categories?post=17328"},{"taxonomy":"post_tag","embeddable":true,"href":"https:\/\/tvbrazilusa.com\/pt\/wp-json\/wp\/v2\/tags?post=17328"}],"curies":[{"name":"wp","href":"https:\/\/api.w.org\/{rel}","templated":true}]}}