{"id":17344,"date":"2024-08-05T15:21:52","date_gmt":"2024-08-05T15:21:52","guid":{"rendered":"https:\/\/tvbrazilusa.com\/2024\/08\/05\/imagens-mostram-chegada-do-furacao-debby-a-florida-com-fortes-ventos-de-ate-130-km-h-veja-video\/"},"modified":"2024-08-05T15:33:54","modified_gmt":"2024-08-05T15:33:54","slug":"imagens-mostram-chegada-do-furacao-debby-a-florida-com-fortes-ventos-de-ate-130-km-h-veja-video","status":"publish","type":"post","link":"https:\/\/tvbrazilusa.com\/pt\/2024\/08\/05\/imagens-mostram-chegada-do-furacao-debby-a-florida-com-fortes-ventos-de-ate-130-km-h-veja-video\/","title":{"rendered":"Imagens mostram chegada do furac\u00e3o Debby \u00e0 Fl\u00f3rida com fortes ventos de at\u00e9 130 km\/h; VEJA V\u00cdDEO"},"content":{"rendered":"<p> <script async src=\"https:\/\/pagead2.googlesyndication.com\/pagead\/js\/adsbygoogle.js?client=ca-pub-8864793242727901\"\r\n     crossorigin=\"anonymous\"><\/script><br \/>\n<\/p>\n<div>\n<p>A tempestade tropical Debby, que ganhou for\u00e7a e se tornou um furac\u00e3o de categoria 1, chegou \u00e0 costa da Fl\u00f3rida, tocando o solo em Steinhatchee na manh\u00e3 desta segunda-feira (5). Com menos de 1 mil habitantes, a pequena cidade sentiu os impactos iniciais de ventos de at\u00e9 130 km\/h, de acordo com o Centro Nacional de Furac\u00f5es (NHC) em Miami.<\/p>\n<p>Os efeitos da tempestade n\u00e3o se limitaram \u00e0 Fl\u00f3rida. Chuvas \u201cpotencialmente hist\u00f3ricas\u201d s\u00e3o previstas, com precipita\u00e7\u00f5es entre 25 e 50 cm, ocasionando alagamentos graves na Ge\u00f3rgia e Carolina do Sul. O NHC menciona que at\u00e9 214 mil clientes na Fl\u00f3rida ficaram sem energia el\u00e9trica na manh\u00e3 de segunda-feira, segundo o PowerOutage.com.<\/p>\n<blockquote class=\"twitter-tweet\" data-media-max-width=\"560\">\n<p lang=\"en\" dir=\"ltr\">Heavy flood due to tropical Storm Debby in Fort Myers Beach of Florida, US \ud83c\uddfa\ud83c\uddf8 (04.08.2024)<\/p>\n<p>Disaster_News <a href=\"https:\/\/t.co\/eohcqgOM6F\">pic.twitter.com\/eohcqgOM6F<\/a><\/p>\n<p>\u2014 Jack Straw (@JackStr42679640) <a href=\"https:\/\/twitter.com\/JackStr42679640\/status\/1820460115063169251?ref_src=twsrc%5Etfw\">August 5, 2024<\/a><\/p><\/blockquote>\n<h2 class=\"wp-block-heading\">Furac\u00e3o Debby: Impactos Imediatos e Amea\u00e7as Futuras<\/h2>\n<p>O impacto de Debby levou o governador da Fl\u00f3rida, Ron DeSantis, a convocar 3 mil membros da guarda nacional americana. A maioria das cidades e condados do estado tamb\u00e9m foi colocada em situa\u00e7\u00e3o de emerg\u00eancia. Esse tipo de medida visa proteger os cidad\u00e3os e preparar o estado para responder rapidamente a qualquer necessidade.<\/p>\n<p>Evacua\u00e7\u00f5es obrigat\u00f3rias foram ordenadas em partes dos condados de Citrus, Dixie, Franklin, Levy e Wakulla, \u00e1reas situadas na Costa do Golfo. Os governadores da Ge\u00f3rgia e Carolina do Sul tamb\u00e9m declararam estado de emerg\u00eancia antes da chegada da tempestade.<\/p>\n<h2 class=\"wp-block-heading\">Quais S\u00e3o os Impactos Esperados do Furac\u00e3o?<\/h2>\n<figure class=\"wp-block-image size-full\"><picture decoding=\"async\" class=\"wp-image-168082\"><source type=\"image\/webp\" srcset=\"https:\/\/terrabrasilnoticias.com\/wp-content\/uploads\/2024\/08\/image-211.png.webp 600w, https:\/\/terrabrasilnoticias.com\/wp-content\/uploads\/2024\/08\/image-211-300x200.png.webp 300w\" sizes=\"(max-width: 600px) 100vw, 600px\"\/><\/picture><figcaption class=\"wp-element-caption\">Ventos da tempestade tropical Debby j\u00e1 causaram estragos no domingo (4) \u2014 Foto: Christopher O\u2019Meara\/AP Photo<\/figcaption><\/figure>\n<p>Michel Brennan, diretor do Centro Nacional de Furac\u00f5es, alerta que os impactos das chuvas associadas a Debby podem ser devastadores. \u201cExiste uma previs\u00e3o incr\u00edvel de chuva, mas incr\u00edvel no mau sentido,\u201d afirmou Brennan. Ele destacou que seriam chuvas recordes associadas a um ciclone tropical nos estados da Ge\u00f3rgia e Carolina do Sul, se atingirmos o n\u00edvel de 75 cm.<\/p>\n<ul class=\"wp-block-list\">\n<li>Chuvas entre 25 a 50 cm nas regi\u00f5es afetadas.<\/li>\n<li>Possibilidade de alagamentos graves.<\/li>\n<li>Cortes de energia el\u00e9trica devido a tempestades intensas.<\/li>\n<\/ul>\n<h2 class=\"wp-block-heading\">Como a Tempestade Debby se Compara com Outras Tempestades Recentes?<\/h2>\n<p>No domingo (4), os extremos da tempestade Debby j\u00e1 haviam atingido a costa oeste da Fl\u00f3rida, alagando ruas e causando quedas de energia. DeSantis comparou a situa\u00e7\u00e3o \u00e0 do furac\u00e3o Idalia de 2023, mas ressaltou que agora h\u00e1 muito mais \u00e1gua envolvida.<\/p>\n<p>Debby \u00e9 a quarta tempestade tropical da temporada de furac\u00f5es no Atl\u00e2ntico em 2024, precedida pelas tempestades Alberto, Chris e o furac\u00e3o Beryl, todos ocorridos em junho.<\/p>\n<p><strong>Outras Tempestades de 2024:<\/strong><\/p>\n<ol class=\"wp-block-list\">\n<li>Alberto<\/li>\n<li>Chris<\/li>\n<li>Beryl<\/li>\n<\/ol><\/div>\n<p><script async src=\"\/\/platform.twitter.com\/widgets.js\" charset=\"utf-8\"><\/script><br \/>\n<br \/><br \/>\n<br \/><a href=\"https:\/\/terrabrasilnoticias.com\/2024\/08\/imagens-mostram-chegada-do-furacao-debby-a-florida-com-fortes-ventos-de-ate-130-km-h-veja-video\/\">Source link <\/a><\/p>","protected":false},"excerpt":{"rendered":"<p>A tempestade tropical Debby, que ganhou for\u00e7a e se tornou um furac\u00e3o de categoria 1, chegou \u00e0 costa da Fl\u00f3rida, tocando o solo em Steinhatchee na manh\u00e3 desta segunda-feira (5).&hellip;<\/p>","protected":false},"author":1,"featured_media":17345,"comment_status":"closed","ping_status":"open","sticky":false,"template":"","format":"standard","meta":{"content-type":"","footnotes":""},"categories":[16],"tags":[],"class_list":["post-17344","post","type-post","status-publish","format-standard","has-post-thumbnail","hentry","category-noticias"],"_links":{"self":[{"href":"https:\/\/tvbrazilusa.com\/pt\/wp-json\/wp\/v2\/posts\/17344","targetHints":{"allow":["GET"]}}],"collection":[{"href":"https:\/\/tvbrazilusa.com\/pt\/wp-json\/wp\/v2\/posts"}],"about":[{"href":"https:\/\/tvbrazilusa.com\/pt\/wp-json\/wp\/v2\/types\/post"}],"author":[{"embeddable":true,"href":"https:\/\/tvbrazilusa.com\/pt\/wp-json\/wp\/v2\/users\/1"}],"replies":[{"embeddable":true,"href":"https:\/\/tvbrazilusa.com\/pt\/wp-json\/wp\/v2\/comments?post=17344"}],"version-history":[{"count":1,"href":"https:\/\/tvbrazilusa.com\/pt\/wp-json\/wp\/v2\/posts\/17344\/revisions"}],"predecessor-version":[{"id":17346,"href":"https:\/\/tvbrazilusa.com\/pt\/wp-json\/wp\/v2\/posts\/17344\/revisions\/17346"}],"wp:featuredmedia":[{"embeddable":true,"href":"https:\/\/tvbrazilusa.com\/pt\/wp-json\/wp\/v2\/media\/17345"}],"wp:attachment":[{"href":"https:\/\/tvbrazilusa.com\/pt\/wp-json\/wp\/v2\/media?parent=17344"}],"wp:term":[{"taxonomy":"category","embeddable":true,"href":"https:\/\/tvbrazilusa.com\/pt\/wp-json\/wp\/v2\/categories?post=17344"},{"taxonomy":"post_tag","embeddable":true,"href":"https:\/\/tvbrazilusa.com\/pt\/wp-json\/wp\/v2\/tags?post=17344"}],"curies":[{"name":"wp","href":"https:\/\/api.w.org\/{rel}","templated":true}]}}