{"id":17350,"date":"2024-08-05T15:34:56","date_gmt":"2024-08-05T15:34:56","guid":{"rendered":"https:\/\/tvbrazilusa.com\/2024\/08\/05\/1-deputado-morto-e-2-feridos-em-tiroteio-de-emboscada-na-florida-diz-xerife-wsvn-7news-noticias-de-miami-clima-esportes-fort-lauderdale\/"},"modified":"2024-08-05T15:38:18","modified_gmt":"2024-08-05T15:38:18","slug":"1-deputado-morto-e-2-feridos-em-tiroteio-de-emboscada-na-florida-diz-xerife-wsvn-7news-noticias-de-miami-clima-esportes-fort-lauderdale","status":"publish","type":"post","link":"https:\/\/tvbrazilusa.com\/pt\/2024\/08\/05\/1-deputado-morto-e-2-feridos-em-tiroteio-de-emboscada-na-florida-diz-xerife-wsvn-7news-noticias-de-miami-clima-esportes-fort-lauderdale\/","title":{"rendered":"1 deputado morto e 2 feridos em tiroteio de &#39;emboscada&#39; na Fl\u00f3rida, diz xerife &#8211; WSVN 7News | Not\u00edcias de Miami, Clima, Esportes | Fort Lauderdale"},"content":{"rendered":"<p> <script async src=\"https:\/\/pagead2.googlesyndication.com\/pagead\/js\/adsbygoogle.js?client=ca-pub-8864793242727901\"\r\n     crossorigin=\"anonymous\"><\/script><br \/>\n<\/p>\n<div itemprop=\"articleBody\">\n<p>(CNN) \u2014 Um policial da Fl\u00f3rida Central foi morto e outros dois ficaram feridos quando foram &#8220;emboscados&#8221; ap\u00f3s responder a uma confus\u00e3o na sexta-feira \u00e0 noite, disse o xerife do Condado de Lake, Peyton Grinnell.<\/p>\n<p>O tiroteio aconteceu em uma casa em Eustis, cerca de 64 quil\u00f4metros ao norte de Orlando, por volta das 20h, disse Grinnell.<\/p>\n<p>\u201cFomos a uma confus\u00e3o em uma casa \u2013 o chamado inicial era para uma confus\u00e3o \u2013 e ent\u00e3o, enquanto est\u00e1vamos na cena, algu\u00e9m na cena disse aos policiais que eles precisavam ir para a outra casa, que era l\u00e1 que estava acontecendo um problema\u201d, disse Grinnell em uma entrevista coletiva no in\u00edcio do s\u00e1bado.<\/p>\n<p>Os policiais do Condado de Lake chegaram \u00e0 outra casa e encontraram a porta dos fundos arrombada e &#8220;alguma como\u00e7\u00e3o&#8221; acontecendo l\u00e1 dentro, disse o xerife.<\/p>\n<p>\u201cEles foram recebidos com muitos tiros\u201d, disse Grinnell. O primeiro policial que entrou na casa ficou ferido e preso l\u00e1 dentro, enquanto outro policial conseguiu sair.<\/p>\n<p>Outros policiais responderam e, quando foram resgatar o policial preso, foram novamente recebidos a tiros e outro policial foi atingido, disse o xerife.<\/p>\n<p>Dois dos policiais que responderam ao chamado sofreram ferimentos \u00e0 bala, e o policial que ficou preso dentro da casa morreu mais tarde devido aos ferimentos \u00e0 bala, de acordo com Grinnell.<\/p>\n<p>O policial morto foi identificado como o xerife-chefe Bradley Michael Link, de 28 anos, de acordo com o tenente do xerife do Condado de Lake, John Herrell.<\/p>\n<p>Herrell descreveu Link como um \u201cbom deputado\u201d e ficou emocionado ao falar sobre ele durante uma entrevista coletiva no s\u00e1bado.<\/p>\n<p>\u201cO delegado Link nem deveria estar l\u00e1\u201d, ele disse. \u201cEle nem fazia parte da unidade de patrulha rodovi\u00e1ria. Ele ouviu o chamado, foi l\u00e1 para ajudar.\u201d<\/p>\n<p>Link era um veterano de cinco anos, tendo ingressado no gabinete do xerife em 2019. \u201cBrad, como a fam\u00edlia do Gabinete do Xerife o conhecia, tocou a vida de todos que tiveram a sorte de trabalhar com ele; suas contribui\u00e7\u00f5es e o impacto dessa perda n\u00e3o ser\u00e3o esquecidos t\u00e3o cedo\u201d, disse o gabinete do xerife.<\/p>\n<p>Todos os tr\u00eas suspeitos do tiroteio tamb\u00e9m foram mortos, disse Herrell. Nenhuma causa oficial da morte foi determinada, no entanto, o gabinete do xerife disse que seus ferimentos de bala parecem ter sido autoinfligidos.<\/p>\n<p>Herrell tamb\u00e9m observou que pelo menos sete policiais revidaram durante o incidente, mas \u201cn\u00e3o h\u00e1 ind\u00edcios de que [the suspects] foram atingidos por qualquer fogo de retorno de nossos delegados.\u201d<\/p>\n<p>Herrell disse que a \u201cmoradia estilo bunker\u201d onde o tiroteio ocorreu estava estocada com armas de fogo, muni\u00e7\u00e3o, alimentos enlatados e alimentos n\u00e3o perec\u00edveis. Tamb\u00e9m havia \u201cmuita literatura sugerindo que eles eram pessoas com inclina\u00e7\u00e3o muito antigovernamental\u201d, disse Herrell.<\/p>\n<p>Uma unidade de fiscaliza\u00e7\u00e3o de animais j\u00e1 esteve na casa no passado, mas &#8220;at\u00e9 agora, n\u00e3o mostramos nenhum crime violento&#8221;, disse o xerife.<\/p>\n<p>Grinnell observou que esta foi a primeira morte de um policial na comunidade desde fevereiro de 2005 e disse que o Departamento de Pol\u00edcia da Fl\u00f3rida est\u00e1 investigando o incidente.<\/p>\n<p><em>The-CNN-Wire\u2122 &#038; \u00a9 2024 Cable News Network, Inc., uma empresa Time Warner. Todos os direitos reservados.<\/em><\/p>\n<div class=\"wp-block-newsletter\">\n\t<strong class=\"wp-block-newsletter__title\">Inscreva-se em nossa Newsletter para receber as \u00faltimas not\u00edcias diretamente na sua caixa de entrada<\/strong><\/p>\n<\/div><\/div>\n<p><br \/>\n<br \/><a href=\"https:\/\/wsvn.com\/news\/local\/florida\/1-deputy-killed-and-2-injured-in-ambush-shooting-in-florida-sheriff-says\/\">Source link <\/a><\/p>","protected":false},"excerpt":{"rendered":"<p>(CNN) \u2014 Um policial da Fl\u00f3rida Central foi morto e outros dois ficaram feridos quando foram &#8220;emboscados&#8221; ap\u00f3s responder a uma confus\u00e3o na sexta-feira \u00e0 noite, disse o xerife do&hellip;<\/p>","protected":false},"author":1,"featured_media":17351,"comment_status":"closed","ping_status":"open","sticky":false,"template":"","format":"standard","meta":{"content-type":"","footnotes":""},"categories":[1],"tags":[],"class_list":["post-17350","post","type-post","status-publish","format-standard","has-post-thumbnail","hentry","category-uncategorized"],"_links":{"self":[{"href":"https:\/\/tvbrazilusa.com\/pt\/wp-json\/wp\/v2\/posts\/17350","targetHints":{"allow":["GET"]}}],"collection":[{"href":"https:\/\/tvbrazilusa.com\/pt\/wp-json\/wp\/v2\/posts"}],"about":[{"href":"https:\/\/tvbrazilusa.com\/pt\/wp-json\/wp\/v2\/types\/post"}],"author":[{"embeddable":true,"href":"https:\/\/tvbrazilusa.com\/pt\/wp-json\/wp\/v2\/users\/1"}],"replies":[{"embeddable":true,"href":"https:\/\/tvbrazilusa.com\/pt\/wp-json\/wp\/v2\/comments?post=17350"}],"version-history":[{"count":1,"href":"https:\/\/tvbrazilusa.com\/pt\/wp-json\/wp\/v2\/posts\/17350\/revisions"}],"predecessor-version":[{"id":17352,"href":"https:\/\/tvbrazilusa.com\/pt\/wp-json\/wp\/v2\/posts\/17350\/revisions\/17352"}],"wp:featuredmedia":[{"embeddable":true,"href":"https:\/\/tvbrazilusa.com\/pt\/wp-json\/wp\/v2\/media\/17351"}],"wp:attachment":[{"href":"https:\/\/tvbrazilusa.com\/pt\/wp-json\/wp\/v2\/media?parent=17350"}],"wp:term":[{"taxonomy":"category","embeddable":true,"href":"https:\/\/tvbrazilusa.com\/pt\/wp-json\/wp\/v2\/categories?post=17350"},{"taxonomy":"post_tag","embeddable":true,"href":"https:\/\/tvbrazilusa.com\/pt\/wp-json\/wp\/v2\/tags?post=17350"}],"curies":[{"name":"wp","href":"https:\/\/api.w.org\/{rel}","templated":true}]}}