{"id":17355,"date":"2024-08-05T15:45:45","date_gmt":"2024-08-05T15:45:45","guid":{"rendered":"https:\/\/tvbrazilusa.com\/2024\/08\/05\/ex-chefes-de-estado-pedem-a-lula-condenacao-da-fraude-do-ditador-maduro-paulo-figueiredo\/"},"modified":"2024-08-05T15:46:19","modified_gmt":"2024-08-05T15:46:19","slug":"ex-chefes-de-estado-pedem-a-lula-condenacao-da-fraude-do-ditador-maduro-paulo-figueiredo","status":"publish","type":"post","link":"https:\/\/tvbrazilusa.com\/pt\/2024\/08\/05\/ex-chefes-de-estado-pedem-a-lula-condenacao-da-fraude-do-ditador-maduro-paulo-figueiredo\/","title":{"rendered":"Ex-chefes de Estado pedem a Lula condena\u00e7\u00e3o da fraude do Ditador Maduro &#8211; Paulo Figueiredo"},"content":{"rendered":"<p> <script async src=\"https:\/\/pagead2.googlesyndication.com\/pagead\/js\/adsbygoogle.js?client=ca-pub-8864793242727901\"\r\n     crossorigin=\"anonymous\"><\/script><br \/>\n<\/p>\n<div id=\"wtr-content\" data-bg=\"#FFFFFF\" data-fg=\"#006d91\" data-width=\"25\" data-mute=\"1\" data-fgopacity=\"1.00\" data-mutedopacity=\"0.5\" data-placement=\"bottom\" data-placement-offset=\"0\" data-content-offset=\"262\" data-placement-touch=\"bottom\" data-placement-offset-touch=\"0\" data-transparent=\"\" data-shadow=\"0\" data-touch=\"1\" data-non-touch=\"1\" data-comments=\"0\" data-commentsbg=\"transparent\" data-location=\"page\" data-mutedfg=\"#006d91\" data-endfg=\"#006d91\" data-rtl=\"\">\n<pre class=\"wp-block-preformatted has-small-font-size\">Foto - Divulga\u00e7\u00e3o\/IDEA<\/pre>\n<h3 class=\"wp-block-heading\">Grupo IDEA divulgou carta pedindo a Lula maior firmeza na defesa da democracia e condena\u00e7\u00e3o da fraude eleitoral de Maduro na Venezuela<\/h3>\n<p>O grupo Iniciativa Democr\u00e1tica da Espanha e das Am\u00e9ricas (IDEA)\u00a0divulgou uma carta nesta segunda-feira (5), assinada por 30 ex-chefes de Estado e de Governo, pedindo ao presidente do Brasil, Luiz In\u00e1cio Lula da Silva (PT), que adote uma postura mais clara e firme em defesa da democracia, condenando abertamente a fraude eleitoral perpetrada por Nicol\u00e1s Maduro na Venezuela.<\/p>\n<p>\u201cExortamos a Luiz In\u00e1cio Lula da Silva, Presidente da Rep\u00fablica Federativa do Brasil, a reafirmar seu inquestion\u00e1vel compromisso com a democracia e a liberdade, as mesmas de que gozam seu povo, e a faz\u00ea-la prevalecer tamb\u00e9m na Venezuela\u201d, diz um trecho do documento.<\/p>\n<p>Na carta, os signat\u00e1rios criticam duramente a perpetua\u00e7\u00e3o de Maduro no poder, acusando-o de usurpar a soberania popular em conluio com os poderes do Estado, que \u201cest\u00e3o sob seu controle e a seu servi\u00e7o\u201d. Essa situa\u00e7\u00e3o, conforme expresso na carta, revela um desprezo de Maduro \u201cpela verdade eleitoral\u201d, com o objetivo de manter-se no poder por meio de uma \u201cpol\u00edtica repressiva e de viola\u00e7\u00e3o sistem\u00e1tica dos direitos humanos dos venezuelanos\u201d.<\/p>\n<p>A mensagem dos ex-chefes de Estado enfatiza que a situa\u00e7\u00e3o na Venezuela \u00e9 \u201cum esc\u00e2ndalo de conhecimento geral entre os governos americanos e europeus\u201d. Eles alertam que aceitar esse precedente pode comprometer \u201cmortalmente\u201d os esfor\u00e7os feitos nas Am\u00e9ricas para defender a democracia, o Estado de direito e os direitos humanos.<\/p>\n<p>No documento, os l\u00edderes pedem para que o presidente se posicione a favor dos venezuelanos que resistem pacificamente contra o regime de Maduro.<\/p>\n<p>Al\u00e9m disso, o texto menciona que os venezuelanos t\u00eam o direito de realizar uma transi\u00e7\u00e3o democr\u00e1tica e cita a l\u00edder de oposi\u00e7\u00e3o Mar\u00eda Corina Machado como uma das principais figuras na luta por essa mudan\u00e7a, junto com Edmundo Gonz\u00e1lez Urrutia, que, segundo os relat\u00f3rios eleitorais divulgados pela oposi\u00e7\u00e3o, foi o verdadeiro vencedor da elei\u00e7\u00e3o.<\/p>\n<p>\u201cN\u00e3o exigimos nada diferente do que o pr\u00f3prio presidente Lula da Silva preserva em seu pa\u00eds. Esta mensagem que estamos enviando, em ess\u00eancia, nos coloca como porta-vozes dos sentimentos da maioria decisiva dos venezuelanos que hoje veem seus compatriotas, que lutaram ao seu lado, sofrendo pris\u00f5es, torturas, desaparecimentos e at\u00e9 mesmo a perda da vida. Eles est\u00e3o protestando em defesa de seu voto, est\u00e3o resistindo pacificamente, guiados por Mar\u00eda Corina Machado e por quem, como demonstram os relat\u00f3rios eleitorais que s\u00e3o de conhecimento p\u00fablico e foram coletados pelas testemunhas na se\u00e7\u00e3o eleitoral, foi eleito presidente, Edmundo Gonz\u00e1lez Urrutia. A Venezuela tem o direito de fazer uma transi\u00e7\u00e3o para a democracia\u201d, conclui o texto.<\/p>\n<p>A carta foi assinada por:<\/p>\n<ul class=\"wp-block-list\">\n<li>Mario Abdo,do Paraguai.<\/li>\n<li>\u00d3scar Arias S., da Costa Rica.<\/li>\n<li>Jos\u00e9 Mar\u00eda Aznar, da Espanha.<\/li>\n<li>Nicol\u00e1s Ardito Barletta, do Panam\u00e1.<\/li>\n<li>Felipe Calder\u00f3n, do M\u00e9xico.<\/li>\n<li>Rafael \u00c1ngel Calder\u00f3n, da Costa Rica.<\/li>\n<li>Laura Chinchilla, da Costa Rica.<\/li>\n<li>Alfredo Cristiani, de El Salvador.<\/li>\n<li>Iv\u00e1n Duque M., da Col\u00f4mbia.<\/li>\n<li>Jos\u00e9 Mar\u00eda Figueres, da Costa Rica.<\/li>\n<li>Vicente Fox, do M\u00e9xico.<\/li>\n<li>Federico Franco, do Paraguai.<\/li>\n<li>Eduardo Frei Ruiz-Tagle, do Chile.<\/li>\n<li>Osvaldo Hurtado, do Equador.<\/li>\n<li>Luis Alberto Lacalle H., do Uruguai.<\/li>\n<li>Guillermo Lasso, do Equador.<\/li>\n<li>Mauricio Macri, da Argentina<\/li>\n<li>Jamil Mahuad, do Equador.<\/li>\n<li>Hip\u00f3lito Mej\u00eda, da Rep\u00fablica Dominicana.<\/li>\n<li>Carlos Mesa G., da Bol\u00edvia.<\/li>\n<li>Lenin Moreno, do Equador.<\/li>\n<li>Mireya Moscoso, do Panam\u00e1.<\/li>\n<li>Andr\u00e9s Pastrana, da Col\u00f4mbia.<\/li>\n<li>Ernesto P\u00e9rez Balladares, do Panam\u00e1.<\/li>\n<li>Jorge Tuto Quiroga, da Bol\u00edvia.<\/li>\n<li>Mariano Rajoy, da Espanha.<\/li>\n<li>Miguel \u00c1ngel Rodr\u00edguez, da Costa Rica.<\/li>\n<li>Luis Guillermo Sol\u00eds R., da Costa Rica.<\/li>\n<li>\u00c1lvaro Uribe V., da Col\u00f4mbia.<\/li>\n<li>Juan Carlos Wasmosy, do Paraguai.<\/li>\n<\/ul>\n<p>Segue Documento na \u00edntegra:<\/p>\n<p><strong><a href=\"https:\/\/www.gazetadopovo.com.br\/mundo\/ex-chefes-de-estado-pedem-a-lula-condenacao-da-fraude-de-maduro\/\">Source link<\/a><\/strong><\/p>\n<\/div>\n<p><br \/>\n<br \/><a href=\"https:\/\/paulofigueiredoshow.com\/ex-chefes-de-estado-pedem-a-lula-condenacao-da-fraude-do-ditador-maduro\/\">Source link <\/a><\/p>","protected":false},"excerpt":{"rendered":"<p>Foto &#8211; Divulga\u00e7\u00e3o\/IDEA Grupo IDEA divulgou carta pedindo a Lula maior firmeza na defesa da democracia e condena\u00e7\u00e3o da fraude eleitoral de Maduro na Venezuela O grupo Iniciativa Democr\u00e1tica da&hellip;<\/p>","protected":false},"author":1,"featured_media":17356,"comment_status":"closed","ping_status":"open","sticky":false,"template":"","format":"standard","meta":{"content-type":"","footnotes":""},"categories":[16],"tags":[5281,1100,1408,678,336,5236,7930,89,1590],"class_list":["post-17355","post","type-post","status-publish","format-standard","has-post-thumbnail","hentry","category-noticias","tag-condenacao","tag-ditador","tag-eleicoes","tag-fraude","tag-governo","tag-grupo","tag-idea","tag-lula","tag-maduro"],"_links":{"self":[{"href":"https:\/\/tvbrazilusa.com\/pt\/wp-json\/wp\/v2\/posts\/17355","targetHints":{"allow":["GET"]}}],"collection":[{"href":"https:\/\/tvbrazilusa.com\/pt\/wp-json\/wp\/v2\/posts"}],"about":[{"href":"https:\/\/tvbrazilusa.com\/pt\/wp-json\/wp\/v2\/types\/post"}],"author":[{"embeddable":true,"href":"https:\/\/tvbrazilusa.com\/pt\/wp-json\/wp\/v2\/users\/1"}],"replies":[{"embeddable":true,"href":"https:\/\/tvbrazilusa.com\/pt\/wp-json\/wp\/v2\/comments?post=17355"}],"version-history":[{"count":1,"href":"https:\/\/tvbrazilusa.com\/pt\/wp-json\/wp\/v2\/posts\/17355\/revisions"}],"predecessor-version":[{"id":17357,"href":"https:\/\/tvbrazilusa.com\/pt\/wp-json\/wp\/v2\/posts\/17355\/revisions\/17357"}],"wp:featuredmedia":[{"embeddable":true,"href":"https:\/\/tvbrazilusa.com\/pt\/wp-json\/wp\/v2\/media\/17356"}],"wp:attachment":[{"href":"https:\/\/tvbrazilusa.com\/pt\/wp-json\/wp\/v2\/media?parent=17355"}],"wp:term":[{"taxonomy":"category","embeddable":true,"href":"https:\/\/tvbrazilusa.com\/pt\/wp-json\/wp\/v2\/categories?post=17355"},{"taxonomy":"post_tag","embeddable":true,"href":"https:\/\/tvbrazilusa.com\/pt\/wp-json\/wp\/v2\/tags?post=17355"}],"curies":[{"name":"wp","href":"https:\/\/api.w.org\/{rel}","templated":true}]}}